{"id":1264,"date":"2018-10-09T19:52:53","date_gmt":"2018-10-09T22:52:53","guid":{"rendered":"https:\/\/www.camaracg.pb.gov.br\/transparencia\/?p=1264"},"modified":"2023-01-25T11:04:00","modified_gmt":"2023-01-25T14:04:00","slug":"concurso","status":"publish","type":"post","link":"https:\/\/www.camaracg.pb.gov.br\/transparencia\/concurso\/","title":{"rendered":"Concurso"},"content":{"rendered":"<h2 id=\"tablepress-41-name\" class=\"tablepress-table-name tablepress-table-name-id-41\">Atualiza\u00e7\u00f5es<\/h2>\n\n<table id=\"tablepress-41\" class=\"tablepress tablepress-id-41\" aria-labelledby=\"tablepress-41-name\">\n<tbody class=\"row-striping row-hover\">\n<tr class=\"row-1\">\n\t<td class=\"column-1\">10\/04\/2023<\/td><td class=\"column-2\"><a href=\"https:\/\/www.camaracg.pb.gov.br\/transparencia\/wp-content\/uploads\/2023\/04\/CONVOCACAO-002-2023.pdf\" target=\"_blank\" rel=\"noopener noreferrer\">EDITAL DE CONVOCA\u00c7\u00c3O PARA NOMEA\u00c7\u00c3O E POSSE DO CONCURSO P\u00daBLICO<\/a><br \/>\n<br \/>\n<br \/>\n<\/td>\n<\/tr>\n<tr class=\"row-2\">\n\t<td class=\"column-1\"><\/td><td class=\"column-2\"><\/td>\n<\/tr>\n<tr class=\"row-3\">\n\t<td class=\"column-1\">24\/01\/2023<\/td><td class=\"column-2\"><a href=\"https:\/\/www.camaracg.pb.gov.br\/transparencia\/wp-content\/uploads\/2023\/01\/EDITAL-001-2023.pdf\" target=\"_blank\" rel=\"noopener noreferrer\">EDITAL DE CONVOCA\u00c7\u00c3O PARA NOMEA\u00c7\u00c3O E POSSE DO CONCURSO P\u00daBLICO<\/a><br \/>\n<br \/>\n<br \/>\n<\/td>\n<\/tr>\n<tr class=\"row-4\">\n\t<td class=\"column-1\"><\/td><td class=\"column-2\"><\/td>\n<\/tr>\n<tr class=\"row-5\">\n\t<td class=\"column-1\">28\/11\/2022<\/td><td class=\"column-2\"><a href=\"https:\/\/www.camaracg.pb.gov.br\/transparencia\/wp-content\/uploads\/2022\/11\/EDITAL-004-2022-28-DE-NOVEMBRO-DE-2022.pdf\" target=\"_blank\" rel=\"noopener noreferrer\">EDITAL DE CONVOCA\u00c7\u00c3O PARA NOMEA\u00c7\u00c3O E POSSE DO CONCURSO P\u00daBLICO<\/a><br \/>\n<br \/>\n<br \/>\n<\/td>\n<\/tr>\n<tr class=\"row-6\">\n\t<td class=\"column-1\"><\/td><td class=\"column-2\"><\/td>\n<\/tr>\n<tr class=\"row-7\">\n\t<td class=\"column-1\">19\/09\/2022<\/td><td class=\"column-2\"><a href=\"https:\/\/www.camaracg.pb.gov.br\/transparencia\/wp-content\/uploads\/2022\/09\/SEPARATA-DO-SEMANARIO-OFICIAL-19-DE-SETEMBRO-DE-2022.pdf\" target=\"_blank\" rel=\"noopener noreferrer\">EDITAL DE CONVOCA\u00c7\u00c3O PARA NOMEA\u00c7\u00c3O E POSSE DO CONCURSO P\u00daBLICO<\/a><br \/>\n<br \/>\n<br \/>\n<\/td>\n<\/tr>\n<tr class=\"row-8\">\n\t<td class=\"column-1\"><\/td><td class=\"column-2\"><\/td>\n<\/tr>\n<tr class=\"row-9\">\n\t<td class=\"column-1\">08\/08\/2022<\/td><td class=\"column-2\"><a href=\"https:\/\/www.camaracg.pb.gov.br\/transparencia\/wp-content\/uploads\/2022\/08\/SEPARATA-DO-SEMANARIO-OFICIAL-08-DE-AGOSTO-DE-2022.pdf\" target=\"_blank\" rel=\"noopener noreferrer\">EDITAL DE CONVOCA\u00c7\u00c3O PARA NOMEA\u00c7\u00c3O E POSSE DO CONCURSO P\u00daBLICO<\/a><br \/>\n<br \/>\n<br \/>\n<\/td>\n<\/tr>\n<tr class=\"row-10\">\n\t<td class=\"column-1\"><\/td><td class=\"column-2\"><\/td>\n<\/tr>\n<tr class=\"row-11\">\n\t<td class=\"column-1\">13\/06\/2022<\/td><td class=\"column-2\"><a href=\"https:\/\/www.camaracg.pb.gov.br\/transparencia\/wp-content\/uploads\/2022\/06\/SEPARATA-DO-SEMANARIO-OFICIAL-13-DE-JUNHO-DE-2022.pdf\" target=\"_blank\" rel=\"noopener noreferrer\">EDITAL DE CONVOCA\u00c7\u00c3O PARA NOMEA\u00c7\u00c3O E POSSE DO CONCURSO P\u00daBLICO<\/a><br \/>\n<br \/>\n<br \/>\n<\/td>\n<\/tr>\n<tr class=\"row-12\">\n\t<td class=\"column-1\"><\/td><td class=\"column-2\"><\/td>\n<\/tr>\n<tr class=\"row-13\">\n\t<td class=\"column-1\">14\/05\/2021<\/td><td class=\"column-2\"><a href=\"https:\/\/www.camaracg.pb.gov.br\/transparencia\/wp-content\/uploads\/2021\/05\/EDITAL-PRORROGACAO.pdf\" target=\"_blank\" rel=\"noopener noreferrer\">EDITAL DE PRORROGA\u00c7\u00c3O<\/a><\/td>\n<\/tr>\n<tr class=\"row-14\">\n\t<td class=\"column-1\"><\/td><td class=\"column-2\"><\/td>\n<\/tr>\n<tr class=\"row-15\">\n\t<td class=\"column-1\">28\/01\/2021<\/td><td class=\"column-2\"><a href=\"https:\/\/www.camaracg.pb.gov.br\/transparencia\/wp-content\/uploads\/2021\/01\/Edital-001-2021.pdf\" target=\"_blank\" rel=\"noopener noreferrer\">EDITAL DE CONVOCA\u00c7\u00c3O PARA NOMEA\u00c7\u00c3O E POSSE DO CONCURSO P\u00daBLICO<\/a><\/td>\n<\/tr>\n<tr class=\"row-16\">\n\t<td class=\"column-1\"><\/td><td class=\"column-2\"><\/td>\n<\/tr>\n<tr class=\"row-17\">\n\t<td class=\"column-1\">17\/12\/2020<\/td><td class=\"column-2\"><a href=\"https:\/\/www.camaracg.pb.gov.br\/transparencia\/wp-content\/uploads\/2020\/12\/Edital-004-2020.pdf\" target=\"_blank\" rel=\"noopener noreferrer\">EDITAL DE PRORROGA\u00c7\u00c3O PARA NOMEA\u00c7\u00c3O E POSSE DO CONCURSO  P\u00daBLICO<\/a><\/td>\n<\/tr>\n<tr class=\"row-18\">\n\t<td class=\"column-1\">09\/12\/2020<\/td><td class=\"column-2\"><a href=\"https:\/\/www.camaracg.pb.gov.br\/transparencia\/wp-content\/uploads\/2020\/12\/EDITAL-03-2020.pdf\" target=\"_blank\" rel=\"noopener noreferrer\">EDITAL DE CONVOCA\u00c7\u00c3O PARA NOMEA\u00c7\u00c3O E POSSE DO CONCURSO P\u00daBLICO<\/a><\/td>\n<\/tr>\n<tr class=\"row-19\">\n\t<td class=\"column-1\">25\/11\/2020<\/td><td class=\"column-2\"><a href=\"https:\/\/www.camaracg.pb.gov.br\/transparencia\/wp-content\/uploads\/2020\/11\/EDITAL-CONCURSO-CMCG-No-002-2020.pdf\" target=\"_blank\" rel=\"noopener noreferrer\">EDITAL DE CONVOCA\u00c7\u00c3O PARA NOMEA\u00c7\u00c3O E POSSE DO CONCURSO P\u00daBLICO<\/a><\/td>\n<\/tr>\n<tr class=\"row-20\">\n\t<td class=\"column-1\">04\/05\/2020<\/td><td class=\"column-2\"><a href=\"https:\/\/www.camaracg.pb.gov.br\/transparencia\/wp-content\/uploads\/2020\/05\/050520comunicadoposse.jpeg\" target=\"_blank\" rel=\"noopener noreferrer\">COMUNICADO<\/a><\/td>\n<\/tr>\n<tr class=\"row-21\">\n\t<td class=\"column-1\">30\/03\/2020<\/td><td class=\"column-2\"><a href=\"https:\/\/www.camaracg.pb.gov.br\/transparencia\/wp-content\/uploads\/2020\/03\/COMUNICADO-CONCURSO-CMCG.pdf\" target=\"_blank\" rel=\"noopener noreferrer\">COMUNICADO<\/a><\/td>\n<\/tr>\n<tr class=\"row-22\">\n\t<td class=\"column-1\"><\/td><td class=\"column-2\"><\/td>\n<\/tr>\n<tr class=\"row-23\">\n\t<td class=\"column-1\">10\/02\/2020<\/td><td class=\"column-2\"><a href=\"https:\/\/www.camaracg.pb.gov.br\/transparencia\/wp-content\/uploads\/2020\/02\/EDITAL-CMCG-0001-2012.pdf\" target=\"_blank\" rel=\"noopener noreferrer\">EDITAL DE CONVOCA\u00c7\u00c3O PARA NOMEA\u00c7\u00c3O E POSSE DO CONCURSO P\u00daBLICO<\/a><\/td>\n<\/tr>\n<tr class=\"row-24\">\n\t<td class=\"column-1\"><\/td><td class=\"column-2\"><\/td>\n<\/tr>\n<tr class=\"row-25\">\n\t<td class=\"column-1\">09\/08\/2019<\/td><td class=\"column-2\"><a href=\"https:\/\/www.camaracg.pb.gov.br\/transparencia\/wp-content\/uploads\/2019\/09\/EDITAL-CMCG-0002-2019.pdf\" target=\"_blank\" rel=\"noopener noreferrer\">EDITAL DE CONVOCA\u00c7\u00c3O PARA NOMEA\u00c7\u00c3O E POSSE DO CONCURSO P\u00daBLICO<\/a><\/td>\n<\/tr>\n<tr class=\"row-26\">\n\t<td class=\"column-1\"><\/td><td class=\"column-2\"><\/td>\n<\/tr>\n<tr class=\"row-27\">\n\t<td class=\"column-1\">02\/07\/2019<\/td><td class=\"column-2\"><a href=\"https:\/\/www.camaracg.pb.gov.br\/transparencia\/wp-content\/uploads\/2019\/07\/EDITAL-CMCG-0001-2019.pdf\" target=\"_blank\" rel=\"noopener noreferrer\">EDITAL DE CONVOCA\u00c7\u00c3O PARA NOMEA\u00c7\u00c3O E POSSE DO CONCURSO P\u00daBLICO<\/a><\/td>\n<\/tr>\n<tr class=\"row-28\">\n\t<td class=\"column-1\"><\/td><td class=\"column-2\"><\/td>\n<\/tr>\n<tr class=\"row-29\">\n\t<td class=\"column-1\">21\/05\/2019<\/td><td class=\"column-2\"><a href=\"https:\/\/www.camaracg.pb.gov.br\/transparencia\/wp-content\/uploads\/2019\/05\/210519TERMOHOMOLOGACAO-CONCURSO.pdf\" target=\"_blank\" rel=\"noopener noreferrer\">TERMO DE HOMOLOGA\u00c7\u00c3O CONCURSO P\u00daBLICO<\/a><\/td>\n<\/tr>\n<tr class=\"row-30\">\n\t<td class=\"column-1\">12\/04\/2019<\/td><td class=\"column-2\"><a href=\"https:\/\/www.camaracg.pb.gov.br\/transparencia\/wp-content\/uploads\/2019\/04\/ResultadoFinal.pdf\" target=\"_blank\" rel=\"noopener noreferrer\">RESULTADO FINAL DO CONCURSO P\u00daBLICO<\/a><\/td>\n<\/tr>\n<tr class=\"row-31\">\n\t<td class=\"column-1\"><\/td><td class=\"column-2\"><\/td>\n<\/tr>\n<tr class=\"row-32\">\n\t<td class=\"column-1\">10\/04\/2019<\/td><td class=\"column-2\"><a href=\"http:\/\/cpcon.uepb.edu.br\/concursos\/CMCampinaGrande\/Atualizacoes\/Resultado_Oficial_T%C3%ADtulos.pdf\" target=\"_blank\" rel=\"noopener noreferrer\">RESULTADO OFICIAL DA PROVA DE T\u00cdTULOS<\/a><\/td>\n<\/tr>\n<tr class=\"row-33\">\n\t<td class=\"column-1\"><\/td><td class=\"column-2\"><\/td>\n<\/tr>\n<tr class=\"row-34\">\n\t<td class=\"column-1\">04\/04\/2019<\/td><td class=\"column-2\"><a href=\"https:\/\/cpcon.uepb.edu.br\/sigeps-app\/login\" target=\"_blank\" rel=\"noopener noreferrer\">INTERPOSI\u00c7\u00c3O DE RECURSOS<\/a><\/td>\n<\/tr>\n<tr class=\"row-35\">\n\t<td class=\"column-1\"><\/td><td class=\"column-2\"><\/td>\n<\/tr>\n<tr class=\"row-36\">\n\t<td class=\"column-1\">03\/04\/2019<\/td><td class=\"column-2\"><a href=\"http:\/\/cpcon.uepb.edu.br\/concursos\/CMCampinaGrande\/Atualizacoes\/Resultado_Preliminar_T%C3%ADtulos.pdf\" target=\"_blank\" rel=\"noopener noreferrer\">RESULTADO PRELIMINAR DA PROVA DE T\u00cdTULOS<\/a><\/td>\n<\/tr>\n<tr class=\"row-37\">\n\t<td class=\"column-1\"><\/td><td class=\"column-2\"><\/td>\n<\/tr>\n<tr class=\"row-38\">\n\t<td class=\"column-1\">19\/03\/2019<\/td><td class=\"column-2\"><a href=\"http:\/\/cpcon.uepb.edu.br\/concursos\/CMCampinaGrande\/Atualizacoes\/EDITAL_CONVOCA%C3%87%C3%83O_T%C3%8DTULOS.pdf\" target=\"_blank\" rel=\"noopener noreferrer\">EDITAL DE CONVOCA\u00c7\u00c3O PARA A PROVA DE T\u00cdTULOS<\/a><\/td>\n<\/tr>\n<tr class=\"row-39\">\n\t<td class=\"column-1\">19\/03\/2019<\/td><td class=\"column-2\"><a href=\"http:\/\/cpcon.uepb.edu.br\/concursos\/CMCampinaGrande\/Atualizacoes\/RESULTADO_PROVA_PR%C3%81TICA_AP%C3%93S_RECURSOS.pdf\" target=\"_blank\" rel=\"noopener noreferrer\">RESULTADO OFICIAL DA PROVA PR\u00c1TICA<\/a><\/td>\n<\/tr>\n<tr class=\"row-40\">\n\t<td class=\"column-1\"><\/td><td class=\"column-2\"><\/td>\n<\/tr>\n<tr class=\"row-41\">\n\t<td class=\"column-1\">13\/03\/2019<\/td><td class=\"column-2\"><a href=\"http:\/\/cpcon.uepb.edu.br\/concursos\/CMCampinaGrande\/Atualizacoes\/Caderno_Prova_Pratica.pdf\" target=\"_blank\" rel=\"noopener noreferrer\">PROVA PR\u00c1TICA PARA ASSESSOR T\u00c9CNICO LEGISLATIVO 1 - CADERNO DE PROVA<\/a> <\/td>\n<\/tr>\n<tr class=\"row-42\">\n\t<td class=\"column-1\"><\/td><td class=\"column-2\"><\/td>\n<\/tr>\n<tr class=\"row-43\">\n\t<td class=\"column-1\">12\/03\/2019<\/td><td class=\"column-2\"><a href=\"http:\/\/cpcon.uepb.edu.br\/concursos\/CMCampinaGrande\/Atualizacoes\/Resultado_Prova_Pratica.pdf\" target=\"_blank\" rel=\"noopener noreferrer\">RESULTADO DA PROVA PR\u00c1TICA PARA ASSESSOR T\u00c9CNICO LEGISLATIVO 1<\/a> <\/td>\n<\/tr>\n<tr class=\"row-44\">\n\t<td class=\"column-1\">12\/03\/2019<\/td><td class=\"column-2\"><a href=\"https:\/\/cpcon.uepb.edu.br\/sigeps-app\" target=\"_blank\" rel=\"noopener noreferrer\">INTERPOSI\u00c7\u00c3O DE RECURSOS<\/a><\/td>\n<\/tr>\n<tr class=\"row-45\">\n\t<td class=\"column-1\"><\/td><td class=\"column-2\"><\/td>\n<\/tr>\n<tr class=\"row-46\">\n\t<td class=\"column-1\">28\/02\/2019<\/td><td class=\"column-2\"><a href=\"http:\/\/cpcon.uepb.edu.br\/concursos\/CMCampinaGrande\/Atualizacoes\/Edital_Pratica_CMCG.pdf\" target=\"_blank\" rel=\"noopener noreferrer\">EDITAL DE CONVOCA\u00c7\u00c3O PARA A PROVA PR\u00c1TICA<\/a><\/td>\n<\/tr>\n<tr class=\"row-47\">\n\t<td class=\"column-1\">28\/02\/2019<\/td><td class=\"column-2\"><a href=\"http:\/\/cpcon.uepb.edu.br\/concursos\/CMCampinaGrande\/Atualizacoes\/Resultado_ProducaoTextual_Apos_Recursos.pdf\" target=\"_blank\" rel=\"noopener noreferrer\">RESULTADO DA PROVA DE PRODU\u00c7\u00c3O TEXTUAL - AP\u00d3S RECURSOS<\/a><\/td>\n<\/tr>\n<tr class=\"row-48\">\n\t<td class=\"column-1\"><\/td><td class=\"column-2\"><\/td>\n<\/tr>\n<tr class=\"row-49\">\n\t<td class=\"column-1\">22\/02\/2019<\/td><td class=\"column-2\"><a href=\"http:\/\/cpcon.uepb.edu.br\/concursos\/CMCampinaGrande\/prova_gabarito\/ProducaoTextual\/AssessorTecLegislativo.pdf\" target=\"_blank\" rel=\"noopener noreferrer\">PROVA DE PRODU\u00c7\u00c3O TEXTUAL - ASSESSOR T\u00c9CNICO LEGISLATIVO 1 <\/a><\/td>\n<\/tr>\n<tr class=\"row-50\">\n\t<td class=\"column-1\">22\/02\/2019<\/td><td class=\"column-2\"><a href=\"https:\/\/cpcon.uepb.edu.br\/concursos\/CMCampinaGrande\/prova_gabarito\/ProducaoTextual\/TecLegislativo.pdf\" target=\"_blank\" rel=\"noopener noreferrer\">PROVA DE PRODU\u00c7\u00c3O TEXTUAL - LEGISLATIVO 1 <\/a><\/td>\n<\/tr>\n<tr class=\"row-51\">\n\t<td class=\"column-1\"><\/td><td class=\"column-2\"><\/td>\n<\/tr>\n<tr class=\"row-52\">\n\t<td class=\"column-1\">20\/02\/2019<\/td><td class=\"column-2\"><a href=\"http:\/\/cpcon.uepb.edu.br\/concursos\/CMCampinaGrande\/Atualizacoes\/Resultado_ProducaoTextual.pdf\" target=\"_blank\" rel=\"noopener noreferrer\">RESULTADO DA PROVA DE PRODU\u00c7\u00c3O TEXTUAL<\/a><\/td>\n<\/tr>\n<tr class=\"row-53\">\n\t<td class=\"column-1\">20\/02\/2019<\/td><td class=\"column-2\"><a href=\"https:\/\/cpcon.uepb.edu.br\/sigeps-app\" target=\"_blank\" rel=\"noopener noreferrer\">INTERPOSI\u00c7\u00c3O DE RECURSOS<\/a><\/td>\n<\/tr>\n<tr class=\"row-54\">\n\t<td class=\"column-1\"><\/td><td class=\"column-2\"><\/td>\n<\/tr>\n<tr class=\"row-55\">\n\t<td class=\"column-1\">13\/02\/2019<\/td><td class=\"column-2\"><a href=\"https:\/\/cpcon.uepb.edu.br\/concursos\/CMCampinaGrande\/Atualizacoes\/ResultadoProvisorioPO.pdf\" target=\"_blank\" rel=\"noopener noreferrer\">RESULTADO PRELIMINAR DA PROVA ESCRITA OBJETIVA<\/a><\/td>\n<\/tr>\n<tr class=\"row-56\">\n\t<td class=\"column-1\">13\/02\/2019<\/td><td class=\"column-2\"><a href=\"https:\/\/cpcon.uepb.edu.br\/concursos\/CMCampinaGrande\/Atualizacoes\/Lista_PT.pdf\" target=\"_blank\" rel=\"noopener noreferrer\">LISTA DE PRODU\u00c7\u00d5ES TEXTUAIS QUE SER\u00c3O CORRIGIDAS<\/a><\/td>\n<\/tr>\n<tr class=\"row-57\">\n\t<td class=\"column-1\">13\/02\/2019<\/td><td class=\"column-2\"><a href=\"https:\/\/cpcon.uepb.edu.br\/concursos\/CMCampinaGrande\/prova_gabarito\/prova_gabarito_oficial.html\" target=\"_blank\" rel=\"noopener noreferrer\">GABARITOS DEFINITIVOS<\/a><\/td>\n<\/tr>\n<tr class=\"row-58\">\n\t<td class=\"column-1\"><\/td><td class=\"column-2\"><\/td>\n<\/tr>\n<tr class=\"row-59\">\n\t<td class=\"column-1\">28\/01\/2019<\/td><td class=\"column-2\"><a href=\"https:\/\/cpcon.uepb.edu.br\/sigeps-app\" target=\"_blank\" rel=\"noopener noreferrer\">INTERPOSI\u00c7\u00c3O DE RECURSOS<\/a><\/td>\n<\/tr>\n<tr class=\"row-60\">\n\t<td class=\"column-1\">27\/01\/2019<\/td><td class=\"column-2\"><a href=\"http:\/\/cpcon.uepb.edu.br\/concursos\/CMCampinaGrande\/prova_gabarito\/prova_gabarito_provisorio.html\" target=\"_blank\" rel=\"noopener noreferrer\">PROVA E GABARITO PROVIS\u00d3RIO<\/a><\/td>\n<\/tr>\n<tr class=\"row-61\">\n\t<td class=\"column-1\"><\/td><td class=\"column-2\"><\/td>\n<\/tr>\n<tr class=\"row-62\">\n\t<td class=\"column-1\">25\/01\/2019<\/td><td class=\"column-2\"><a href=\"http:\/\/cpcon.uepb.edu.br\/concursos\/CMCampinaGrande\/Fiscais.htm\" target=\"_blank\" rel=\"noopener noreferrer\">LISTA DE COLABORADORES (HOR\u00c1RIO E LOCAL DAS REUNI\u00d5ES)<\/a><\/td>\n<\/tr>\n<tr class=\"row-63\">\n\t<td class=\"column-1\">16\/01\/2019<\/td><td class=\"column-2\"><a href=\"https:\/\/cpcon.uepb.edu.br\/sigeps-app\" target=\"_blank\" rel=\"noopener noreferrer\">LOCAL DE PROVA(\u00c1REA DO CANDIDATO)<\/a><\/td>\n<\/tr>\n<tr class=\"row-64\">\n\t<td class=\"column-1\">09\/01\/2019<\/td><td class=\"column-2\"><a href=\"http:\/\/cpcon.uepb.edu.br\/concursos\/CMCampinaGrande\/Atualizacoes\/Homologados_CM_CampinaGrande__APOS_RECURSOS_Republicacao.pdf\" target=\"_blank\" rel=\"noopener noreferrer\">LISTAGEM DOS CANDIDATOS HOMOLOGADOS AP\u00d3S RECURSOS (REPUBLICA\u00c7\u00c3O)<\/a><\/td>\n<\/tr>\n<tr class=\"row-65\">\n\t<td class=\"column-1\"><\/td><td class=\"column-2\"><\/td>\n<\/tr>\n<tr class=\"row-66\">\n\t<td class=\"column-1\">20\/12\/2018<\/td><td class=\"column-2\"><a href=\"http:\/\/cpcon.uepb.edu.br\/concursos\/CMCampinaGrande\/Atualizacoes\/Homologados_CM_CampinaGrande__APOS_RECURSOS.pdf\" target=\"_blank\" rel=\"noopener noreferrer\">LISTAGEM DOS CANDIDATOS HOMOLOGADOS AP\u00d3S RECURSOS<\/a><\/td>\n<\/tr>\n<tr class=\"row-67\">\n\t<td class=\"column-1\">20\/12\/2018<\/td><td class=\"column-2\"><a href=\"http:\/\/cpcon.uepb.edu.br\/concursos\/CMCampinaGrande\/Atualizacoes\/Nao_Homologados_CM_CampinaGrande_APOS_RECURSOS.pdf\" target=\"_blank\" rel=\"noopener noreferrer\">LISTAGEM DOS CANDIDATOS N\u00c3O HOMOLOGADOS AP\u00d3S RECURSOS<\/a><\/td>\n<\/tr>\n<tr class=\"row-68\">\n\t<td class=\"column-1\">20\/12\/2018<\/td><td class=\"column-2\"><a href=\"http:\/\/cpcon.uepb.edu.br\/concursos\/CMCampinaGrande\/Atualizacoes\/Jurados_CM_CampinaGrande_APOS_RECURSOS.pdf\" target=\"_blank\" rel=\"noopener noreferrer\">LISTAGEM DOS CANDIDATOS QUE EXERCERAM EFETIVAMENTE A FUN\u00c7\u00c3O DE JURADO (DEFERIDOS)AP\u00d3S RECURSOS<\/a><\/td>\n<\/tr>\n<tr class=\"row-69\">\n\t<td class=\"column-1\">20\/12\/2018<\/td><td class=\"column-2\"><a href=\"http:\/\/cpcon.uepb.edu.br\/concursos\/CMCampinaGrande\/Atualizacoes\/PNE_CM_CampinaGrande_APOS_RECURSOS.pdf\" target=\"_blank\" rel=\"noopener noreferrer\">LISTAGEM DOS CANDIDATOS DEFERIDOS PARA AS VAGAS RESERVADAS PARA PESSOAS COM NECESSIDADES ESPECIAIS AP\u00d3S RECURSOS<\/a><\/td>\n<\/tr>\n<tr class=\"row-70\">\n\t<td class=\"column-1\">20\/12\/2018<\/td><td class=\"column-2\"><a href=\"http:\/\/cpcon.uepb.edu.br\/concursos\/CMCampinaGrande\/Atualizacoes\/Concorrencia_CM_CampinaGrande.pdf\" target=\"_blank\" rel=\"noopener noreferrer\">CONCORR\u00caNCIA<\/a><\/td>\n<\/tr>\n<tr class=\"row-71\">\n\t<td class=\"column-1\"><\/td><td class=\"column-2\"><\/td>\n<\/tr>\n<tr class=\"row-72\">\n\t<td class=\"column-1\">12\/12\/2018<\/td><td class=\"column-2\"><a href=\"http:\/\/cpcon.uepb.edu.br\/concursos\/CMCampinaGrande\/Atualizacoes\/Homologados_CM_CampinaGrande.pdf\" target=\"_blank\" rel=\"noopener noreferrer\">LISTAGEM DOS CANDIDATOS HOMOLOGADOS<\/a><\/td>\n<\/tr>\n<tr class=\"row-73\">\n\t<td class=\"column-1\">12\/12\/2018<\/td><td class=\"column-2\"><a href=\"http:\/\/cpcon.uepb.edu.br\/concursos\/CMCampinaGrande\/Atualizacoes\/Nao_Homologados_CM_CampinaGrande.pdf\" target=\"_blank\" rel=\"noopener noreferrer\">LISTAGEM DOS CANDIDATOS N\u00c3O HOMOLOGADOS<\/a><\/td>\n<\/tr>\n<tr class=\"row-74\">\n\t<td class=\"column-1\">12\/12\/2018<\/td><td class=\"column-2\"><a href=\"http:\/\/cpcon.uepb.edu.br\/concursos\/CMCampinaGrande\/Atualizacoes\/Jurados_CM_CampinaGrande.pdf\" target=\"_blank\" rel=\"noopener noreferrer\">LISTAGEM DOS CANDIDATOS QUE EXERCERAM EFETIVAMENTE A FUN\u00c7\u00c3O DE JURADO (DEFERIDOS)<\/a><\/td>\n<\/tr>\n<tr class=\"row-75\">\n\t<td class=\"column-1\">12\/12\/2018<\/td><td class=\"column-2\"><a href=\"http:\/\/cpcon.uepb.edu.br\/concursos\/CMCampinaGrande\/Atualizacoes\/PNE_CM_CampinaGrande.pdf\" target=\"_blank\" rel=\"noopener noreferrer\">LISTAGEM DOS CANDIDATOS DEFERIDOS PARA AS VAGAS RESERVADAS PARA PESSOAS COM NECESSIDADES ESPECIAIS<\/a><\/td>\n<\/tr>\n<tr class=\"row-76\">\n\t<td class=\"column-1\"><\/td><td class=\"column-2\"><\/td>\n<\/tr>\n<tr class=\"row-77\">\n\t<td class=\"column-1\">20\/11\/2018<\/td><td class=\"column-2\"><a href=\"http:\/\/cpcon.uepb.edu.br\/concursos\/CMCampinaGrande\/Atualizacoes\/Isentos_PMCG_AposRecursos.pdf\" target=\"_blank\" rel=\"noopener noreferrer\">SOLICITA\u00c7\u00c3O DE ISEN\u00c7\u00c3O DEFERIDAS (AP\u00d3S RECURSOS)<\/a><\/td>\n<\/tr>\n<tr class=\"row-78\">\n\t<td class=\"column-1\">20\/11\/2018<\/td><td class=\"column-2\"><a href=\"http:\/\/cpcon.uepb.edu.br\/concursos\/CMCampinaGrande\/Atualizacoes\/Nao_Isentos_PMCG_AposRecursos.pdf\" target=\"_blank\" rel=\"noopener noreferrer\">SOLICITA\u00c7\u00c3O DE ISEN\u00c7\u00c3O INDEFERIDAS (AP\u00d3S RECURSOS)<\/a><\/td>\n<\/tr>\n<tr class=\"row-79\">\n\t<td class=\"column-1\"><\/td><td class=\"column-2\"><\/td>\n<\/tr>\n<tr class=\"row-80\">\n\t<td class=\"column-1\">13\/11\/2018<\/td><td class=\"column-2\"><a href=\"https:\/\/cpcon.uepb.edu.br\/concursos\/CMCampinaGrande\/Atualizacoes\/Isentos_PMCG.pdf\" target=\"_blank\" rel=\"noopener noreferrer\">SOLICITA\u00c7\u00c3O DE ISEN\u00c7\u00c3O DEFERIDAS<\/a><\/td>\n<\/tr>\n<tr class=\"row-81\">\n\t<td class=\"column-1\">13\/11\/2018<\/td><td class=\"column-2\"><a href=\"https:\/\/cpcon.uepb.edu.br\/concursos\/CMCampinaGrande\/Atualizacoes\/Nao_Isentos_PMCG.pdf\" target=\"_blank\" rel=\"noopener noreferrer\">SOLICITA\u00c7\u00c3O DE ISEN\u00c7\u00c3O INDEFERIDAS<\/a><\/td>\n<\/tr>\n<tr class=\"row-82\">\n\t<td class=\"column-1\"><\/td><td class=\"column-2\"><\/td>\n<\/tr>\n<tr class=\"row-83\">\n\t<td class=\"column-1\">29\/10\/2018<\/td><td class=\"column-2\"><a href=\"https:\/\/cpcon.uepb.edu.br\/sigeps-app\/login\" target=\"_blank\" rel=\"noopener noreferrer\">INSCRI\u00c7\u00d5ES ABERTAS<\/a><\/td>\n<\/tr>\n<tr class=\"row-84\">\n\t<td class=\"column-1\"><\/td><td class=\"column-2\"><\/td>\n<\/tr>\n<tr class=\"row-85\">\n\t<td class=\"column-1\">21\/10\/2018<\/td><td class=\"column-2\"><a href=\"https:\/\/www.camaracg.pb.gov.br\/wp-content\/uploads\/2018\/09\/REGIMENTO-INTERNO-CMCG.pdf\" target=\"_blank\" rel=\"noopener noreferrer\">REGIMENTO INTERNO DA C\u00c2MARA MUNICIPAL DE CAMPINA GRANDE \u2013 ATUALIZADO EM 26\/09\/2018<\/a><\/td>\n<\/tr>\n<tr class=\"row-86\">\n\t<td class=\"column-1\">21\/10\/2018<\/td><td class=\"column-2\"><a href=\"https:\/\/www.camaracg.pb.gov.br\/wp-content\/uploads\/2018\/10\/LEI_ORGANICA_DO_MUNCIPIO-AUTALIZADA-OUTUBRO-2018.pdf\" target=\"_blank\" rel=\"noopener noreferrer\">LEI ORG\u00c2NICA DO MUNIC\u00cdPIO \u2013 ATUALIZADA EM OUTUBRO 2018<\/a><\/td>\n<\/tr>\n<tr class=\"row-87\">\n\t<td class=\"column-1\">16\/10\/2018<\/td><td class=\"column-2\"><a href=\"https:\/\/www.camaracg.pb.gov.br\/transparencia\/wp-content\/uploads\/2018\/10\/ANEXO-II-DECLARACAO-DE-ADEQUACAO-ORCAMENTARIA-E-FINANCEIRA.pdf\" target=\"_blank\" rel=\"noopener noreferrer\">ANEXO II - DECLARA\u00c7\u00c3O DE ADEQUA\u00c7\u00c3O OR\u00c7AMENT\u00c1RIA E FINANCEIRA<\/a><\/td>\n<\/tr>\n<tr class=\"row-88\">\n\t<td class=\"column-1\">16\/10\/2018<\/td><td class=\"column-2\"><a href=\"https:\/\/www.camaracg.pb.gov.br\/transparencia\/wp-content\/uploads\/2018\/10\/ANEXO-I-RELATORIO-DE-ESTIMATIVA-DO-IMPACTO-ORCAMENTARIO-FINANCEIRO.pdf\" target=\"_blank\" rel=\"noopener noreferrer\">ANEXO I - RELAT\u00d3RIO DE ESTIMATIVA DO IMPACTO OR\u00c7AMENT\u00c1RIO-FINANCEIRO<\/a><\/td>\n<\/tr>\n<tr class=\"row-89\">\n\t<td class=\"column-1\">10\/10\/2018<\/td><td class=\"column-2\"><a href=\"https:\/\/www.camaracg.pb.gov.br\/transparencia\/wp-content\/uploads\/2018\/10\/CONTRATO-ADMINISTRATIVO-017012018.pdf\" target=\"_blank\" rel=\"noopener noreferrer\">CONTRATO ADMINISTRATIVO - 01701\/2018<\/a><\/td>\n<\/tr>\n<tr class=\"row-90\">\n\t<td class=\"column-1\"><\/td><td class=\"column-2\"><\/td>\n<\/tr>\n<tr class=\"row-91\">\n\t<td class=\"column-1\">10\/10\/2018<\/td><td class=\"column-2\"><a href=\"https:\/\/www.camaracg.pb.gov.br\/transparencia\/wp-content\/uploads\/2018\/10\/CONTRATO-ADMINISTRATIVO-017012018.pdf\" target=\"_blank\" rel=\"noopener noreferrer\">CONTRATO ADMINISTRATIVO - 01701\/2018<\/a><\/td>\n<\/tr>\n<tr class=\"row-92\">\n\t<td class=\"column-1\"><\/td><td class=\"column-2\"><\/td>\n<\/tr>\n<\/tbody>\n<\/table>\n<!-- #tablepress-41 from cache -->\n<h2 id=\"tablepress-42-name\" class=\"tablepress-table-name tablepress-table-name-id-42\">Edital Normativo<\/h2>\n\n<table id=\"tablepress-42\" class=\"tablepress tablepress-id-42\" aria-labelledby=\"tablepress-42-name\">\n<tbody class=\"row-striping row-hover\">\n<tr class=\"row-1\">\n\t<td class=\"column-1\">19\/11\/2018<\/td><td class=\"column-2\"><a href=\"https:\/\/www.camaracg.pb.gov.br\/transparencia\/wp-content\/uploads\/2018\/12\/EDITAL_NORMATIVO_CONCURSO_PUBLICO_N_005_2018_CMCG-PB_Ret4.pdf\" target=\"_blank\">EDITAL NORMATIVO DE CONCURSO P\u00daBLICO N\u00ba 005\/2018 \u2013 CMCG\/PB (RETIFICA\u00c7\u00c3O DO CONTE\u00daDO PROGRAM\u00c1TICO DE CONHECIMENTOS ESPEC\u00cdFICOS PARA OS CARGOS DE ASSESSOR T\u00c9CNICO LEGISLATIVO I E T\u00c9CNICO LEGISLATIVO)<\/a><\/td>\n<\/tr>\n<tr class=\"row-2\">\n\t<td class=\"column-1\">13\/11\/2018<\/td><td class=\"column-2\"><a href=\"http:\/\/cpcon.uepb.edu.br\/concursos\/CMCampinaGrande\/Edital\/EDITAL_NORMATIVO_CONCURSO_PUBLICO_N_004_2018_CMCG-PB_Ret3.pdf\" target=\"_blank\">EDITAL NORMATIVO DE CONCURSO P\u00daBLICO N\u00ba 004\/2018 \u2013 CMCG\/PB (RETIFICA\u00c7\u00c3O)<\/a><\/td>\n<\/tr>\n<tr class=\"row-3\">\n\t<td class=\"column-1\">06\/11\/2018<\/td><td class=\"column-2\"><a href=\"http:\/\/cpcon.uepb.edu.br\/concursos\/CMCampinaGrande\/Edital\/EDITAL_NORMATIVO_CONCURSO_PUBLICO_N_003_2018_CMCG-PB_Ret2.pdf\" target=\"_blank\">EDITAL NORMATIVO DE CONCURSO P\u00daBLICO N\u00ba 003\/2018 \u2013 CMCG\/PB (RETIFICA\u00c7\u00c3O DO CRONOGRAMA)<\/a><\/td>\n<\/tr>\n<tr class=\"row-4\">\n\t<td class=\"column-1\">27\/10\/2018<\/td><td class=\"column-2\"><a href=\"https:\/\/www.camaracg.pb.gov.br\/transparencia\/wp-content\/uploads\/2018\/10\/EDITAL-NORMATIVO-CONCURSO-PUBLICO-002_2018-CMCG_ret.pdf\" target=\"_blank\">EDITAL NORMATIVO DE CONCURSO P\u00daBLICO N\u00ba 002\/2018 - CMCG\/PB (RETIFICADO)<\/a><\/td>\n<\/tr>\n<tr class=\"row-5\">\n\t<td class=\"column-1\">21\/10\/2018<\/td><td class=\"column-2\"><a href=\"https:\/\/www.camaracg.pb.gov.br\/transparencia\/wp-content\/uploads\/2018\/10\/EDITAL-NORMATIVO-CONCURSO-PUBLICO-001_2018-CMCG.pdf\" target=\"_blank\">EDITAL NORMATIVO DE CONCURSO P\u00daBLICO N\u00ba 001\/2018 - CMCG\/PB<\/a><\/td>\n<\/tr>\n<tr class=\"row-6\">\n\t<td class=\"column-1\"><\/td><td class=\"column-2\"><\/td>\n<\/tr>\n<tr class=\"row-7\">\n\t<td class=\"column-1\">21\/10\/2018<\/td><td class=\"column-2\"><a href=\"https:\/\/www.camaracg.pb.gov.br\/transparencia\/wp-content\/uploads\/2018\/10\/lei_7716-2004.pdf\" target=\"_blank\">LEI ESTADUAL N\u00ba 7.716\/2004 (Pessoas Doadoras de Sangue)<\/a><\/td>\n<\/tr>\n<tr class=\"row-8\">\n\t<td class=\"column-1\">21\/10\/2018<\/td><td class=\"column-2\"><a href=\"https:\/\/www.camaracg.pb.gov.br\/transparencia\/wp-content\/uploads\/2018\/10\/lei_8483-2008.pdf\" target=\"_blank\">LEI ESTADUAL N\u00ba 8.483\/2008 (Candidatas Doadoras de Leite Materno)<\/a><\/td>\n<\/tr>\n<tr class=\"row-9\">\n\t<td class=\"column-1\">21\/10\/2018<\/td><td class=\"column-2\"><a href=\"https:\/\/www.camaracg.pb.gov.br\/transparencia\/wp-content\/uploads\/2018\/10\/lei_8819-2009.pdf\" target=\"_blank\">LEI ESTADUAL N\u00ba 8.819\/2009 (Pessoas Doadoras de Medula \u00d3ssea)<\/a><\/td>\n<\/tr>\n<tr class=\"row-10\">\n\t<td class=\"column-1\"><\/td><td class=\"column-2\"><\/td>\n<\/tr>\n<tr class=\"row-11\">\n\t<td class=\"column-1\"><\/td><td class=\"column-2\">*** CONTE\u00daDO DE RESPONSABILIDADE DA COMISS\u00c3O PERMANENTE DE CONCURSOS\/UEPB<\/td>\n<\/tr>\n<\/tbody>\n<\/table>\n<!-- #tablepress-42 from cache -->\nCaso n\u00e3o tenha o <strong>Adobe Reader<\/strong> instalado em sua m\u00e1quina basta realizar o download gratuitamente clicando <strong><a href=\"https:\/\/get.adobe.com\/br\/reader\" target=\"_blank\" rel=\"noopener noreferrer\">aqui<\/a><\/strong><\/p>\n<pre>A C\u00e2mara Municipal de Campina Grande tamb\u00e9m est\u00e1 no Portal da Transpar\u00eancia do Tribunal de Contas do Estado \r\nda Para\u00edba (TCE-PB), que disponibiliza, em tempo real, informa\u00e7\u00f5es pormenorizadas sobre a execu\u00e7\u00e3o Or\u00e7ament\u00e1ria\r\ne Financeira.<\/pre>\n","protected":false},"excerpt":{"rendered":"<p>Caso n\u00e3o tenha o Adobe Reader instalado em sua m\u00e1quina basta realizar o download gratuitamente clicando aqui A C\u00e2mara Municipal de Campina Grande tamb\u00e9m est\u00e1 no Portal da Transpar\u00eancia do Tribunal de Contas do Estado da Para\u00edba (TCE-PB), que disponibiliza, &hellip; <a class=\"kt-excerpt-readmore\" href=\"https:\/\/www.camaracg.pb.gov.br\/transparencia\/concurso\/\" aria-label=\"Concurso\">leia mais<\/a><\/p>\n","protected":false},"author":1,"featured_media":2628,"comment_status":"closed","ping_status":"closed","sticky":false,"template":"","format":"standard","meta":{"footnotes":""},"categories":[42],"tags":[],"class_list":["post-1264","post","type-post","status-publish","format-standard","has-post-thumbnail","hentry","category-concurso"],"aioseo_notices":[],"aioseo_head":"\n\t\t<!-- All in One SEO 4.9.10 - aioseo.com -->\n\t<meta name=\"description\" content=\"Caso n\u00e3o tenha o Adobe Reader instalado em sua m\u00e1quina basta realizar o download gratuitamente clicando aqui A C\u00e2mara Municipal de Campina Grande tamb\u00e9m est\u00e1 no Portal da Transpar\u00eancia do Tribunal de Contas do Estado da Para\u00edba (TCE-PB), que disponibiliza, em tempo real, informa\u00e7\u00f5es pormenorizadas sobre a execu\u00e7\u00e3o Or\u00e7ament\u00e1ria e Financeira.\" \/>\n\t<meta name=\"robots\" content=\"max-image-preview:large\" \/>\n\t<meta name=\"author\" content=\"admin\"\/>\n\t<link rel=\"canonical\" href=\"https:\/\/www.camaracg.pb.gov.br\/transparencia\/concurso\/\" \/>\n\t<meta name=\"generator\" content=\"All in One SEO (AIOSEO) 4.9.10\" \/>\n\t\t<meta property=\"og:locale\" content=\"pt_BR\" \/>\n\t\t<meta property=\"og:site_name\" content=\"Portal da Transpar\u00eancia \u2022 C\u00e2mara Municipal de Campina Grande\" \/>\n\t\t<meta property=\"og:type\" content=\"activity\" \/>\n\t\t<meta property=\"og:title\" content=\"Concurso | Portal da Transpar\u00eancia \u2022 C\u00e2mara Municipal de Campina Grande\" \/>\n\t\t<meta property=\"og:description\" content=\"Caso n\u00e3o tenha o Adobe Reader instalado em sua m\u00e1quina basta realizar o download gratuitamente clicando aqui A C\u00e2mara Municipal de Campina Grande tamb\u00e9m est\u00e1 no Portal da Transpar\u00eancia do Tribunal de Contas do Estado da Para\u00edba (TCE-PB), que disponibiliza, em tempo real, informa\u00e7\u00f5es pormenorizadas sobre a execu\u00e7\u00e3o Or\u00e7ament\u00e1ria e Financeira.\" \/>\n\t\t<meta property=\"og:url\" content=\"https:\/\/www.camaracg.pb.gov.br\/transparencia\/concurso\/\" \/>\n\t\t<meta name=\"twitter:card\" content=\"summary\" \/>\n\t\t<meta name=\"twitter:title\" content=\"Concurso | Portal da Transpar\u00eancia \u2022 C\u00e2mara Municipal de Campina Grande\" \/>\n\t\t<meta name=\"twitter:description\" content=\"Caso n\u00e3o tenha o Adobe Reader instalado em sua m\u00e1quina basta realizar o download gratuitamente clicando aqui A C\u00e2mara Municipal de Campina Grande tamb\u00e9m est\u00e1 no Portal da Transpar\u00eancia do Tribunal de Contas do Estado da Para\u00edba (TCE-PB), que disponibiliza, em tempo real, informa\u00e7\u00f5es pormenorizadas sobre a execu\u00e7\u00e3o Or\u00e7ament\u00e1ria e Financeira.\" \/>\n\t\t<meta name=\"twitter:image\" content=\"https:\/\/www.camaracg.pb.gov.br\/transparencia\/wp-content\/uploads\/2023\/01\/img-conc.png\" \/>\n\t\t<script type=\"application\/ld+json\" class=\"aioseo-schema\">\n\t\t\t{\"@context\":\"https:\\\/\\\/schema.org\",\"@graph\":[{\"@type\":\"Article\",\"@id\":\"https:\\\/\\\/www.camaracg.pb.gov.br\\\/transparencia\\\/concurso\\\/#article\",\"name\":\"Concurso | Portal da Transpar\\u00eancia \\u2022 C\\u00e2mara Municipal de Campina Grande\",\"headline\":\"Concurso\",\"author\":{\"@id\":\"https:\\\/\\\/www.camaracg.pb.gov.br\\\/transparencia\\\/author\\\/adm\\\/#author\"},\"publisher\":{\"@id\":\"https:\\\/\\\/www.camaracg.pb.gov.br\\\/transparencia\\\/#organization\"},\"image\":{\"@type\":\"ImageObject\",\"url\":\"https:\\\/\\\/www.camaracg.pb.gov.br\\\/transparencia\\\/wp-content\\\/uploads\\\/2023\\\/01\\\/img-conc.png\",\"width\":640,\"height\":430},\"datePublished\":\"2018-10-09T19:52:53-03:00\",\"dateModified\":\"2023-01-25T11:04:00-03:00\",\"inLanguage\":\"pt-BR\",\"mainEntityOfPage\":{\"@id\":\"https:\\\/\\\/www.camaracg.pb.gov.br\\\/transparencia\\\/concurso\\\/#webpage\"},\"isPartOf\":{\"@id\":\"https:\\\/\\\/www.camaracg.pb.gov.br\\\/transparencia\\\/concurso\\\/#webpage\"},\"articleSection\":\"Concurso\"},{\"@type\":\"BreadcrumbList\",\"@id\":\"https:\\\/\\\/www.camaracg.pb.gov.br\\\/transparencia\\\/concurso\\\/#breadcrumblist\",\"itemListElement\":[{\"@type\":\"ListItem\",\"@id\":\"https:\\\/\\\/www.camaracg.pb.gov.br\\\/transparencia#listItem\",\"position\":1,\"name\":\"In\\u00edcio\",\"item\":\"https:\\\/\\\/www.camaracg.pb.gov.br\\\/transparencia\",\"nextItem\":{\"@type\":\"ListItem\",\"@id\":\"https:\\\/\\\/www.camaracg.pb.gov.br\\\/transparencia\\\/category\\\/concurso\\\/#listItem\",\"name\":\"Concurso\"}},{\"@type\":\"ListItem\",\"@id\":\"https:\\\/\\\/www.camaracg.pb.gov.br\\\/transparencia\\\/category\\\/concurso\\\/#listItem\",\"position\":2,\"name\":\"Concurso\",\"item\":\"https:\\\/\\\/www.camaracg.pb.gov.br\\\/transparencia\\\/category\\\/concurso\\\/\",\"nextItem\":{\"@type\":\"ListItem\",\"@id\":\"https:\\\/\\\/www.camaracg.pb.gov.br\\\/transparencia\\\/concurso\\\/#listItem\",\"name\":\"Concurso\"},\"previousItem\":{\"@type\":\"ListItem\",\"@id\":\"https:\\\/\\\/www.camaracg.pb.gov.br\\\/transparencia#listItem\",\"name\":\"In\\u00edcio\"}},{\"@type\":\"ListItem\",\"@id\":\"https:\\\/\\\/www.camaracg.pb.gov.br\\\/transparencia\\\/concurso\\\/#listItem\",\"position\":3,\"name\":\"Concurso\",\"previousItem\":{\"@type\":\"ListItem\",\"@id\":\"https:\\\/\\\/www.camaracg.pb.gov.br\\\/transparencia\\\/category\\\/concurso\\\/#listItem\",\"name\":\"Concurso\"}}]},{\"@type\":\"Organization\",\"@id\":\"https:\\\/\\\/www.camaracg.pb.gov.br\\\/transparencia\\\/#organization\",\"name\":\"Portal da Transpar\\u00eancia \\u2022 C\\u00e2mara Municipal de Campina Grande\",\"description\":\"Bem-vindo ao Portal da Transpar\\u00eancia da C\\u00e2mara Municipal de Campina Grande\",\"url\":\"https:\\\/\\\/www.camaracg.pb.gov.br\\\/transparencia\\\/\",\"logo\":{\"@type\":\"ImageObject\",\"url\":\"https:\\\/\\\/www.camaracg.pb.gov.br\\\/transparencia\\\/wp-content\\\/uploads\\\/2021\\\/01\\\/img-camaracg-1.png\",\"@id\":\"https:\\\/\\\/www.camaracg.pb.gov.br\\\/transparencia\\\/concurso\\\/#organizationLogo\",\"width\":512,\"height\":512},\"image\":{\"@id\":\"https:\\\/\\\/www.camaracg.pb.gov.br\\\/transparencia\\\/concurso\\\/#organizationLogo\"}},{\"@type\":\"Person\",\"@id\":\"https:\\\/\\\/www.camaracg.pb.gov.br\\\/transparencia\\\/author\\\/adm\\\/#author\",\"url\":\"https:\\\/\\\/www.camaracg.pb.gov.br\\\/transparencia\\\/author\\\/adm\\\/\",\"name\":\"admin\",\"image\":{\"@type\":\"ImageObject\",\"@id\":\"https:\\\/\\\/www.camaracg.pb.gov.br\\\/transparencia\\\/concurso\\\/#authorImage\",\"url\":\"https:\\\/\\\/secure.gravatar.com\\\/avatar\\\/35c8e8e3703acf022654ef8a1e5552bf531a2226ec0fac0bc1a59a43b7b28bab?s=96&d=mm&r=g\",\"width\":96,\"height\":96,\"caption\":\"admin\"}},{\"@type\":\"WebPage\",\"@id\":\"https:\\\/\\\/www.camaracg.pb.gov.br\\\/transparencia\\\/concurso\\\/#webpage\",\"url\":\"https:\\\/\\\/www.camaracg.pb.gov.br\\\/transparencia\\\/concurso\\\/\",\"name\":\"Concurso | Portal da Transpar\\u00eancia \\u2022 C\\u00e2mara Municipal de Campina Grande\",\"description\":\"Caso n\\u00e3o tenha o Adobe Reader instalado em sua m\\u00e1quina basta realizar o download gratuitamente clicando aqui A C\\u00e2mara Municipal de Campina Grande tamb\\u00e9m est\\u00e1 no Portal da Transpar\\u00eancia do Tribunal de Contas do Estado da Para\\u00edba (TCE-PB), que disponibiliza, em tempo real, informa\\u00e7\\u00f5es pormenorizadas sobre a execu\\u00e7\\u00e3o Or\\u00e7ament\\u00e1ria e Financeira.\",\"inLanguage\":\"pt-BR\",\"isPartOf\":{\"@id\":\"https:\\\/\\\/www.camaracg.pb.gov.br\\\/transparencia\\\/#website\"},\"breadcrumb\":{\"@id\":\"https:\\\/\\\/www.camaracg.pb.gov.br\\\/transparencia\\\/concurso\\\/#breadcrumblist\"},\"author\":{\"@id\":\"https:\\\/\\\/www.camaracg.pb.gov.br\\\/transparencia\\\/author\\\/adm\\\/#author\"},\"creator\":{\"@id\":\"https:\\\/\\\/www.camaracg.pb.gov.br\\\/transparencia\\\/author\\\/adm\\\/#author\"},\"image\":{\"@type\":\"ImageObject\",\"url\":\"https:\\\/\\\/www.camaracg.pb.gov.br\\\/transparencia\\\/wp-content\\\/uploads\\\/2023\\\/01\\\/img-conc.png\",\"@id\":\"https:\\\/\\\/www.camaracg.pb.gov.br\\\/transparencia\\\/concurso\\\/#mainImage\",\"width\":640,\"height\":430},\"primaryImageOfPage\":{\"@id\":\"https:\\\/\\\/www.camaracg.pb.gov.br\\\/transparencia\\\/concurso\\\/#mainImage\"},\"datePublished\":\"2018-10-09T19:52:53-03:00\",\"dateModified\":\"2023-01-25T11:04:00-03:00\"},{\"@type\":\"WebSite\",\"@id\":\"https:\\\/\\\/www.camaracg.pb.gov.br\\\/transparencia\\\/#website\",\"url\":\"https:\\\/\\\/www.camaracg.pb.gov.br\\\/transparencia\\\/\",\"name\":\"Portal da Transpar\\u00eancia \\u2022 C\\u00e2mara Municipal de Campina Grande\",\"description\":\"Bem-vindo ao Portal da Transpar\\u00eancia da C\\u00e2mara Municipal de Campina Grande\",\"inLanguage\":\"pt-BR\",\"publisher\":{\"@id\":\"https:\\\/\\\/www.camaracg.pb.gov.br\\\/transparencia\\\/#organization\"}}]}\n\t\t<\/script>\n\t\t<!-- All in One SEO -->\n\n","aioseo_head_json":{"title":"Concurso | Portal da Transpar\u00eancia \u2022 C\u00e2mara Municipal de Campina Grande","description":"Caso n\u00e3o tenha o Adobe Reader instalado em sua m\u00e1quina basta realizar o download gratuitamente clicando aqui A C\u00e2mara Municipal de Campina Grande tamb\u00e9m est\u00e1 no Portal da Transpar\u00eancia do Tribunal de Contas do Estado da Para\u00edba (TCE-PB), que disponibiliza, em tempo real, informa\u00e7\u00f5es pormenorizadas sobre a execu\u00e7\u00e3o Or\u00e7ament\u00e1ria e Financeira.","canonical_url":"https:\/\/www.camaracg.pb.gov.br\/transparencia\/concurso\/","robots":"max-image-preview:large","keywords":"","webmasterTools":{"miscellaneous":""},"schema":{"@context":"https:\/\/schema.org","@graph":[{"@type":"Article","@id":"https:\/\/www.camaracg.pb.gov.br\/transparencia\/concurso\/#article","name":"Concurso | Portal da Transpar\u00eancia \u2022 C\u00e2mara Municipal de Campina Grande","headline":"Concurso","author":{"@id":"https:\/\/www.camaracg.pb.gov.br\/transparencia\/author\/adm\/#author"},"publisher":{"@id":"https:\/\/www.camaracg.pb.gov.br\/transparencia\/#organization"},"image":{"@type":"ImageObject","url":"https:\/\/www.camaracg.pb.gov.br\/transparencia\/wp-content\/uploads\/2023\/01\/img-conc.png","width":640,"height":430},"datePublished":"2018-10-09T19:52:53-03:00","dateModified":"2023-01-25T11:04:00-03:00","inLanguage":"pt-BR","mainEntityOfPage":{"@id":"https:\/\/www.camaracg.pb.gov.br\/transparencia\/concurso\/#webpage"},"isPartOf":{"@id":"https:\/\/www.camaracg.pb.gov.br\/transparencia\/concurso\/#webpage"},"articleSection":"Concurso"},{"@type":"BreadcrumbList","@id":"https:\/\/www.camaracg.pb.gov.br\/transparencia\/concurso\/#breadcrumblist","itemListElement":[{"@type":"ListItem","@id":"https:\/\/www.camaracg.pb.gov.br\/transparencia#listItem","position":1,"name":"In\u00edcio","item":"https:\/\/www.camaracg.pb.gov.br\/transparencia","nextItem":{"@type":"ListItem","@id":"https:\/\/www.camaracg.pb.gov.br\/transparencia\/category\/concurso\/#listItem","name":"Concurso"}},{"@type":"ListItem","@id":"https:\/\/www.camaracg.pb.gov.br\/transparencia\/category\/concurso\/#listItem","position":2,"name":"Concurso","item":"https:\/\/www.camaracg.pb.gov.br\/transparencia\/category\/concurso\/","nextItem":{"@type":"ListItem","@id":"https:\/\/www.camaracg.pb.gov.br\/transparencia\/concurso\/#listItem","name":"Concurso"},"previousItem":{"@type":"ListItem","@id":"https:\/\/www.camaracg.pb.gov.br\/transparencia#listItem","name":"In\u00edcio"}},{"@type":"ListItem","@id":"https:\/\/www.camaracg.pb.gov.br\/transparencia\/concurso\/#listItem","position":3,"name":"Concurso","previousItem":{"@type":"ListItem","@id":"https:\/\/www.camaracg.pb.gov.br\/transparencia\/category\/concurso\/#listItem","name":"Concurso"}}]},{"@type":"Organization","@id":"https:\/\/www.camaracg.pb.gov.br\/transparencia\/#organization","name":"Portal da Transpar\u00eancia \u2022 C\u00e2mara Municipal de Campina Grande","description":"Bem-vindo ao Portal da Transpar\u00eancia da C\u00e2mara Municipal de Campina Grande","url":"https:\/\/www.camaracg.pb.gov.br\/transparencia\/","logo":{"@type":"ImageObject","url":"https:\/\/www.camaracg.pb.gov.br\/transparencia\/wp-content\/uploads\/2021\/01\/img-camaracg-1.png","@id":"https:\/\/www.camaracg.pb.gov.br\/transparencia\/concurso\/#organizationLogo","width":512,"height":512},"image":{"@id":"https:\/\/www.camaracg.pb.gov.br\/transparencia\/concurso\/#organizationLogo"}},{"@type":"Person","@id":"https:\/\/www.camaracg.pb.gov.br\/transparencia\/author\/adm\/#author","url":"https:\/\/www.camaracg.pb.gov.br\/transparencia\/author\/adm\/","name":"admin","image":{"@type":"ImageObject","@id":"https:\/\/www.camaracg.pb.gov.br\/transparencia\/concurso\/#authorImage","url":"https:\/\/secure.gravatar.com\/avatar\/35c8e8e3703acf022654ef8a1e5552bf531a2226ec0fac0bc1a59a43b7b28bab?s=96&d=mm&r=g","width":96,"height":96,"caption":"admin"}},{"@type":"WebPage","@id":"https:\/\/www.camaracg.pb.gov.br\/transparencia\/concurso\/#webpage","url":"https:\/\/www.camaracg.pb.gov.br\/transparencia\/concurso\/","name":"Concurso | Portal da Transpar\u00eancia \u2022 C\u00e2mara Municipal de Campina Grande","description":"Caso n\u00e3o tenha o Adobe Reader instalado em sua m\u00e1quina basta realizar o download gratuitamente clicando aqui A C\u00e2mara Municipal de Campina Grande tamb\u00e9m est\u00e1 no Portal da Transpar\u00eancia do Tribunal de Contas do Estado da Para\u00edba (TCE-PB), que disponibiliza, em tempo real, informa\u00e7\u00f5es pormenorizadas sobre a execu\u00e7\u00e3o Or\u00e7ament\u00e1ria e Financeira.","inLanguage":"pt-BR","isPartOf":{"@id":"https:\/\/www.camaracg.pb.gov.br\/transparencia\/#website"},"breadcrumb":{"@id":"https:\/\/www.camaracg.pb.gov.br\/transparencia\/concurso\/#breadcrumblist"},"author":{"@id":"https:\/\/www.camaracg.pb.gov.br\/transparencia\/author\/adm\/#author"},"creator":{"@id":"https:\/\/www.camaracg.pb.gov.br\/transparencia\/author\/adm\/#author"},"image":{"@type":"ImageObject","url":"https:\/\/www.camaracg.pb.gov.br\/transparencia\/wp-content\/uploads\/2023\/01\/img-conc.png","@id":"https:\/\/www.camaracg.pb.gov.br\/transparencia\/concurso\/#mainImage","width":640,"height":430},"primaryImageOfPage":{"@id":"https:\/\/www.camaracg.pb.gov.br\/transparencia\/concurso\/#mainImage"},"datePublished":"2018-10-09T19:52:53-03:00","dateModified":"2023-01-25T11:04:00-03:00"},{"@type":"WebSite","@id":"https:\/\/www.camaracg.pb.gov.br\/transparencia\/#website","url":"https:\/\/www.camaracg.pb.gov.br\/transparencia\/","name":"Portal da Transpar\u00eancia \u2022 C\u00e2mara Municipal de Campina Grande","description":"Bem-vindo ao Portal da Transpar\u00eancia da C\u00e2mara Municipal de Campina Grande","inLanguage":"pt-BR","publisher":{"@id":"https:\/\/www.camaracg.pb.gov.br\/transparencia\/#organization"}}]},"og:locale":"pt_BR","og:site_name":"Portal da Transpar\u00eancia \u2022 C\u00e2mara Municipal de Campina Grande","og:type":"activity","og:title":"Concurso | Portal da Transpar\u00eancia \u2022 C\u00e2mara Municipal de Campina Grande","og:description":"Caso n\u00e3o tenha o Adobe Reader instalado em sua m\u00e1quina basta realizar o download gratuitamente clicando aqui A C\u00e2mara Municipal de Campina Grande tamb\u00e9m est\u00e1 no Portal da Transpar\u00eancia do Tribunal de Contas do Estado da Para\u00edba (TCE-PB), que disponibiliza, em tempo real, informa\u00e7\u00f5es pormenorizadas sobre a execu\u00e7\u00e3o Or\u00e7ament\u00e1ria e Financeira.","og:url":"https:\/\/www.camaracg.pb.gov.br\/transparencia\/concurso\/","twitter:card":"summary","twitter:title":"Concurso | Portal da Transpar\u00eancia \u2022 C\u00e2mara Municipal de Campina Grande","twitter:description":"Caso n\u00e3o tenha o Adobe Reader instalado em sua m\u00e1quina basta realizar o download gratuitamente clicando aqui A C\u00e2mara Municipal de Campina Grande tamb\u00e9m est\u00e1 no Portal da Transpar\u00eancia do Tribunal de Contas do Estado da Para\u00edba (TCE-PB), que disponibiliza, em tempo real, informa\u00e7\u00f5es pormenorizadas sobre a execu\u00e7\u00e3o Or\u00e7ament\u00e1ria e Financeira.","twitter:image":"https:\/\/www.camaracg.pb.gov.br\/transparencia\/wp-content\/uploads\/2023\/01\/img-conc.png"},"aioseo_meta_data":{"post_id":"1264","title":null,"description":null,"keywords":[],"keyphrases":{"focus":{"keyphrase":"","score":0,"analysis":{"keyphraseInTitle":{"score":0,"maxScore":9,"error":1}}},"additional":[]},"primary_term":null,"canonical_url":null,"og_title":null,"og_description":null,"og_object_type":"activity","og_image_type":"custom_image","og_image_url":"","og_image_width":"0","og_image_height":"0","og_image_custom_url":null,"og_image_custom_fields":null,"og_video":"","og_custom_url":null,"og_article_section":null,"og_article_tags":[],"twitter_use_og":false,"twitter_card":"summary","twitter_image_type":"default","twitter_image_url":null,"twitter_image_custom_url":null,"twitter_image_custom_fields":null,"twitter_title":null,"twitter_description":null,"schema":{"blockGraphs":[],"customGraphs":[],"default":{"data":{"Article":[],"Course":[],"Dataset":[],"FAQPage":[],"Movie":[],"Person":[],"Product":[],"ProductReview":[],"Car":[],"Recipe":[],"Service":[],"SoftwareApplication":[],"WebPage":[]},"graphName":"Article","isEnabled":true},"graphs":[]},"schema_type":null,"schema_type_options":null,"pillar_content":false,"robots_default":true,"robots_noindex":false,"robots_noarchive":false,"robots_nosnippet":false,"robots_nofollow":false,"robots_noimageindex":false,"robots_noodp":false,"robots_notranslate":false,"robots_max_snippet":"-1","robots_max_videopreview":"-1","robots_max_imagepreview":"large","priority":null,"frequency":"default","local_seo":null,"breadcrumb_settings":null,"limit_modified_date":false,"ai":null,"created":"2021-01-04 18:33:45","updated":"2025-07-14 12:26:22","seo_analyzer_scan_date":null},"_links":{"self":[{"href":"https:\/\/www.camaracg.pb.gov.br\/transparencia\/wp-json\/wp\/v2\/posts\/1264","targetHints":{"allow":["GET"]}}],"collection":[{"href":"https:\/\/www.camaracg.pb.gov.br\/transparencia\/wp-json\/wp\/v2\/posts"}],"about":[{"href":"https:\/\/www.camaracg.pb.gov.br\/transparencia\/wp-json\/wp\/v2\/types\/post"}],"author":[{"embeddable":true,"href":"https:\/\/www.camaracg.pb.gov.br\/transparencia\/wp-json\/wp\/v2\/users\/1"}],"replies":[{"embeddable":true,"href":"https:\/\/www.camaracg.pb.gov.br\/transparencia\/wp-json\/wp\/v2\/comments?post=1264"}],"version-history":[{"count":5,"href":"https:\/\/www.camaracg.pb.gov.br\/transparencia\/wp-json\/wp\/v2\/posts\/1264\/revisions"}],"predecessor-version":[{"id":1907,"href":"https:\/\/www.camaracg.pb.gov.br\/transparencia\/wp-json\/wp\/v2\/posts\/1264\/revisions\/1907"}],"wp:featuredmedia":[{"embeddable":true,"href":"https:\/\/www.camaracg.pb.gov.br\/transparencia\/wp-json\/wp\/v2\/media\/2628"}],"wp:attachment":[{"href":"https:\/\/www.camaracg.pb.gov.br\/transparencia\/wp-json\/wp\/v2\/media?parent=1264"}],"wp:term":[{"taxonomy":"category","embeddable":true,"href":"https:\/\/www.camaracg.pb.gov.br\/transparencia\/wp-json\/wp\/v2\/categories?post=1264"},{"taxonomy":"post_tag","embeddable":true,"href":"https:\/\/www.camaracg.pb.gov.br\/transparencia\/wp-json\/wp\/v2\/tags?post=1264"}],"curies":[{"name":"wp","href":"https:\/\/api.w.org\/{rel}","templated":true}]}}