{"id":1386,"date":"2019-01-26T10:25:43","date_gmt":"2019-01-26T13:25:43","guid":{"rendered":"https:\/\/www.camaracg.pb.gov.br\/transparencia\/?p=1386"},"modified":"2020-02-03T18:53:44","modified_gmt":"2020-02-03T21:53:44","slug":"licitacoes-2019","status":"publish","type":"post","link":"https:\/\/www.camaracg.pb.gov.br\/transparencia\/licitacoes-2019\/","title":{"rendered":"Licita\u00e7\u00f5es 2019"},"content":{"rendered":"\n<table id=\"tablepress-48\" class=\"tablepress tablepress-id-48\">\n<thead>\n<tr class=\"row-1\">\n\t<th class=\"column-1\">N\u00famero<\/th><th class=\"column-2\">Data<\/th><th class=\"column-3\">Edital<\/th><th class=\"column-4\">Modalidade<\/th><th class=\"column-5\">Tipo<\/th>\n<\/tr>\n<\/thead>\n<tbody class=\"row-striping row-hover\">\n<tr class=\"row-2\">\n\t<td class=\"column-1\">00001\/2019<\/td><td class=\"column-2\">05\/02\/2019<br \/>\n<br \/>\n<br \/>\n<br \/>\n<br \/>\n<br \/>\n<br \/>\n06\/02\/2019<\/td><td class=\"column-3\"><a href=\"https:\/\/www.camaracg.pb.gov.br\/transparencia\/wp-content\/uploads\/2019\/01\/AVISO-LICITA\u00c7\u00c3O-PP-00001-2019-GERADOR.pdf\" target=\"_blank\" rel=\"noopener noreferrer\">AVISO DE LICITACAO<\/a><br \/>\n<br \/>\n<a href=\"https:\/\/www.camaracg.pb.gov.br\/transparencia\/wp-content\/uploads\/2019\/01\/EDITAL-PP-00001-2019-GERADOR.pdf\" target=\"_blank\" rel=\"noopener noreferrer\">CONTRATA\u00c7\u00c3O DE EMPRESA PARA INSTALA\u00c7\u00c3O<br \/>\nDE UMA SUBESTA\u00c7\u00c3O ELETRICA 225KVA, NA C\u00c2MARA MUNICIPAL DE CAMPINA<br \/>\nGRANDE<\/a><br \/>\n<br \/>\n<a href=\"https:\/\/www.camaracg.pb.gov.br\/transparencia\/wp-content\/uploads\/2019\/02\/001012019-CONTRATO-ADMINISTRATIVO-ELETROLUZ.pdf\" target=\"_blank\" rel=\"noopener noreferrer\">00101\/2019 - CONTRATO ADMINISTRATIVO<\/a><\/td><td class=\"column-4\">Preg\u00e3o Presencial<\/td><td class=\"column-5\">1-Compras e Servi\u00e7os<\/td>\n<\/tr>\n<tr class=\"row-3\">\n\t<td class=\"column-1\">00002\/2019<\/td><td class=\"column-2\">06\/02\/2019<br \/>\n<br \/>\n<br \/>\n<br \/>\n21\/02\/2019<br \/>\n<\/td><td class=\"column-3\"><a href=\"https:\/\/www.camaracg.pb.gov.br\/transparencia\/wp-content\/uploads\/2019\/01\/AVISO-LICITA\u00c7\u00c3O-PP-00002-2019-COMBUSTIVEL.pdf\" target=\"_blank\" rel=\"noopener noreferrer\">AVISO DE LICITACAO<\/a><br \/>\n<br \/>\n<a href=\"https:\/\/www.camaracg.pb.gov.br\/transparencia\/wp-content\/uploads\/2019\/01\/EDITAL-PP-00002-2019-COMBUSTIVEL.pdf\" target=\"_blank\" rel=\"noopener noreferrer\">AQUISI\u00c7\u00c3O DE COMBUST\u00cdVEL (GASOLINA)<\/a><br \/>\n<br \/>\n<a href=\"https:\/\/www.camaracg.pb.gov.br\/transparencia\/wp-content\/uploads\/2019\/03\/DJCOMBUSTIVES.pdf\" target=\"_blank\" rel=\"noopener noreferrer\">CONTRATO<\/a><\/td><td class=\"column-4\">Preg\u00e3o Presencial<\/td><td class=\"column-5\">1-Compras e Servi\u00e7os<\/td>\n<\/tr>\n<tr class=\"row-4\">\n\t<td class=\"column-1\">00003\/2019<\/td><td class=\"column-2\">11\/03\/2019<\/td><td class=\"column-3\"><a href=\"https:\/\/www.camaracg.pb.gov.br\/transparencia\/wp-content\/uploads\/2019\/03\/EDITAL-PP-00003-2019-GENEROS-E-LIMPEZA.pdf\" target=\"_blank\" rel=\"noopener noreferrer\">AQUISI\u00c7\u00c3O DE G\u00caNEROS ALIMENTICIOS E MATERIAL DE LIMPEZA<\/a><br \/>\n<br \/>\n<\/td><td class=\"column-4\">Preg\u00e3o Presencial<\/td><td class=\"column-5\">1-Compras e Servi\u00e7os<\/td>\n<\/tr>\n<tr class=\"row-5\">\n\t<td class=\"column-1\">00004\/2019<\/td><td class=\"column-2\">11\/03\/2019<\/td><td class=\"column-3\"><a href=\"https:\/\/www.camaracg.pb.gov.br\/transparencia\/wp-content\/uploads\/2019\/03\/EDITAL-PP-00004-2019-XEROX-E-MATERIAL-GRAFICO.pdf\" target=\"_blank\" rel=\"noopener noreferrer\">CONTRATA\u00c7\u00c3O DE EMPRESA PARA O FORNECIMENTO DE C\u00d3PIAS XEROGRAFICAS E IMPRESSOS EM GERAL<\/a><br \/>\n<br \/>\n<\/td><td class=\"column-4\">Preg\u00e3o Presencial<\/td><td class=\"column-5\">1-Compras e Servi\u00e7os<\/td>\n<\/tr>\n<tr class=\"row-6\">\n\t<td class=\"column-1\">00005\/2019<\/td><td class=\"column-2\">09\/04\/2019<\/td><td class=\"column-3\"><a href=\"https:\/\/www.camaracg.pb.gov.br\/transparencia\/wp-content\/uploads\/2019\/04\/EDITAL-PP-00005-2019-MATERIAL-ELETRICO.pdf\" target=\"_blank\" rel=\"noopener noreferrer\"> AQUISI\u00c7\u00c3O DE MATERIAL EL\u00c9TRICO<\/a><br \/>\n<br \/>\n<\/td><td class=\"column-4\">Preg\u00e3o Presencial<\/td><td class=\"column-5\">1-Compras e Servi\u00e7os<\/td>\n<\/tr>\n<tr class=\"row-7\">\n\t<td class=\"column-1\">00006\/2019<\/td><td class=\"column-2\">25\/04\/2019<\/td><td class=\"column-3\"><a href=\"https:\/\/www.camaracg.pb.gov.br\/transparencia\/wp-content\/uploads\/2019\/04\/EDITAL-PP-00006-MATERIAL-EXPEDIENTE.pdf\" target=\"_blank\" rel=\"noopener noreferrer\"> AQUISI\u00c7\u00c3O DE MATERIAL DE EXPEDIENTE<\/a><br \/>\n<br \/>\n<\/td><td class=\"column-4\">Preg\u00e3o Presencial<\/td><td class=\"column-5\">1-Compras e Servi\u00e7os<\/td>\n<\/tr>\n<tr class=\"row-8\">\n\t<td class=\"column-1\">00007\/2019<\/td><td class=\"column-2\">25\/04\/2019<\/td><td class=\"column-3\"><a href=\"https:\/\/www.camaracg.pb.gov.br\/transparencia\/wp-content\/uploads\/2019\/04\/EDITAL-PP-00007-CONTRATACAO-SOFTWARE-FOLHA-AMOXARIFADO-FROTA.pdf\" target=\"_blank\" rel=\"noopener noreferrer\">CONTRATA\u00c7\u00c3O DE EMPRESA PARA ASSESSORIA ADMINISTRATIVA NA IMPLANTA\u00c7\u00c3O E ELABORA\u00c7\u00c3O DA FOLHA DE PAGAMENTO, LOCA\u00c7\u00c3O DE SOFTWARE PARA ALMOXARIFADO E PARA CONTROLE DE FROTA DE VE\u00cdCULOS<\/a><br \/>\n<br \/>\n<\/td><td class=\"column-4\">Preg\u00e3o Presencial<\/td><td class=\"column-5\">1-Compras e Servi\u00e7os<\/td>\n<\/tr>\n<tr class=\"row-9\">\n\t<td class=\"column-1\">00008\/2019<\/td><td class=\"column-2\">01\/08\/2019<\/td><td class=\"column-3\"><a href=\"https:\/\/www.camaracg.pb.gov.br\/transparencia\/wp-content\/uploads\/2019\/07\/EDITAL-PP-00008-2019-SOFTWARE-DE-CONTABILIDADE.pdf\" target=\"_blank\" rel=\"noopener noreferrer\">CONTRATA\u00c7\u00c3O DE EMPRESA ESPECIALIZADA PARA SERVI\u00c7OS DE LOCA\u00c7\u00c3O DE SOFTWARES CUSTOMIZADOS DE GEST\u00c3O P\u00daBLICA PARA ATENDER A DEMANDA DA C\u00c2MARA MUNICIPAL DE CAMPINA GRANDE-PB<\/a><br \/>\n<br \/>\n<a href=\"https:\/\/www.camaracg.pb.gov.br\/transparencia\/wp-content\/uploads\/2019\/08\/TERMO-DE-HOMOLOGA\u00c7\u00c3O-PUBLIC-SOFT.pdf\" target=\"_blank\" rel=\"noopener noreferrer\">TERMO DE HOMOLOGA\u00c7\u00c3O  PP 008-2019<\/a><br \/>\n<br \/>\n<\/td><td class=\"column-4\">Preg\u00e3o Presencial<\/td><td class=\"column-5\">1-Compras e Servi\u00e7os<\/td>\n<\/tr>\n<tr class=\"row-10\">\n\t<td class=\"column-1\">00009\/2019<\/td><td class=\"column-2\">01\/08\/2019<\/td><td class=\"column-3\"><a href=\"https:\/\/www.camaracg.pb.gov.br\/transparencia\/wp-content\/uploads\/2019\/07\/Edital-PP-00009-2019-Telefonia-Fixa-CORRETO.pdf\" target=\"_blank\" rel=\"noopener noreferrer\">CONTRATA\u00c7\u00c3O DE EMPRESA ESPECIALIZADA NA PRESTA\u00c7\u00c3O DE SERVI\u00c7O TELEF\u00d4NICO FIXO COMUTADO (FIXO-FIXO E FIXO-M\u00d3VEL), A SER EXECUTADO DE FORMA CONT\u00cdNUA<\/a><br \/>\n<br \/>\n<a href=\"https:\/\/www.camaracg.pb.gov.br\/transparencia\/wp-content\/uploads\/2019\/07\/Impugna%C3%A7%C3%A3o-OI-29.07.2019.pdf\" target=\"_blank\" rel=\"noopener noreferrer\">IMPUGNA\u00c7\u00c3O AOS TERMOS DO EDITAL<\/a><br \/>\n<br \/>\n<a href=\"https:\/\/www.camaracg.pb.gov.br\/transparencia\/wp-content\/uploads\/2019\/07\/EXTRATO-DE-AVISO-DE-ADENDO-PP-009-2019.pdf\" target=\"_blank\" rel=\"noopener noreferrer\">EXTRATO DE AVISO DE ADENDO PP 0009-2019<\/a><br \/>\n<br \/>\n<a href=\"https:\/\/www.camaracg.pb.gov.br\/transparencia\/wp-content\/uploads\/2019\/08\/TERMO-DE-HOMOLOGA%C3%87%C3%83O-TELEFONIA.pdf\" target=\"_blank\" rel=\"noopener noreferrer\">TERMO DE HOMOLOGA\u00c7\u00c3O  PP 0009-2019<\/a><br \/>\n<\/td><td class=\"column-4\">Preg\u00e3o Presencial<\/td><td class=\"column-5\">1-Compras e Servi\u00e7os<\/td>\n<\/tr>\n<tr class=\"row-11\">\n\t<td class=\"column-1\">00010\/2019<\/td><td class=\"column-2\">01\/08\/2019<br \/>\n<br \/>\n<br \/>\n<br \/>\n<br \/>\n<br \/>\n29\/08\/2019<br \/>\n<br \/>\n<br \/>\n<br \/>\n26\/08\/2019<\/td><td class=\"column-3\"><a href=\"https:\/\/www.camaracg.pb.gov.br\/transparencia\/wp-content\/uploads\/2019\/07\/Edital-PP-00010-2019-TELEFONIA-MOVEL.pdf\" target=\"_blank\" rel=\"noopener noreferrer\">CONTRATA\u00c7\u00c3O DE EMPRESA AUTORIZADA\/CONCESSION\u00c1RIA DE SERVI\u00c7OS DE TELECOMUNICA\u00c7\u00d5ES PARA PRESTA\u00c7\u00c3O DE SERVI\u00c7OS DE TELEFONIA M\u00d3VEL COM FORNECIMENTO DE APARELHOS POR COMODATO<\/a><br \/>\n<br \/>\n<a href=\"https:\/\/www.camaracg.pb.gov.br\/transparencia\/wp-content\/uploads\/2019\/08\/Edital-PP-00010-2019-TELEFONIA-MOVEL-Republica\u00e7\u00e3o.pdf\" target=\"_blank\" rel=\"noopener noreferrer\">CONTRATA\u00c7\u00c3O DE EMPRESA AUTORIZADA\/CONCESSION\u00c1RIA DE SERVI\u00c7OS DE TELECOMUNICA\u00c7\u00d5ES PARA PRESTA\u00c7\u00c3O DE SERVI\u00c7OS DE TELEFONIA M\u00d3VEL COM FORNECIMENTO DE APARELHOS POR COMODATO (REPUBLICA\u00c7\u00c3O)<\/a><br \/>\n<br \/>\n<a href=\"https:\/\/www.camaracg.pb.gov.br\/transparencia\/wp-content\/uploads\/2019\/08\/IMPUGNACAO-CMCG.pdf\" target=\"_blank\" rel=\"noopener noreferrer\">IMPUGNA\u00c7\u00c3O AOS TERMOS DO EDITAL<\/a><\/td><td class=\"column-4\">Preg\u00e3o Presencial<\/td><td class=\"column-5\">1-Compras e Servi\u00e7os<\/td>\n<\/tr>\n<tr class=\"row-12\">\n\t<td class=\"column-1\">00011\/2019<\/td><td class=\"column-2\">01\/08\/2019<\/td><td class=\"column-3\"><a href=\"https:\/\/www.camaracg.pb.gov.br\/transparencia\/wp-content\/uploads\/2019\/07\/EDITAL-PP-00011-2019-DIGITALIZACAO.pdf\" target=\"_blank\" rel=\"noopener noreferrer\">CONTRATA\u00c7\u00c3O DE EMPRESA ESPECIALIZADA NA PRESTA\u00c7\u00c3O DE SERVI\u00c7OS COMPREENDENDO A PREPARA\u00c7\u00c3O E DIGITALIZA\u00c7\u00c3O DE DOCUMENTOS DA C\u00c2MARA MUNICIPAL DE CAMPINA GRANDE-PB<\/a><br \/>\n<br \/>\n<a href=\"https:\/\/www.camaracg.pb.gov.br\/transparencia\/wp-content\/uploads\/2019\/08\/TERMO-DE-HOMOLOGA\u00c7\u00c3O-DIGITALIZA\u00c7\u00c3O.pdf\" target=\"_blank\" rel=\"noopener noreferrer\">TERMO DE HOMOLOGA\u00c7\u00c3O  PP 00011-2019<\/a><br \/>\n<br \/>\n<\/td><td class=\"column-4\">Preg\u00e3o Presencial<\/td><td class=\"column-5\">1-Compras e Servi\u00e7os<\/td>\n<\/tr>\n<tr class=\"row-13\">\n\t<td class=\"column-1\">00012\/2019<\/td><td class=\"column-2\">29\/08\/2019<\/td><td class=\"column-3\"><a href=\"https:\/\/www.camaracg.pb.gov.br\/transparencia\/wp-content\/uploads\/2019\/08\/Edital-PP-00012-2019-AQUISI\u00c7\u00c3O-DE-COMPUTADORES.pdf\" target=\"_blank\" rel=\"noopener noreferrer\">AQUISI\u00c7\u00c3O DE COMPUTADORES E NOTEBOOKS<\/a><\/td><td class=\"column-4\">Preg\u00e3o Presencial<\/td><td class=\"column-5\">1-Compras e Servi\u00e7os<\/td>\n<\/tr>\n<tr class=\"row-14\">\n\t<td class=\"column-1\">00013\/2019<\/td><td class=\"column-2\">11\/09\/2019<br \/>\n<br \/>\n<br \/>\n16\/09\/2019<\/td><td class=\"column-3\"><a href=\"https:\/\/www.camaracg.pb.gov.br\/transparencia\/wp-content\/uploads\/2019\/09\/EDITAL-PP-00013-2019-GENEROS-E-LIMPEZA.pdf\" target=\"_blank\" rel=\"noopener noreferrer\">AQUISI\u00c7\u00c3O DE G\u00caNEROS ALIMENTICIOS E MATERIAL DE LIMPEZA<\/a><br \/>\n<br \/>\n<a href=\"https:\/\/www.camaracg.pb.gov.br\/transparencia\/wp-content\/uploads\/2019\/09\/TERMO-DE-HOMOLOGACAO.pdf\" target=\"_blank\" rel=\"noopener noreferrer\">TERMO DE HOMOLOGA\u00c7\u00c3O<\/a><\/td><td class=\"column-4\">Preg\u00e3o Presencial<\/td><td class=\"column-5\">1-Compras e Servi\u00e7os<\/td>\n<\/tr>\n<tr class=\"row-15\">\n\t<td class=\"column-1\">00014\/2019<\/td><td class=\"column-2\">10\/10\/2019<\/td><td class=\"column-3\"><a href=\"https:\/\/www.camaracg.pb.gov.br\/transparencia\/wp-content\/uploads\/2019\/09\/EDITAL-PP-00014-2019-GENEROS-E-LIMPEZA.pdf\" target=\"_blank\" rel=\"noopener noreferrer\">AQUISI\u00c7\u00c3O DE G\u00caNEROS ALIMENTICIOS E MATERIAL DE LIMPEZA<\/a><br \/>\n<\/td><td class=\"column-4\">Preg\u00e3o Presencial<\/td><td class=\"column-5\">1-Compras e Servi\u00e7os<\/td>\n<\/tr>\n<tr class=\"row-16\">\n\t<td class=\"column-1\">00015\/2019<\/td><td class=\"column-2\">06\/11\/2019<\/td><td class=\"column-3\"><a href=\"https:\/\/www.camaracg.pb.gov.br\/transparencia\/wp-content\/uploads\/2019\/10\/Edital-PP-00015-2019.pdf\" target=\"_blank\" rel=\"noopener noreferrer\">CONTRATA\u00c7\u00c3O DE EMPRESA(S) ESPECIALIZADA(S) NO FORNECIMENTO DE SERVI\u00c7OS DE COMUNICA\u00c7\u00c3O DE DADOS COM A INTERNET NAS MODALIDADES TERRESTRE. TODOS OS PRODUTOS E SERVI\u00c7OS DEVER\u00c3O SER OR\u00c7ADOS PARA UM PER\u00cdODO M\u00cdNIMO DE CONTRATO DE 12 (DOZE) MESES PARA A C\u00c2MARA MUNICIPAL DE CAMPINA GRANDE<\/a><br \/>\n<\/td><td class=\"column-4\">Preg\u00e3o Presencial<\/td><td class=\"column-5\">1-Compras e Servi\u00e7os<\/td>\n<\/tr>\n<tr class=\"row-17\">\n\t<td class=\"column-1\">00016\/2019<\/td><td class=\"column-2\">28\/11\/2019<\/td><td class=\"column-3\"><a href=\"https:\/\/www.camaracg.pb.gov.br\/transparencia\/wp-content\/uploads\/2019\/11\/Edital-PP-00016-2019-AQUISICAO-DE-EQUIPAMENTOS-DE-MONITORAMENTO.pdf\" target=\"_blank\" rel=\"noopener noreferrer\">AQUISI\u00c7\u00c3O DE EQUIPAMENTOS DE MONITORAMENTO.<\/a><br \/>\n<\/td><td class=\"column-4\">Preg\u00e3o Presencial<\/td><td class=\"column-5\">1-Compras e Servi\u00e7os<\/td>\n<\/tr>\n<tr class=\"row-18\">\n\t<td class=\"column-1\">00017\/2019<\/td><td class=\"column-2\">28\/11\/2019<\/td><td class=\"column-3\"><a href=\"https:\/\/www.camaracg.pb.gov.br\/transparencia\/wp-content\/uploads\/2019\/11\/Edital-PP-00017-2019-AQUISICAO-DE-COMPUTADORES.pdf\" target=\"_blank\" rel=\"noopener noreferrer\">AQUISI\u00c7\u00c3O DE EQUIPAMENTOS DE INFORMATICA.<\/a><br \/>\n<\/td><td class=\"column-4\">Preg\u00e3o Presencial<\/td><td class=\"column-5\">1-Compras e Servi\u00e7os<\/td>\n<\/tr>\n<\/tbody>\n<\/table>\n<!-- #tablepress-48 from cache -->\nCaso n\u00e3o tenha o <strong>Adobe Reader<\/strong> instalado em sua m\u00e1quina basta realizar o download gratuitamente clicando <strong><a href=\"https:\/\/get.adobe.com\/br\/reader\" target=\"_blank\" rel=\"noopener noreferrer\">aqui<\/a><\/strong><\/p>\n<pre>A C\u00e2mara Municipal de Campina Grande tamb\u00e9m est\u00e1 no Portal da Transpar\u00eancia do Tribunal de Contas do Estado da Para\u00edba (TCE-PB), que disponibiliza, em tempo real, informa\u00e7\u00f5es pormenorizadas sobre a execu\u00e7\u00e3o Or\u00e7ament\u00e1ria e Financeira.<\/pre>\n","protected":false},"excerpt":{"rendered":"<p>Caso n\u00e3o tenha o Adobe Reader instalado em sua m\u00e1quina basta realizar o download gratuitamente clicando aqui A C\u00e2mara Municipal de Campina Grande tamb\u00e9m est\u00e1 no Portal da Transpar\u00eancia do Tribunal de Contas do Estado da Para\u00edba (TCE-PB), que disponibiliza, &hellip; <a class=\"kt-excerpt-readmore\" href=\"https:\/\/www.camaracg.pb.gov.br\/transparencia\/licitacoes-2019\/\" aria-label=\"Licita\u00e7\u00f5es 2019\">leia mais<\/a><\/p>\n","protected":false},"author":1,"featured_media":1763,"comment_status":"closed","ping_status":"closed","sticky":false,"template":"","format":"standard","meta":{"footnotes":""},"categories":[35],"tags":[],"class_list":["post-1386","post","type-post","status-publish","format-standard","has-post-thumbnail","hentry","category-licitacoes-cmcg"],"aioseo_notices":[],"_links":{"self":[{"href":"https:\/\/www.camaracg.pb.gov.br\/transparencia\/wp-json\/wp\/v2\/posts\/1386","targetHints":{"allow":["GET"]}}],"collection":[{"href":"https:\/\/www.camaracg.pb.gov.br\/transparencia\/wp-json\/wp\/v2\/posts"}],"about":[{"href":"https:\/\/www.camaracg.pb.gov.br\/transparencia\/wp-json\/wp\/v2\/types\/post"}],"author":[{"embeddable":true,"href":"https:\/\/www.camaracg.pb.gov.br\/transparencia\/wp-json\/wp\/v2\/users\/1"}],"replies":[{"embeddable":true,"href":"https:\/\/www.camaracg.pb.gov.br\/transparencia\/wp-json\/wp\/v2\/comments?post=1386"}],"version-history":[{"count":2,"href":"https:\/\/www.camaracg.pb.gov.br\/transparencia\/wp-json\/wp\/v2\/posts\/1386\/revisions"}],"predecessor-version":[{"id":1767,"href":"https:\/\/www.camaracg.pb.gov.br\/transparencia\/wp-json\/wp\/v2\/posts\/1386\/revisions\/1767"}],"wp:featuredmedia":[{"embeddable":true,"href":"https:\/\/www.camaracg.pb.gov.br\/transparencia\/wp-json\/wp\/v2\/media\/1763"}],"wp:attachment":[{"href":"https:\/\/www.camaracg.pb.gov.br\/transparencia\/wp-json\/wp\/v2\/media?parent=1386"}],"wp:term":[{"taxonomy":"category","embeddable":true,"href":"https:\/\/www.camaracg.pb.gov.br\/transparencia\/wp-json\/wp\/v2\/categories?post=1386"},{"taxonomy":"post_tag","embeddable":true,"href":"https:\/\/www.camaracg.pb.gov.br\/transparencia\/wp-json\/wp\/v2\/tags?post=1386"}],"curies":[{"name":"wp","href":"https:\/\/api.w.org\/{rel}","templated":true}]}}