{"id":1404,"date":"2019-01-16T15:26:07","date_gmt":"2019-01-16T18:26:07","guid":{"rendered":"https:\/\/www.camaracg.pb.gov.br\/transparencia\/?p=1404"},"modified":"2019-09-13T15:00:49","modified_gmt":"2019-09-13T18:00:49","slug":"contratos-2019","status":"publish","type":"post","link":"https:\/\/www.camaracg.pb.gov.br\/transparencia\/contratos-2019\/","title":{"rendered":"Contratos 2019"},"content":{"rendered":"\n<table id=\"tablepress-52\" class=\"tablepress tablepress-id-52\">\n<thead>\n<tr class=\"row-1\">\n\t<th class=\"column-1\">N\u00famero<\/th><th class=\"column-2\">Data<\/th><th class=\"column-3\">Descri\u00e7\u00e3o<\/th><th class=\"column-4\">Documento<\/th>\n<\/tr>\n<\/thead>\n<tbody class=\"row-striping row-hover\">\n<tr class=\"row-2\">\n\t<td class=\"column-1\">02802\/2019<\/td><td class=\"column-2\">04\/12\/2019<\/td><td class=\"column-3\">AQUISI\u00c7\u00c3O DE EQUIPAMENTOS DE INFORM\u00c1TICA<\/td><td class=\"column-4\"><a href=\"https:\/\/www.camaracg.pb.gov.br\/transparencia\/wp-content\/uploads\/2019\/12\/CONTRATO-02802-EIRELI.pdf\" target=\"_blank\" rel=\"noopener noreferrer\">Ver Anexo<\/a><br \/>\n<\/td>\n<\/tr>\n<tr class=\"row-3\">\n\t<td class=\"column-1\">02801\/2019<\/td><td class=\"column-2\">04\/12\/2019<\/td><td class=\"column-3\">AQUISI\u00c7\u00c3O DE EQUIPAMENTOS DE INFORM\u00c1TICA<\/td><td class=\"column-4\"><a href=\"https:\/\/www.camaracg.pb.gov.br\/transparencia\/wp-content\/uploads\/2019\/12\/CONTRATO-02802-EBARA.pdf\" target=\"_blank\" rel=\"noopener noreferrer\">Ver Anexo<\/a><br \/>\n<\/td>\n<\/tr>\n<tr class=\"row-4\">\n\t<td class=\"column-1\">02901\/2019<\/td><td class=\"column-2\">25\/11\/2019<\/td><td class=\"column-3\">AQUISI\u00c7\u00c3O DE M\u00d3VEIS PLANEJADOS<\/td><td class=\"column-4\"><a href=\"https:\/\/www.camaracg.pb.gov.br\/transparencia\/wp-content\/uploads\/2019\/11\/CONTRATO-2901-AQUISI\u00c7\u00c3O-DE-MOVEIS-PLANEJADOS-.pdf\" target=\"_blank\" rel=\"noopener noreferrer\">Ver Anexo<\/a><br \/>\n<\/td>\n<\/tr>\n<tr class=\"row-5\">\n\t<td class=\"column-1\">02102\/2019<\/td><td class=\"column-2\">16\/09\/2019<\/td><td class=\"column-3\">AQUISI\u00c7\u00c3O DE G\u00caNEROS ALIMENT\u00cdCIOS E MATERIAL DE LIMPEZA<\/td><td class=\"column-4\"><a href=\"https:\/\/www.camaracg.pb.gov.br\/transparencia\/wp-content\/uploads\/2019\/09\/CONTRATO-02102-SUPRIMAIS.pdf\" target=\"_blank\" rel=\"noopener noreferrer\">Ver Anexo<\/a><br \/>\n<\/td>\n<\/tr>\n<tr class=\"row-6\">\n\t<td class=\"column-1\">02101\/2019<\/td><td class=\"column-2\">16\/09\/2019<\/td><td class=\"column-3\">AQUISI\u00c7\u00c3O DE G\u00caNEROS ALIMENT\u00cdCIOS E MATERIAL DE LIMPEZA<\/td><td class=\"column-4\"><a href=\"https:\/\/www.camaracg.pb.gov.br\/transparencia\/wp-content\/uploads\/2019\/10\/CONTRATO-GENEROS-ALIMENTICIOS.pdf\" target=\"_blank\" rel=\"noopener noreferrer\">Ver Anexo<\/a><br \/>\n<br \/>\n<\/td>\n<\/tr>\n<tr class=\"row-7\">\n\t<td class=\"column-1\">01701\/2019<\/td><td class=\"column-2\">08\/08\/2019<\/td><td class=\"column-3\">CONTRATA\u00c7\u00c3O DE EMPRESA ESPECIALIZADA NA PRESTA\u00c7\u00c3O DE SERVI\u00c7O TELEF\u00d4NICO FIXO COMUTADO (FIXO-FIXO E FIXO-M\u00d3VEL)<\/td><td class=\"column-4\"><a href=\"https:\/\/www.camaracg.pb.gov.br\/transparencia\/wp-content\/uploads\/2019\/08\/CONTRATO-TELEMAR-ADMINISTRATIVO-01701-TELEFONIA-FIXA.pdf\" target=\"_blank\" rel=\"noopener noreferrer\">Ver Anexo<\/a><\/td>\n<\/tr>\n<tr class=\"row-8\">\n\t<td class=\"column-1\">01901\/2019<\/td><td class=\"column-2\">08\/08\/2019<\/td><td class=\"column-3\">CONTRATA\u00c7\u00c3O DE EMPRESA ESPECIALIZADA NA PRESTA\u00c7\u00c3O DE SERVI\u00c7OS COMPREENDENDO A PREPARA\u00c7\u00c3O E DIGITALIZA\u00c7\u00c3O DE DOCUMENTOS<\/td><td class=\"column-4\"><a href=\"https:\/\/www.camaracg.pb.gov.br\/transparencia\/wp-content\/uploads\/2019\/08\/CONTRATO-ADMINISTRATIVO-TELEFONIA-FIXA.pdf\" target=\"_blank\" rel=\"noopener noreferrer\">Ver Anexo<\/a><\/td>\n<\/tr>\n<tr class=\"row-9\">\n\t<td class=\"column-1\">01701\/2019<\/td><td class=\"column-2\">08\/08\/2019<\/td><td class=\"column-3\">CONTRATA\u00c7\u00c3O DE EMPRESA ESPECIALIZADA NA PRESTA\u00c7\u00c3O DE SERVI\u00c7O TELEF\u00d4NICO FIXO COMUTADO (FIXO-FIXO E FIXO-M\u00d3VEL)<\/td><td class=\"column-4\"><a href=\"https:\/\/www.camaracg.pb.gov.br\/transparencia\/wp-content\/uploads\/2019\/08\/CONTRATO-ADMINISTRATIVO-TELEFONIA-FIXA.pdf\" target=\"_blank\" rel=\"noopener noreferrer\">Ver Anexo<\/a><\/td>\n<\/tr>\n<tr class=\"row-10\">\n\t<td class=\"column-1\">01601\/2019<\/td><td class=\"column-2\">08\/08\/2019<\/td><td class=\"column-3\">CONTRATA\u00c7\u00c3O DE EMPRESA ESPECIALIZADA PARA SERVI\u00c7OS DE LOCA\u00c7\u00c3O DE SOFTWARES CUSTOMIZADOS DE GEST\u00c3O P\u00daBLICA<br \/>\n<br \/>\nPROCURA\u00c7\u00c3O<\/td><td class=\"column-4\"><a href=\"https:\/\/www.camaracg.pb.gov.br\/transparencia\/wp-content\/uploads\/2019\/08\/CONTRATO-PUBLICSOFT.pdf\" target=\"_blank\" rel=\"noopener noreferrer\">Ver Anexo<\/a><br \/>\n<br \/>\n<a href=\"https:\/\/www.camaracg.pb.gov.br\/transparencia\/wp-content\/uploads\/2019\/08\/PROCURACAO-COSME.pdf\" target=\"_blank\" rel=\"noopener noreferrer\">Ver Anexo<\/a><\/td>\n<\/tr>\n<tr class=\"row-11\">\n\t<td class=\"column-1\">01501\/2019<\/td><td class=\"column-2\">12\/07\/2019<\/td><td class=\"column-3\">CONTRATA\u00c7\u00c3O DE AQUISI\u00c7\u00c3O DE MATERIAL PERSONALIZADO<\/td><td class=\"column-4\"><a href=\"https:\/\/www.camaracg.pb.gov.br\/transparencia\/wp-content\/uploads\/2019\/07\/CONTRATO-N01501-ALUISIO.pdf\" target=\"_blank\" rel=\"noopener noreferrer\">Ver Anexo<\/a><\/td>\n<\/tr>\n<tr class=\"row-12\">\n\t<td class=\"column-1\">01201\/2019<\/td><td class=\"column-2\">03\/06\/2019<\/td><td class=\"column-3\">CONTRATA\u00c7\u00c3O DE EMPRESA ESPECIALIZADA NA PRESTA\u00c7\u00c3O DE SERVI\u00c7OS COMPREENDENDO A PREPARA\u00c7\u00c3O E DIGITALIZA\u00c7\u00c3O DE DOCUMENTOS DA C\u00c2MARA MUNICIPAL DE CAMPINA GRANDE<br \/>\n<\/td><td class=\"column-4\"><a href=\"https:\/\/www.camaracg.pb.gov.br\/transparencia\/wp-content\/uploads\/2019\/05\/CONTRATO-N-01001-FRANINFORMATICA.pdf\" target=\"_blank\" rel=\"noopener noreferrer\">Ver Anexo<\/a><\/td>\n<\/tr>\n<tr class=\"row-13\">\n\t<td class=\"column-1\">01101\/2019<\/td><td class=\"column-2\">30\/05\/2019<\/td><td class=\"column-3\">CONTRATA\u00c7\u00c3O DE EMPRESA PARA ASSESSORIA ADMINISTRATIVA NA IMPLANTA\u00c7\u00c3O E ELABORA\u00c7\u00c3O DA FOLHA DE PAGAMENTO, LOCA\u00c7\u00c3O DE SOFTWARE PARA ALMOXARIFADO E PARA CONTROLE DE FROTA DE VE\u00cdCULOS<br \/>\n<\/td><td class=\"column-4\"><a href=\"https:\/\/www.camaracg.pb.gov.br\/transparencia\/wp-content\/uploads\/2019\/05\/CONTRATO-N-01001-FRANINFORMATICA.pdf\" target=\"_blank\" rel=\"noopener noreferrer\">Ver Anexo<\/a><\/td>\n<\/tr>\n<tr class=\"row-14\">\n\t<td class=\"column-1\">01102\/2019<\/td><td class=\"column-2\">07\/05\/2019<\/td><td class=\"column-3\">CONTRATA\u00c7\u00c3O DE PRESTA\u00c7\u00c3O DE SERVI\u00c7O DE M\u00c3O DE OBRA DE PEDREIRO E SERVENTE DE PEDREIRO<br \/>\n<br \/>\nDESPACHO DV 00004\/2019<\/td><td class=\"column-4\"><a href=\"https:\/\/www.camaracg.pb.gov.br\/transparencia\/wp-content\/uploads\/2019\/05\/CONTRATO-N0111.2019-MANUNTE\u00c7\u00c3O-DA-CMCG.pdf\" target=\"_blank\" rel=\"noopener noreferrer\">Ver Anexo<\/a><br \/>\n<br \/>\n<br \/>\n<a href=\"https:\/\/www.camaracg.pb.gov.br\/transparencia\/wp-content\/uploads\/2019\/05\/RATIFICACAO-E-ADJUDICAR-SERVI%C3%87OS-DE-MANUNTE%C3%87%C3%83O.pdf\" target=\"_blank\" rel=\"noopener noreferrer\">Ver Anexo<\/a><\/td>\n<\/tr>\n<tr class=\"row-15\">\n\t<td class=\"column-1\">00902\/2019<\/td><td class=\"column-2\">30\/04\/2019<\/td><td class=\"column-3\">CONTRATA\u00c7\u00c3O AQUISI\u00c7\u00c3O DE MATERIAL DE EXPEDIENTE<\/td><td class=\"column-4\"><a href=\"https:\/\/www.camaracg.pb.gov.br\/transparencia\/wp-content\/uploads\/2019\/05\/CONTRATO-N-0902-AQUISI\u00c7\u00c3O-DE-MATERIAL-DE-EXPEDIENTE.pdf\" target=\"_blank\" rel=\"noopener noreferrer\">Ver Anexo<\/a><\/td>\n<\/tr>\n<tr class=\"row-16\">\n\t<td class=\"column-1\">00801\/2019<\/td><td class=\"column-2\">11\/04\/2019<\/td><td class=\"column-3\">CONTRATA\u00c7\u00c3O AQUISI\u00c7\u00c3O DE IMPRESSORAS<\/td><td class=\"column-4\"><a href=\"https:\/\/www.camaracg.pb.gov.br\/transparencia\/wp-content\/uploads\/2019\/04\/CONTRATO-JAVA-EBRAHIM.pdf\" target=\"_blank\" rel=\"noopener noreferrer\">Ver Anexo<\/a><\/td>\n<\/tr>\n<tr class=\"row-17\">\n\t<td class=\"column-1\">00602\/2019<\/td><td class=\"column-2\">25\/03\/2019<\/td><td class=\"column-3\">CONTRATA\u00c7\u00c3O DE EMPRESA PARA O FORNECIMENTO DE C\u00d3PIAS XEROGR\u00c1FICAS E IMPRESSOS EM GERAL<\/td><td class=\"column-4\"><a href=\"https:\/\/www.camaracg.pb.gov.br\/transparencia\/wp-content\/uploads\/2019\/05\/CONTRATO-SANDRO.pdf\" target=\"_blank\" rel=\"noopener noreferrer\">Ver Anexo<\/a><\/td>\n<\/tr>\n<tr class=\"row-18\">\n\t<td class=\"column-1\">00601\/2019<\/td><td class=\"column-2\">25\/04\/2019<\/td><td class=\"column-3\">CONTRATA\u00c7\u00c3O DE EMPRESA PARA O FORNECIMENTO DE C\u00d3PIAS XEROGR\u00c1FICAS E IMPRESSOS EM GERAL<\/td><td class=\"column-4\"><a href=\"https:\/\/www.camaracg.pb.gov.br\/transparencia\/wp-content\/uploads\/2019\/04\/CONTRATO-JDRSA.pdf\" target=\"_blank\" rel=\"noopener noreferrer\">Ver Anexo<\/a><\/td>\n<\/tr>\n<tr class=\"row-19\">\n\t<td class=\"column-1\">0000601\/2019<\/td><td class=\"column-2\">16\/04\/2019<\/td><td class=\"column-3\">AQUISI\u00c7\u00c3O DE MATERIAL EL\u00c9TRICO<\/td><td class=\"column-4\"><a href=\"https:\/\/www.camaracg.pb.gov.br\/transparencia\/wp-content\/uploads\/2019\/09\/CONTRATO-0000601-2019-ELETROLUZ.pdf<\/td><br \/>\n\t\t<\/tr><br \/>\n\t\t<tr><br \/>\n\t\t\t<td>02001\/2019<\/td><br \/>\n\t\t\t<td>05\/09\/2019<\/td><br \/>\n\t\t\t<td>AQUISI\u00c7\u00c3O DE COMPUTADORES E NOTEBOOKS<\/td><br \/>\n\t\t\t<td><a href=\" https:=\"\" target=\"_blank\" rel=\"noopener noreferrer\">Ver Anexo<\/a><\/td>\n<\/tr>\n<tr class=\"row-20\">\n\t<td class=\"column-1\">00701\/2019<\/td><td class=\"column-2\">14\/03\/2019<\/td><td class=\"column-3\">CONTRATA\u00c7\u00c3O DE AQUISI\u00c7\u00c3O DE MATERIAL EL\u00c9TRICO<\/td><td class=\"column-4\"><a href=\"https:\/\/www.camaracg.pb.gov.br\/transparencia\/wp-content\/uploads\/2019\/04\/contrato-eletroluz-ad.pdf\" target=\"_blank\" rel=\"noopener noreferrer\">Ver Anexo<\/a><\/td>\n<\/tr>\n<tr class=\"row-21\">\n\t<td class=\"column-1\">00501\/2019<\/td><td class=\"column-2\">25\/03\/2019<br \/>\n<br \/>\n<br \/>\n13\/08\/2019<br \/>\n<br \/>\n13\/08\/2019<\/td><td class=\"column-3\">CONTRATA\u00c7\u00c3O DE AQUISI\u00c7\u00c3O DE G\u00caNEROS ALIMENT\u00cdCIOS E MATERIAL DE LIMPEZA<br \/>\n<br \/>\nTERMO DE RESCIS\u00c3O UNILATERAL DO CONTRATO N\u00ba 00501\/2019<br \/>\n<br \/>\nEXTRATO DO-TERMO DE RESCIS\u00c3O UNILATERAL<\/td><td class=\"column-4\"><a href=\"https:\/\/www.camaracg.pb.gov.br\/transparencia\/wp-content\/uploads\/2019\/04\/contrato-arnobio.pdf\" target=\"_blank\" rel=\"noopener noreferrer\">Ver Anexo<\/a><br \/>\n<br \/>\n<a href=\"https:\/\/www.camaracg.pb.gov.br\/transparencia\/wp-content\/uploads\/2019\/08\/TERMO-DE-RESCISAO-UNILATERAL-DO-CONTRATO-00501.2019.pdf\" target=\"_blank\" rel=\"noopener noreferrer\">Ver Anexo<\/a><br \/>\n<br \/>\n<a href=\"https:\/\/www.camaracg.pb.gov.br\/transparencia\/wp-content\/uploads\/2019\/08\/EXTRATO-DO-TERMO-DE-RESCISAO-UNILATERAL.pdf\" target=\"_blank\" rel=\"noopener noreferrer\">Ver Anexo<\/a><br \/>\n<br \/>\n<\/td>\n<\/tr>\n<tr class=\"row-22\">\n\t<td class=\"column-1\">00401\/2019<\/td><td class=\"column-2\">21\/02\/2019<\/td><td class=\"column-3\">CONTRATA\u00c7\u00c3O DE EMPRESA PARA LICEN\u00c7A DE USO E MANUTEN\u00c7\u00c3O DE SISTEMAS INFORMATIZADOS DE GEST\u00c3O P\u00daBLICA PARA ATENDER AS DEMANDAS OPERACIONAIS DA C\u00c2MARA MUNICIPAL DE CAMPINA GRANDE<\/td><td class=\"column-4\"><a href=\"https:\/\/www.camaracg.pb.gov.br\/transparencia\/wp-content\/uploads\/2019\/02\/CONTRATO-ELMAR.pdf\" target=\"_blank\" rel=\"noopener noreferrer\">Ver Anexo<\/a><br \/>\n<br \/>\n<\/td>\n<\/tr>\n<tr class=\"row-23\">\n\t<td class=\"column-1\">00301\/2019<\/td><td class=\"column-2\">16\/01\/2019<br \/>\n<br \/>\n17\/01\/2019<\/td><td class=\"column-3\">TERMO DE RATIFICA\u00c7\u00c3O<br \/>\n<br \/>\nCONTRATO DE PRESTA\u00c7\u00c3O DE SERVI\u00c7OS, QUE ENTRE SI FAZEM A C\u00c2MARA MUNICIPAL DE CAMPINA GRANDE - PB E A EMPRESA CLAIR &amp; LEIT\u00c3O CONTABILIDADE P\u00daBLICA LTDA - ME<\/td><td class=\"column-4\"><a href=\"https:\/\/www.camaracg.pb.gov.br\/transparencia\/wp-content\/uploads\/2019\/01\/TERMO-DE-RATIFICA\u00c7\u00c3O.pdf\" target=\"_blank\" rel=\"noopener noreferrer\">Ver Anexo<\/a><br \/>\n<br \/>\n<a href=\"https:\/\/www.camaracg.pb.gov.br\/transparencia\/wp-content\/uploads\/2019\/01\/CONTRATO-ADMINISTRATIVO-CLAIR-LEITAO.pdf\" target=\"_blank\" rel=\"noopener noreferrer\">Ver Anexo<\/a><\/td>\n<\/tr>\n<tr class=\"row-24\">\n\t<td class=\"column-1\">00201\/2019<\/td><td class=\"column-2\">21\/02\/2019<\/td><td class=\"column-3\">CONTRATO DE PRESTA\u00c7\u00c3O DE SERVI\u00c7OS, QUE ENTRE SI FAZEM A C\u00c2MARA MUNICIPAL DE CAMPINA GRANDE - PB E A EMPRESA DJ COMBUST\u00cdVEIS LTDA, PARA FORNECIMENTO DE COMBUST\u00cdVEL (GASOLINA)<br \/>\n<\/td><td class=\"column-4\"><a href=\"https:\/\/www.camaracg.pb.gov.br\/transparencia\/wp-content\/uploads\/2019\/03\/DJCOMBUSTIVES.pdf\" target=\"_blank\" rel=\"noopener noreferrer\">Ver Anexo<\/a><\/td>\n<\/tr>\n<tr class=\"row-25\">\n\t<td class=\"column-1\">00101\/2019<\/td><td class=\"column-2\">06\/02\/2019<\/td><td class=\"column-3\">CONTRATO DE PRESTA\u00c7\u00c3O DE SERVI\u00c7OS, QUE ENTRE SI FAZEM A C\u00c2MARA MUNICIPAL DE CAMPINA GRANDE - PB E A ELETROLUZ COM\u00c9RCIO DE MATERIAS ELETRICOS EIRELI-ME, PARA PRESTA\u00c7\u00c3O DE SERVI\u00c7OS PARA INSTALA\u00c7\u00c3O DE UMA SUBESTA\u00c7\u00c3O 225KVA<\/td><td class=\"column-4\"><a href=\"https:\/\/www.camaracg.pb.gov.br\/transparencia\/wp-content\/uploads\/2019\/02\/001012019-CONTRATO-ADMINISTRATIVO-ELETROLUZ.pdf\" target=\"_blank\" rel=\"noopener noreferrer\">Ver Anexo<\/a><\/td>\n<\/tr>\n<\/tbody>\n<\/table>\n<!-- #tablepress-52 from cache -->\nCaso n\u00e3o tenha o <strong>Adobe Reader<\/strong> instalado em sua m\u00e1quina basta realizar o download gratuitamente clicando <strong><a href=\"https:\/\/get.adobe.com\/br\/reader\" target=\"_blank\" rel=\"noopener noreferrer\">aqui<\/a><\/strong><\/p>\n<pre>A C\u00e2mara Municipal de Campina Grande tamb\u00e9m est\u00e1 no Portal da Transpar\u00eancia do Tribunal de Contas do Estado da Para\u00edba (TCE-PB), que disponibiliza, em tempo real, informa\u00e7\u00f5es pormenorizadas sobre a execu\u00e7\u00e3o Or\u00e7ament\u00e1ria e Financeira.<\/pre>\n","protected":false},"excerpt":{"rendered":"<p>Caso n\u00e3o tenha o Adobe Reader instalado em sua m\u00e1quina basta realizar o download gratuitamente clicando aqui A C\u00e2mara Municipal de Campina Grande tamb\u00e9m est\u00e1 no Portal da Transpar\u00eancia do Tribunal de Contas do Estado da Para\u00edba (TCE-PB), que disponibiliza, &hellip; <a class=\"kt-excerpt-readmore\" href=\"https:\/\/www.camaracg.pb.gov.br\/transparencia\/contratos-2019\/\" aria-label=\"Contratos 2019\">leia mais<\/a><\/p>\n","protected":false},"author":1,"featured_media":1396,"comment_status":"closed","ping_status":"closed","sticky":false,"template":"","format":"standard","meta":{"footnotes":""},"categories":[29],"tags":[],"class_list":["post-1404","post","type-post","status-publish","format-standard","has-post-thumbnail","hentry","category-contratos"],"aioseo_notices":[],"_links":{"self":[{"href":"https:\/\/www.camaracg.pb.gov.br\/transparencia\/wp-json\/wp\/v2\/posts\/1404","targetHints":{"allow":["GET"]}}],"collection":[{"href":"https:\/\/www.camaracg.pb.gov.br\/transparencia\/wp-json\/wp\/v2\/posts"}],"about":[{"href":"https:\/\/www.camaracg.pb.gov.br\/transparencia\/wp-json\/wp\/v2\/types\/post"}],"author":[{"embeddable":true,"href":"https:\/\/www.camaracg.pb.gov.br\/transparencia\/wp-json\/wp\/v2\/users\/1"}],"replies":[{"embeddable":true,"href":"https:\/\/www.camaracg.pb.gov.br\/transparencia\/wp-json\/wp\/v2\/comments?post=1404"}],"version-history":[{"count":2,"href":"https:\/\/www.camaracg.pb.gov.br\/transparencia\/wp-json\/wp\/v2\/posts\/1404\/revisions"}],"predecessor-version":[{"id":1651,"href":"https:\/\/www.camaracg.pb.gov.br\/transparencia\/wp-json\/wp\/v2\/posts\/1404\/revisions\/1651"}],"wp:featuredmedia":[{"embeddable":true,"href":"https:\/\/www.camaracg.pb.gov.br\/transparencia\/wp-json\/wp\/v2\/media\/1396"}],"wp:attachment":[{"href":"https:\/\/www.camaracg.pb.gov.br\/transparencia\/wp-json\/wp\/v2\/media?parent=1404"}],"wp:term":[{"taxonomy":"category","embeddable":true,"href":"https:\/\/www.camaracg.pb.gov.br\/transparencia\/wp-json\/wp\/v2\/categories?post=1404"},{"taxonomy":"post_tag","embeddable":true,"href":"https:\/\/www.camaracg.pb.gov.br\/transparencia\/wp-json\/wp\/v2\/tags?post=1404"}],"curies":[{"name":"wp","href":"https:\/\/api.w.org\/{rel}","templated":true}]}}