{"id":1411,"date":"2019-02-05T20:30:32","date_gmt":"2019-02-05T23:30:32","guid":{"rendered":"https:\/\/www.camaracg.pb.gov.br\/transparencia\/?p=1411"},"modified":"2019-02-05T20:37:12","modified_gmt":"2019-02-05T23:37:12","slug":"05-02-19-pregao-presencial-no-00001-2019-camara-municipal-de-campina-grande","status":"publish","type":"post","link":"https:\/\/www.camaracg.pb.gov.br\/transparencia\/05-02-19-pregao-presencial-no-00001-2019-camara-municipal-de-campina-grande\/","title":{"rendered":"05\/02\/19 \u2013 PREG\u00c3O PRESENCIAL \u2013 N\u00ba 00001\/2019 \u2013 C\u00e2mara Municipal de Campina Grande"},"content":{"rendered":"<p><center><iframe loading=\"lazy\" src=\"https:\/\/www.youtube.com\/embed\/teYAyC0kZsg\" width=\"660\" height=\"415\" frameborder=\"0\" allowfullscreen=\"allowfullscreen\"><\/iframe><\/center><\/p>\n<p style=\"text-align: center;\"><strong>OBJETO: CONTRATA\u00c7\u00c3O DE EMPRESA PARA INSTALA\u00c7\u00c3O DE UMA SUBESTA\u00c7\u00c3O ELETRICA 225KVA<\/strong><\/p>\n","protected":false},"excerpt":{"rendered":"<p>OBJETO: CONTRATA\u00c7\u00c3O DE EMPRESA PARA INSTALA\u00c7\u00c3O DE UMA SUBESTA\u00c7\u00c3O ELETRICA 225KVA<\/p>\n","protected":false},"author":1,"featured_media":1412,"comment_status":"closed","ping_status":"closed","sticky":false,"template":"","format":"standard","meta":{"footnotes":""},"categories":[39],"tags":[],"class_list":["post-1411","post","type-post","status-publish","format-standard","has-post-thumbnail","hentry","category-licitacoes-ao-vivo"],"aioseo_notices":[],"_links":{"self":[{"href":"https:\/\/www.camaracg.pb.gov.br\/transparencia\/wp-json\/wp\/v2\/posts\/1411","targetHints":{"allow":["GET"]}}],"collection":[{"href":"https:\/\/www.camaracg.pb.gov.br\/transparencia\/wp-json\/wp\/v2\/posts"}],"about":[{"href":"https:\/\/www.camaracg.pb.gov.br\/transparencia\/wp-json\/wp\/v2\/types\/post"}],"author":[{"embeddable":true,"href":"https:\/\/www.camaracg.pb.gov.br\/transparencia\/wp-json\/wp\/v2\/users\/1"}],"replies":[{"embeddable":true,"href":"https:\/\/www.camaracg.pb.gov.br\/transparencia\/wp-json\/wp\/v2\/comments?post=1411"}],"version-history":[{"count":6,"href":"https:\/\/www.camaracg.pb.gov.br\/transparencia\/wp-json\/wp\/v2\/posts\/1411\/revisions"}],"predecessor-version":[{"id":1418,"href":"https:\/\/www.camaracg.pb.gov.br\/transparencia\/wp-json\/wp\/v2\/posts\/1411\/revisions\/1418"}],"wp:featuredmedia":[{"embeddable":true,"href":"https:\/\/www.camaracg.pb.gov.br\/transparencia\/wp-json\/wp\/v2\/media\/1412"}],"wp:attachment":[{"href":"https:\/\/www.camaracg.pb.gov.br\/transparencia\/wp-json\/wp\/v2\/media?parent=1411"}],"wp:term":[{"taxonomy":"category","embeddable":true,"href":"https:\/\/www.camaracg.pb.gov.br\/transparencia\/wp-json\/wp\/v2\/categories?post=1411"},{"taxonomy":"post_tag","embeddable":true,"href":"https:\/\/www.camaracg.pb.gov.br\/transparencia\/wp-json\/wp\/v2\/tags?post=1411"}],"curies":[{"name":"wp","href":"https:\/\/api.w.org\/{rel}","templated":true}]}}