{"id":1761,"date":"2020-02-03T18:43:17","date_gmt":"2020-02-03T21:43:17","guid":{"rendered":"https:\/\/www.camaracg.pb.gov.br\/transparencia\/?p=1761"},"modified":"2020-10-13T16:07:15","modified_gmt":"2020-10-13T19:07:15","slug":"licitacoes-2020","status":"publish","type":"post","link":"https:\/\/www.camaracg.pb.gov.br\/transparencia\/licitacoes-2020\/","title":{"rendered":"Licita\u00e7\u00f5es 2020"},"content":{"rendered":"\n<table id=\"tablepress-59\" class=\"tablepress tablepress-id-59\">\n<thead>\n<tr class=\"row-1\">\n\t<th class=\"column-1\">N\u00famero<\/th><th class=\"column-2\">Data<\/th><th class=\"column-3\">Hor\u00e1rio<\/th><th class=\"column-4\">Edital<\/th><th class=\"column-5\">Modalidade<\/th><th class=\"column-6\">Tipo<\/th>\n<\/tr>\n<\/thead>\n<tbody class=\"row-striping row-hover\">\n<tr class=\"row-2\">\n\t<td class=\"column-1\">001\/2020<\/td><td class=\"column-2\">19\/03\/2020<\/td><td class=\"column-3\">09h00<\/td><td class=\"column-4\"><a href=\"https:\/\/www.camaracg.pb.gov.br\/transparencia\/wp-content\/uploads\/2020\/02\/CONCORRENCIA-001-2020.pdf\" target=\"_blank\" rel=\"noopener noreferrer\">CONTRATA\u00c7\u00c3O DE AG\u00caNCIA DE PUBLICIDADE PARA PRESTA\u00c7\u00c3O DE SERVI\u00c7OS DE PUBLICIDADE <\/a><\/td><td class=\"column-5\">Concorr\u00eancia<\/td><td class=\"column-6\">1-Compras e Servi\u00e7os<\/td>\n<\/tr>\n<tr class=\"row-3\">\n\t<td class=\"column-1\"><\/td><td class=\"column-2\"><\/td><td class=\"column-3\"><\/td><td class=\"column-4\"><\/td><td class=\"column-5\"><\/td><td class=\"column-6\"><\/td>\n<\/tr>\n<tr class=\"row-4\">\n\t<td class=\"column-1\">00001\/2020<\/td><td class=\"column-2\">12\/02\/2020<\/td><td class=\"column-3\">09h00<\/td><td class=\"column-4\"><a href=\"https:\/\/www.camaracg.pb.gov.br\/transparencia\/wp-content\/uploads\/2020\/02\/Edital-PP-00001-2020-INTERNET.pdf\" target=\"_blank\" rel=\"noopener noreferrer\">CONTRATA\u00c7\u00c3O DE EMPRESA(S) ESPECIALIZADA(S) NO SERVI\u00c7O DE SERVI\u00c7OS DE COMUNICA\u00c7\u00c3O DE DADOS COM A INTERNET NAS MODALIDADES TERRESTRE<\/a><\/td><td class=\"column-5\">Preg\u00e3o Presencial<\/td><td class=\"column-6\">1-Compras e Servi\u00e7os<\/td>\n<\/tr>\n<tr class=\"row-5\">\n\t<td class=\"column-1\">00002\/2020<\/td><td class=\"column-2\">12\/02\/2020<br \/>\n<br \/>\n<br \/>\n14\/08\/2020<\/td><td class=\"column-3\">10h00<\/td><td class=\"column-4\"><a href=\"https:\/\/www.camaracg.pb.gov.br\/transparencia\/wp-content\/uploads\/2020\/02\/EDITAL-PP-00002-2020-MONITORAMENTO.pdf\" target=\"_blank\" rel=\"noopener noreferrer\">AQUISI\u00c7\u00c3O DE EQUIPAMENTOS DE MONITORAMENTO<\/a><br \/>\n<br \/>\n<a href=\"https:\/\/www.camaracg.pb.gov.br\/transparencia\/wp-content\/uploads\/2020\/08\/TERMO-DE-RESCISAO.pdf\" target=\"_blank\" rel=\"noopener noreferrer\">TERMO DE RESCIS\u00c3O<\/a><br \/>\n<\/td><td class=\"column-5\">Preg\u00e3o Presencial<\/td><td class=\"column-6\">1-Compras e Servi\u00e7os<\/td>\n<\/tr>\n<tr class=\"row-6\">\n\t<td class=\"column-1\">00003\/2020<\/td><td class=\"column-2\">12\/02\/2020<\/td><td class=\"column-3\">11h00<\/td><td class=\"column-4\"><a href=\"https:\/\/www.camaracg.pb.gov.br\/transparencia\/wp-content\/uploads\/2020\/02\/EDITAL-PP-00003-2020-LIMPEZA.pdf\" target=\"_blank\" rel=\"noopener noreferrer\">AQUISI\u00c7\u00c3O DE MATERIAL DE LIMPEZA E CONSUMO<\/a><\/td><td class=\"column-5\">Preg\u00e3o Presencial<\/td><td class=\"column-6\">1-Compras e Servi\u00e7os<\/td>\n<\/tr>\n<tr class=\"row-7\">\n\t<td class=\"column-1\">00004\/2020<\/td><td class=\"column-2\">12\/02\/2020<\/td><td class=\"column-3\">13h00<\/td><td class=\"column-4\"><a href=\"https:\/\/www.camaracg.pb.gov.br\/transparencia\/wp-content\/uploads\/2020\/02\/EDITAL-PP-00004-2020-MATERIAL-DE-EXPEDIENTE.pdf\" target=\"_blank\" rel=\"noopener noreferrer\">AQUISI\u00c7\u00c3O DE MATERIAL DE EXPEDIENTE<\/a><\/td><td class=\"column-5\">Preg\u00e3o Presencial<\/td><td class=\"column-6\">1-Compras e Servi\u00e7os<\/td>\n<\/tr>\n<tr class=\"row-8\">\n\t<td class=\"column-1\">00005\/2020<\/td><td class=\"column-2\">28\/02\/2020<\/td><td class=\"column-3\">09h00<\/td><td class=\"column-4\"><a href=\"https:\/\/www.camaracg.pb.gov.br\/transparencia\/wp-content\/uploads\/2020\/02\/EDITAL-PP-00002-2020-COMBUSTIVEL.pdf\" target=\"_blank\" rel=\"noopener noreferrer\">AQUISI\u00c7\u00c3O DE COMBUST\u00cdVEL (GASOLINA)<\/a><\/td><td class=\"column-5\">Preg\u00e3o Presencial<\/td><td class=\"column-6\">1-Compras e Servi\u00e7os<\/td>\n<\/tr>\n<tr class=\"row-9\">\n\t<td class=\"column-1\"><\/td><td class=\"column-2\"><\/td><td class=\"column-3\"><\/td><td class=\"column-4\"><\/td><td class=\"column-5\"><\/td><td class=\"column-6\"><\/td>\n<\/tr>\n<tr class=\"row-10\">\n\t<td class=\"column-1\">001\/2020<\/td><td class=\"column-2\">02\/09\/2020<br \/>\n<br \/>\n<br \/>\n02\/09\/2020<br \/>\n<br \/>\n<br \/>\n02\/09\/2020<\/td><td class=\"column-3\">09h00<\/td><td class=\"column-4\"><a href=\"https:\/\/www.camaracg.pb.gov.br\/transparencia\/wp-content\/uploads\/2020\/08\/AVISO-SESSAO-PROPOSTA-TECNICA-CC-001-2017-MURAL.pdf\" target=\"_blank\" rel=\"noopener noreferrer\">AVISO SESS\u00c3O PROPOSTA TECNICA<\/a><br \/>\n<br \/>\n<a href=\"https:\/\/www.camaracg.pb.gov.br\/transparencia\/wp-content\/uploads\/2020\/09\/RESULTADO-DE-JULGAMENTO-DAS-PROPOSTAS-TECNICAS-CC001-2020.pdf\" target=\"_blank\" rel=\"noopener noreferrer\">RESULTADO DE JULGAMENTO DAS PROPOSTAS TECNICAS CC001-2020<\/a><br \/>\n<br \/>\n<a href=\"https:\/\/www.camaracg.pb.gov.br\/transparencia\/wp-content\/uploads\/2020\/09\/RESULTADO-DE-JULGAMENTO-DAS-PROPOSTAS-DE-PRECOS-CC001-2020.pdf\" target=\"_blank\" rel=\"noopener noreferrer\">RESULTADO DE JULGAMENTO DAS PROPOSTAS DE PRE\u00c7OS  CC001-2020<\/a><\/td><td class=\"column-5\">Preg\u00e3o Presencial<\/td><td class=\"column-6\">1-Compras e Servi\u00e7os<\/td>\n<\/tr>\n<tr class=\"row-11\">\n\t<td class=\"column-1\"><\/td><td class=\"column-2\"><\/td><td class=\"column-3\"><\/td><td class=\"column-4\"><\/td><td class=\"column-5\"><\/td><td class=\"column-6\"><\/td>\n<\/tr>\n<tr class=\"row-12\">\n\t<td class=\"column-1\">001\/2020<\/td><td class=\"column-2\">25\/09\/2020<\/td><td class=\"column-3\">08h00<\/td><td class=\"column-4\"><a href=\"https:\/\/www.camaracg.pb.gov.br\/transparencia\/wp-content\/uploads\/2020\/09\/EDITAL-PE-001-2020-EQUIPAMENTOS-DE-INFORMATICA.pdf\" target=\"_blank\" rel=\"noopener noreferrer\">AQUISI\u00c7\u00c3O DE MATERIAIS DE INFORMATICA, PARA SUPRIR AS NECESSIDADES DA C\u00c2MARA MUNICIPAL DE CAMPINA GRANDE<\/a><\/td><td class=\"column-5\">Preg\u00e3o Eletr\u00f4nico<\/td><td class=\"column-6\">1-Compras e Servi\u00e7os<\/td>\n<\/tr>\n<tr class=\"row-13\">\n\t<td class=\"column-1\">002\/2020<\/td><td class=\"column-2\">25\/09\/2020<br \/>\n<br \/>\n<br \/>\n13\/11\/2020<\/td><td class=\"column-3\">09h00<br \/>\n<br \/>\n<br \/>\n09h00<\/td><td class=\"column-4\"><a href=\"https:\/\/www.camaracg.pb.gov.br\/transparencia\/wp-content\/uploads\/2020\/09\/EDITAL-PE-002-2020-Aquisicao-de-Veiculo.pdf\" target=\"_blank\" rel=\"noopener noreferrer\">AQUISI\u00c7\u00c3O DE VEICULO DO TIPO HATCH, ZERO KM PARA SUPRIR AS NECESSIDADES DA C\u00c2MARAMUNICIPAL DE CAMPINA GRANDE<\/a><br \/>\n<br \/>\n<a href=\"https:\/\/www.camaracg.pb.gov.br\/transparencia\/wp-content\/uploads\/2020\/11\/EDITAL-PE-003-2020-Aquisicao-de-Veiculo-Republicado.pdf\" target=\"_blank\" rel=\"noopener noreferrer\">REPUBLICA\u00c7\u00c3O - AQUISI\u00c7\u00c3O DE VEICULO DO TIPO SEDAN, ZERO KM PARA SUPRIR AS NECESSIDADES DA C\u00c2MARA MUNICIPAL DE CAMPINA GRANDE<\/a><br \/>\n<br \/>\n<br \/>\n<br \/>\n<\/td><td class=\"column-5\">Preg\u00e3o Eletr\u00f4nico<\/td><td class=\"column-6\">1-Compras e Servi\u00e7os<\/td>\n<\/tr>\n<tr class=\"row-14\">\n\t<td class=\"column-1\">004\/2020<\/td><td class=\"column-2\">09\/12\/2020<br \/>\n<br \/>\n<br \/>\n<\/td><td class=\"column-3\">09h00<br \/>\n<br \/>\n<br \/>\n<\/td><td class=\"column-4\"><a href=\"https:\/\/www.camaracg.pb.gov.br\/transparencia\/wp-content\/uploads\/2020\/11\/EDITAL-PE-004-2020-EQUIPAMENTOS-DE-INFORMATICA.pdf\" target=\"_blank\" rel=\"noopener noreferrer\">AQUISI\u00c7\u00c3O DE MATERIAIS DE INFORMATICA, PARA SUPRIR AS NECESSIDADES DA C\u00c2MARA MUNICIPAL DE CAMPINA GRANDE<\/a><br \/>\n<br \/>\n<br \/>\n<\/td><td class=\"column-5\">Preg\u00e3o Eletr\u00f4nico<\/td><td class=\"column-6\">1-Compras e Servi\u00e7os<\/td>\n<\/tr>\n<\/tbody>\n<\/table>\n<!-- #tablepress-59 from cache -->\nCaso n\u00e3o tenha o <strong>Adobe Reader<\/strong> instalado em sua m\u00e1quina basta realizar o download gratuitamente clicando <strong><a href=\"https:\/\/get.adobe.com\/br\/reader\" target=\"_blank\" rel=\"noopener noreferrer\">aqui<\/a><\/strong><\/p>\n<pre>A C\u00e2mara Municipal de Campina Grande tamb\u00e9m est\u00e1 no Portal da Transpar\u00eancia do Tribunal de Contas do Estado da Para\u00edba (TCE-PB), que disponibiliza, em tempo real, informa\u00e7\u00f5es pormenorizadas sobre a execu\u00e7\u00e3o Or\u00e7ament\u00e1ria e Financeira.<\/pre>\n","protected":false},"excerpt":{"rendered":"<p>Caso n\u00e3o tenha o Adobe Reader instalado em sua m\u00e1quina basta realizar o download gratuitamente clicando aqui A C\u00e2mara Municipal de Campina Grande tamb\u00e9m est\u00e1 no Portal da Transpar\u00eancia do Tribunal de Contas do Estado da Para\u00edba (TCE-PB), que disponibiliza, &hellip; <a class=\"kt-excerpt-readmore\" href=\"https:\/\/www.camaracg.pb.gov.br\/transparencia\/licitacoes-2020\/\" aria-label=\"Licita\u00e7\u00f5es 2020\">leia mais<\/a><\/p>\n","protected":false},"author":1,"featured_media":1278,"comment_status":"closed","ping_status":"closed","sticky":false,"template":"","format":"standard","meta":{"footnotes":""},"categories":[35],"tags":[],"class_list":["post-1761","post","type-post","status-publish","format-standard","has-post-thumbnail","hentry","category-licitacoes-cmcg"],"aioseo_notices":[],"_links":{"self":[{"href":"https:\/\/www.camaracg.pb.gov.br\/transparencia\/wp-json\/wp\/v2\/posts\/1761","targetHints":{"allow":["GET"]}}],"collection":[{"href":"https:\/\/www.camaracg.pb.gov.br\/transparencia\/wp-json\/wp\/v2\/posts"}],"about":[{"href":"https:\/\/www.camaracg.pb.gov.br\/transparencia\/wp-json\/wp\/v2\/types\/post"}],"author":[{"embeddable":true,"href":"https:\/\/www.camaracg.pb.gov.br\/transparencia\/wp-json\/wp\/v2\/users\/1"}],"replies":[{"embeddable":true,"href":"https:\/\/www.camaracg.pb.gov.br\/transparencia\/wp-json\/wp\/v2\/comments?post=1761"}],"version-history":[{"count":1,"href":"https:\/\/www.camaracg.pb.gov.br\/transparencia\/wp-json\/wp\/v2\/posts\/1761\/revisions"}],"predecessor-version":[{"id":1762,"href":"https:\/\/www.camaracg.pb.gov.br\/transparencia\/wp-json\/wp\/v2\/posts\/1761\/revisions\/1762"}],"wp:featuredmedia":[{"embeddable":true,"href":"https:\/\/www.camaracg.pb.gov.br\/transparencia\/wp-json\/wp\/v2\/media\/1278"}],"wp:attachment":[{"href":"https:\/\/www.camaracg.pb.gov.br\/transparencia\/wp-json\/wp\/v2\/media?parent=1761"}],"wp:term":[{"taxonomy":"category","embeddable":true,"href":"https:\/\/www.camaracg.pb.gov.br\/transparencia\/wp-json\/wp\/v2\/categories?post=1761"},{"taxonomy":"post_tag","embeddable":true,"href":"https:\/\/www.camaracg.pb.gov.br\/transparencia\/wp-json\/wp\/v2\/tags?post=1761"}],"curies":[{"name":"wp","href":"https:\/\/api.w.org\/{rel}","templated":true}]}}