{"id":1783,"date":"2020-01-07T17:34:26","date_gmt":"2020-01-07T20:34:26","guid":{"rendered":"https:\/\/www.camaracg.pb.gov.br\/transparencia\/?p=1783"},"modified":"2020-10-13T16:11:33","modified_gmt":"2020-10-13T19:11:33","slug":"contratos-2020","status":"publish","type":"post","link":"https:\/\/www.camaracg.pb.gov.br\/transparencia\/contratos-2020\/","title":{"rendered":"Contratos 2020"},"content":{"rendered":"\n<table id=\"tablepress-60\" class=\"tablepress tablepress-id-60\">\n<thead>\n<tr class=\"row-1\">\n\t<th class=\"column-1\">N\u00famero<\/th><th class=\"column-2\">Data<\/th><th class=\"column-3\">Descri\u00e7\u00e3o<\/th><th class=\"column-4\">Documento<\/th>\n<\/tr>\n<\/thead>\n<tbody class=\"row-striping row-hover\">\n<tr class=\"row-2\">\n\t<td class=\"column-1\">00801\/2020<\/td><td class=\"column-2\">23\/01\/2020<\/td><td class=\"column-3\">CONTRATO DE PRESTA\u00c7\u00c3O DE SERVI\u00c7OS, QUE ENTRE SI FAZEM A C\u00c2MARA MUNICIPAL DE CAMPINA GRANDE - PB E A EMPRESA CLAIR &amp; LEIT\u00c3O CONTABILIDADE P\u00daBLICA LTDA - ME<\/td><td class=\"column-4\"><a href=\"https:\/\/www.camaracg.pb.gov.br\/transparencia\/wp-content\/uploads\/2020\/02\/CONTRATO-CLAIR-2020.pdf\" target=\"_blank\" rel=\"noopener noreferrer\">Ver Anexo<\/a><br \/>\n<\/td>\n<\/tr>\n<tr class=\"row-3\">\n\t<td class=\"column-1\">00002\/2020<\/td><td class=\"column-2\">23\/02\/2020<\/td><td class=\"column-3\">PRESTA\u00c7\u00c3O DE SERVI\u00c7OS DE CONSULTORIA E ASSESSORIA JUR\u00cdDICA ESPECIALIZADA<\/td><td class=\"column-4\"><a href=\"https:\/\/www.camaracg.pb.gov.br\/transparencia\/wp-content\/uploads\/2020\/02\/CONTRATO-FLAVIA-DE-PAIVA.pdf\" target=\"_blank\" rel=\"noopener noreferrer\">Ver Anexo<\/a><br \/>\n<\/td>\n<\/tr>\n<tr class=\"row-4\">\n\t<td class=\"column-1\">00901\/2020<\/td><td class=\"column-2\">21\/02\/2020<\/td><td class=\"column-3\">CONTRATA\u00c7\u00c3O DE EMPRESA PARA LICEN\u00c7A DE USO E MANUTEN\u00c7\u00c3O DE SISTEMAS INFORMATIZADOS DE GEST\u00c3O P\u00daBLICA PARA ATENDER AS DEMANDAS OPERACIONAIS<\/td><td class=\"column-4\"><a href=\"https:\/\/www.camaracg.pb.gov.br\/transparencia\/wp-content\/uploads\/2020\/08\/CONTRATO-0091-2020-ELMAR.pdf\" target=\"_blank\" rel=\"noopener noreferrer\">Ver Anexo<\/a><br \/>\n<\/td>\n<\/tr>\n<tr class=\"row-5\">\n\t<td class=\"column-1\">00401\/2020<\/td><td class=\"column-2\">14\/02\/2020<\/td><td class=\"column-3\">AQUISI\u00c7\u00c3O DE MATERIAL DE CONSUMO<\/td><td class=\"column-4\"><a href=\"https:\/\/www.camaracg.pb.gov.br\/transparencia\/wp-content\/uploads\/2020\/02\/CONTRATO-N-0401-2020.pdf\" target=\"_blank\" rel=\"noopener noreferrer\">Ver Anexo<\/a><br \/>\n<\/td>\n<\/tr>\n<tr class=\"row-6\">\n\t<td class=\"column-1\">00501\/2020<\/td><td class=\"column-2\">14\/02\/2020<\/td><td class=\"column-3\">AQUISI\u00c7\u00c3O DE MATERIAL DE EXPEDIENTE<\/td><td class=\"column-4\"><a href=\"https:\/\/www.camaracg.pb.gov.br\/transparencia\/wp-content\/uploads\/2020\/02\/CONTRATO-N-501-2020.pdf\" target=\"_blank\" rel=\"noopener noreferrer\">Ver Anexo<\/a><br \/>\n<\/td>\n<\/tr>\n<tr class=\"row-7\">\n\t<td class=\"column-1\">008001\/2020<\/td><td class=\"column-2\">13\/03\/2020<\/td><td class=\"column-3\">CONTRATO DE AQUISI\u00c7\u00c3O DE COMBUST\u00cdVEL<\/td><td class=\"column-4\"><a href=\"https:\/\/www.camaracg.pb.gov.br\/transparencia\/wp-content\/uploads\/2020\/03\/CONTRATO-N-0080012020CPL-CMCG.pdf\" target=\"_blank\" rel=\"noopener noreferrer\">Ver Anexo<\/a><br \/>\n<\/td>\n<\/tr>\n<tr class=\"row-8\">\n\t<td class=\"column-1\">00101\/2020<\/td><td class=\"column-2\">19\/03\/2020<\/td><td class=\"column-3\">CONTRATO  SERVI\u00c7O DE SERVI\u00c7OS DE COMUNICA\u00c7\u00c3O DE DADOS COM A INTERNET NAS MODALIDADES TERRESTRE<\/td><td class=\"column-4\"><a href=\"https:\/\/www.camaracg.pb.gov.br\/transparencia\/wp-content\/uploads\/2020\/03\/CONTRATO-BRISANET.pdf\" target=\"_blank\" rel=\"noopener noreferrer\">Ver Anexo<\/a><br \/>\n<\/td>\n<\/tr>\n<tr class=\"row-9\">\n\t<td class=\"column-1\">00101\/2020<\/td><td class=\"column-2\">19\/03\/2020<\/td><td class=\"column-3\">CONTRATO  SERVI\u00c7O DE SERVI\u00c7OS DE COMUNICA\u00c7\u00c3O DE DADOS COM A INTERNET NAS MODALIDADES TERRESTRE<\/td><td class=\"column-4\"><a href=\"https:\/\/www.camaracg.pb.gov.br\/transparencia\/wp-content\/uploads\/2020\/03\/CONTRATO-BRISANET.pdf\" target=\"_blank\" rel=\"noopener noreferrer\">Ver Anexo<\/a><br \/>\n<\/td>\n<\/tr>\n<tr class=\"row-10\">\n\t<td class=\"column-1\">01001\/2019<\/td><td class=\"column-2\">30\/04\/2020<\/td><td class=\"column-3\">CONTRATA\u00c7\u00c3O DE EMPRESA PARA ASSESSORIA ADMINISTRATIVA NA IMPLANTA\u00c7\u00c3O E ELABORA\u00c7\u00c3O DA FOLHA DE PAGAMENTO, LOCA\u00c7\u00c3O DE SOFTWARE PARA ALMOXARIFADO E PARA CONTROLE DE FROTA DE VE\u00cdCULOS<\/td><td class=\"column-4\"><a href=\"https:\/\/www.camaracg.pb.gov.br\/transparencia\/wp-content\/uploads\/2020\/08\/1-TERMO-DE-ADITIVO-FRAN-INFORMATICA.pdf\" target=\"_blank\" rel=\"noopener noreferrer\">Ver Anexo<\/a><br \/>\n<\/td>\n<\/tr>\n<tr class=\"row-11\">\n\t<td class=\"column-1\">014101\/2018<\/td><td class=\"column-2\">31\/07\/2020<\/td><td class=\"column-3\">CONTRATA\u00c7\u00c3O DE EMPRESA PARA A LOCA\u00c7\u00c3O DE 01 (UM) VE\u00cdCULO AUTOMOTOR SEM CONDUTOR<\/td><td class=\"column-4\"><a href=\"https:\/\/www.camaracg.pb.gov.br\/transparencia\/wp-content\/uploads\/2020\/08\/SEGUNDO-TERMO-ADITIVO-OEL.pdf\" target=\"_blank\" rel=\"noopener noreferrer\">Ver Anexo<\/a><br \/>\n<\/td>\n<\/tr>\n<tr class=\"row-12\">\n\t<td class=\"column-1\">01601\/2019<\/td><td class=\"column-2\">07\/08\/2020<\/td><td class=\"column-3\">CONTRATA\u00c7\u00c3O DE EMPRESA ESPECIALIZADA PARA SERVI\u00c7OS DE LOCA\u00c7\u00c3O DE SOFTWARES CUSTOMIZADOS DE GEST\u00c3O P\u00daBLICA PARA ATENDER A DEMANDA DA C\u00c2MARA MUNICIPAL DE CAMPINA GRANDE<\/td><td class=\"column-4\"><a href=\"https:\/\/www.camaracg.pb.gov.br\/transparencia\/wp-content\/uploads\/2020\/08\/TERMO-DE-ADITIVO-PUBLIC-SOFT.pdf\" target=\"_blank\" rel=\"noopener noreferrer\">Ver Anexo<\/a><br \/>\n<\/td>\n<\/tr>\n<tr class=\"row-13\">\n\t<td class=\"column-1\">01701\/2019<\/td><td class=\"column-2\">07\/08\/2020<\/td><td class=\"column-3\">CONTRATA\u00c7\u00c3O DE EMPRESA ESPECIALIZADA NA PRESTA\u00c7\u00c3O DE SERVI\u00c7O TELEF\u00d4NICO FIXO COMUTADO (FIXO-FIXO E FIXO-M\u00d3VEL), A SER EXECUTADO DE FORMA CONT\u00cdNUA, DE FORMA PARCELADA.<br \/>\n<\/td><td class=\"column-4\"><a href=\"https:\/\/www.camaracg.pb.gov.br\/transparencia\/wp-content\/uploads\/2020\/10\/TERMO-ADITIVO-TEELEMAR.pdf\" target=\"_blank\" rel=\"noopener noreferrer\">Ver Anexo<\/a><br \/>\n<\/td>\n<\/tr>\n<tr class=\"row-14\">\n\t<td class=\"column-1\">01901\/2019<\/td><td class=\"column-2\">07\/08\/2020<\/td><td class=\"column-3\">CONTRATA\u00c7\u00c3O DE EMPRESA ESPECIALIZADA NA PRESTA\u00c7\u00c3O DE SERVI\u00c7OS COMPREENDENDO A PREPARA\u00c7\u00c3O E DIGITALIZA\u00c7\u00c3O DE DOCUMENTOS DA C\u00c2MARA MUNICIPAL DE CAMPINA GRANDE<\/td><td class=\"column-4\"><a href=\"https:\/\/www.camaracg.pb.gov.br\/transparencia\/wp-content\/uploads\/2020\/08\/TERMO-DE-CONTRATO-ADITIVO-ARENA.pdf\" target=\"_blank\" rel=\"noopener noreferrer\">Ver Anexo<\/a><br \/>\n<\/td>\n<\/tr>\n<tr class=\"row-15\">\n\t<td class=\"column-1\">01601\/2020<\/td><td class=\"column-2\">20\/08\/2020<\/td><td class=\"column-3\">AQUISI\u00c7\u00c3O DE M\u00d3VEIS PROJETADOS PARA SUPRIR AS NECESSIDADES DA C\u00c2MARA MUNICIPAL DE CAMPINA GRANDE<\/td><td class=\"column-4\"><a href=\"https:\/\/www.camaracg.pb.gov.br\/transparencia\/wp-content\/uploads\/2020\/08\/CONTRATO-1601-2020-MOVEIS-PROJETAVEIS.pdf\" target=\"_blank\" rel=\"noopener noreferrer\">Ver Anexo<\/a><br \/>\n<\/td>\n<\/tr>\n<tr class=\"row-16\">\n\t<td class=\"column-1\">01701\/2020<\/td><td class=\"column-2\">27\/08\/2020<\/td><td class=\"column-3\">CONTRATA\u00c7\u00c3O DE EMPRESA PARA CONFEC\u00c7\u00c3O DE BARREIRAS DE PROTE\u00c7\u00c3O, FEITAS EM METALON GALVANIZADO COM PINTURA BRANCA E APLICA\u00c7\u00c3O DE ACR\u00cdLICO CASTSING DE 2MM CRISTAL COM CORTES A LASER PARA SUPRIR AS NECESSIDADES DA C\u00c2MARA MUNICIPAL DE CAMPINA GRANDE<\/td><td class=\"column-4\"><a href=\"https:\/\/www.camaracg.pb.gov.br\/transparencia\/wp-content\/uploads\/2020\/09\/CONTRATO-1701-2020.pdf\" target=\"_blank\" rel=\"noopener noreferrer\">Ver Anexo<\/a><br \/>\n<\/td>\n<\/tr>\n<tr class=\"row-17\">\n\t<td class=\"column-1\">01801\/2020<\/td><td class=\"column-2\">11\/09\/2020<\/td><td class=\"column-3\">CONTRATA\u00c7\u00c3O DE EMPRESA PARA IMPRESS\u00c3O E ENCARDENA\u00c7\u00c3O PARA SUPRIR AS NECESSIDADES DA C\u00c2MARA MUNICIPAL DE CAMPINA GRANDE<\/td><td class=\"column-4\"><a href=\"https:\/\/www.camaracg.pb.gov.br\/transparencia\/wp-content\/uploads\/2020\/08\/CONTRATO-1601-2020-MOVEIS-PROJETAVEIS.pdf\" target=\"_blank\" rel=\"noopener noreferrer\">Ver Anexo<\/a><br \/>\n<\/td>\n<\/tr>\n<tr class=\"row-18\">\n\t<td class=\"column-1\">02001\/2020<\/td><td class=\"column-2\">29\/09\/2020<\/td><td class=\"column-3\">AQUISI\u00c7\u00c3O DE VE\u00cdCULO DO TIPO HATCH, SERO KM PARA SUPRIR AS NECESSIDADES DA C\u00c2MARA MUNICIPAL DE  CAMPINA GRANDE<\/td><td class=\"column-4\"><a href=\"https:\/\/www.camaracg.pb.gov.br\/transparencia\/wp-content\/uploads\/2020\/10\/CONTRATO-ADMINISTRATIVO-N-02001-2020.pdf\" target=\"_blank\" rel=\"noopener noreferrer\">Ver Anexo<\/a><br \/>\n<\/td>\n<\/tr>\n<tr class=\"row-19\">\n\t<td class=\"column-1\">00701\/2020<\/td><td class=\"column-2\">02\/10\/2020<\/td><td class=\"column-3\">CONTRATA\u00c7\u00c3O DE AG\u00caNCIA DE PUBLICIDADE, PARA PRESTAR SERVI\u00c7OS DE PUBLICIDADE INSTITUCIONAL \u00c0 C\u00c2MARA MUNICIPAL DE CAMPINA GRANDE<\/td><td class=\"column-4\"><a href=\"https:\/\/www.camaracg.pb.gov.br\/transparencia\/wp-content\/uploads\/2020\/12\/CONTRATO-N-0071-2020-CAFECOM.pdf\" target=\"_blank\" rel=\"noopener noreferrer\">Ver Anexo<\/a><br \/>\n<\/td>\n<\/tr>\n<tr class=\"row-20\">\n\t<td class=\"column-1\">01902\/2020<\/td><td class=\"column-2\">09\/10\/2020<\/td><td class=\"column-3\">AQUISI\u00c7\u00c3O DE MATERIA DE INFORM\u00c1TICA, PARA SUPRIR AS NECESSIDADES DA C\u00c2MARA MUNICIPAL DE CAMPINA GRANDE<\/td><td class=\"column-4\"><a href=\"https:\/\/www.camaracg.pb.gov.br\/transparencia\/wp-content\/uploads\/2020\/10\/CONTRATO-ADM-N-01902-2020.pdf\" target=\"_blank\" rel=\"noopener noreferrer\">Ver Anexo<\/a><br \/>\n<\/td>\n<\/tr>\n<tr class=\"row-21\">\n\t<td class=\"column-1\">00401\/2020<\/td><td class=\"column-2\">23\/11\/2020<\/td><td class=\"column-3\">TERMO DE RESCIS\u00c3O AMIG\u00c1VEL DO CONTRATO N\u00ba 0041\/2020 - CONTRATO DE FORNECIMENTO, ENTRE A C\u00c2MARA MUNICIPAL DE CAMPINA GRANDE - PB E A EMPRESA JANE GLEICE FERREIRA DA SILVA MARTINS<\/td><td class=\"column-4\"><a href=\"https:\/\/www.camaracg.pb.gov.br\/transparencia\/wp-content\/uploads\/2020\/11\/TERMO-DE-RESCISAO-DE-CONTRATO-N-004-2020.pdf\" target=\"_blank\" rel=\"noopener noreferrer\">Ver Anexo<\/a><br \/>\n<\/td>\n<\/tr>\n<tr class=\"row-22\">\n\t<td class=\"column-1\">02301\/2020<\/td><td class=\"column-2\">26\/11\/2020<\/td><td class=\"column-3\">AQUISI\u00c7\u00c3O DE VE\u00cdCULO DO TIPO SEDAN, ZERO KM PARA SUPRIR AS NECESSIDADES DA C\u00c2MARA MUNICIPAL DE CAMPINA GRANDE<\/td><td class=\"column-4\"><a href=\"https:\/\/www.camaracg.pb.gov.br\/transparencia\/wp-content\/uploads\/2020\/11\/CONTRATO-ADMINISTRATIVO-02301-2020.pdf\" target=\"_blank\" rel=\"noopener noreferrer\">Ver Anexo<\/a><br \/>\n<\/td>\n<\/tr>\n<tr class=\"row-23\">\n\t<td class=\"column-1\">02401\/2020<\/td><td class=\"column-2\">11\/12\/2020<\/td><td class=\"column-3\">AQUISI\u00c7\u00c3O DE MATERIAIS DE INFORM\u00c1TICA, PARA SUPRIR AS NECESSIDADES DA C\u00c2MARA MUNICIPAL DE CAMPINA GRANDE<\/td><td class=\"column-4\"><a href=\"https:\/\/www.camaracg.pb.gov.br\/transparencia\/wp-content\/uploads\/2020\/12\/CONTRATO-ADMINISTRATIVO-2401-2020.pdf\" target=\"_blank\" rel=\"noopener noreferrer\">Ver Anexo<\/a><br \/>\n<\/td>\n<\/tr>\n<tr class=\"row-24\">\n\t<td class=\"column-1\">02401\/2020<\/td><td class=\"column-2\">11\/12\/2020<\/td><td class=\"column-3\">AQUISI\u00c7\u00c3O DE MATERIAIS DE INFORM\u00c1TICA, PARA SUPRIR AS NECESSIDADES DA C\u00c2MARA MUNICIPAL DE CAMPINA GRANDE<\/td><td class=\"column-4\"><a href=\"https:\/\/www.camaracg.pb.gov.br\/transparencia\/wp-content\/uploads\/2020\/12\/CONTRATO-ADMINISTRATIVO-2402-2020.pdf\" target=\"_blank\" rel=\"noopener noreferrer\">Ver Anexo<\/a><br \/>\n<\/td>\n<\/tr>\n<\/tbody>\n<\/table>\n<!-- #tablepress-60 from cache -->\nCaso n\u00e3o tenha o <strong>Adobe Reader<\/strong> instalado em sua m\u00e1quina basta realizar o download gratuitamente clicando <strong><a href=\"https:\/\/get.adobe.com\/br\/reader\" target=\"_blank\" rel=\"noopener noreferrer\">aqui<\/a><\/strong><\/p>\n<pre>A C\u00e2mara Municipal de Campina Grande tamb\u00e9m est\u00e1 no Portal da Transpar\u00eancia do Tribunal de Contas do Estado da Para\u00edba (TCE-PB), que disponibiliza, em tempo real, informa\u00e7\u00f5es pormenorizadas sobre a execu\u00e7\u00e3o Or\u00e7ament\u00e1ria e Financeira.<\/pre>\n","protected":false},"excerpt":{"rendered":"<p>Caso n\u00e3o tenha o Adobe Reader instalado em sua m\u00e1quina basta realizar o download gratuitamente clicando aqui A C\u00e2mara Municipal de Campina Grande tamb\u00e9m est\u00e1 no Portal da Transpar\u00eancia do Tribunal de Contas do Estado da Para\u00edba (TCE-PB), que disponibiliza, &hellip; <a class=\"kt-excerpt-readmore\" href=\"https:\/\/www.camaracg.pb.gov.br\/transparencia\/contratos-2020\/\" aria-label=\"Contratos 2020\">leia mais<\/a><\/p>\n","protected":false},"author":1,"featured_media":1396,"comment_status":"closed","ping_status":"closed","sticky":false,"template":"","format":"standard","meta":{"footnotes":""},"categories":[29],"tags":[],"class_list":["post-1783","post","type-post","status-publish","format-standard","has-post-thumbnail","hentry","category-contratos"],"aioseo_notices":[],"_links":{"self":[{"href":"https:\/\/www.camaracg.pb.gov.br\/transparencia\/wp-json\/wp\/v2\/posts\/1783","targetHints":{"allow":["GET"]}}],"collection":[{"href":"https:\/\/www.camaracg.pb.gov.br\/transparencia\/wp-json\/wp\/v2\/posts"}],"about":[{"href":"https:\/\/www.camaracg.pb.gov.br\/transparencia\/wp-json\/wp\/v2\/types\/post"}],"author":[{"embeddable":true,"href":"https:\/\/www.camaracg.pb.gov.br\/transparencia\/wp-json\/wp\/v2\/users\/1"}],"replies":[{"embeddable":true,"href":"https:\/\/www.camaracg.pb.gov.br\/transparencia\/wp-json\/wp\/v2\/comments?post=1783"}],"version-history":[{"count":2,"href":"https:\/\/www.camaracg.pb.gov.br\/transparencia\/wp-json\/wp\/v2\/posts\/1783\/revisions"}],"predecessor-version":[{"id":1787,"href":"https:\/\/www.camaracg.pb.gov.br\/transparencia\/wp-json\/wp\/v2\/posts\/1783\/revisions\/1787"}],"wp:featuredmedia":[{"embeddable":true,"href":"https:\/\/www.camaracg.pb.gov.br\/transparencia\/wp-json\/wp\/v2\/media\/1396"}],"wp:attachment":[{"href":"https:\/\/www.camaracg.pb.gov.br\/transparencia\/wp-json\/wp\/v2\/media?parent=1783"}],"wp:term":[{"taxonomy":"category","embeddable":true,"href":"https:\/\/www.camaracg.pb.gov.br\/transparencia\/wp-json\/wp\/v2\/categories?post=1783"},{"taxonomy":"post_tag","embeddable":true,"href":"https:\/\/www.camaracg.pb.gov.br\/transparencia\/wp-json\/wp\/v2\/tags?post=1783"}],"curies":[{"name":"wp","href":"https:\/\/api.w.org\/{rel}","templated":true}]}}