{"id":1901,"date":"2025-01-01T13:45:59","date_gmt":"2025-01-01T16:45:59","guid":{"rendered":"https:\/\/www.camaracg.pb.gov.br\/transparencia\/?p=1901"},"modified":"2026-01-12T10:11:04","modified_gmt":"2026-01-12T13:11:04","slug":"publicacoes","status":"publish","type":"post","link":"https:\/\/www.camaracg.pb.gov.br\/transparencia\/publicacoes\/","title":{"rendered":"Publica\u00e7\u00f5es"},"content":{"rendered":"<h2 id=\"tablepress-201-name\" class=\"tablepress-table-name tablepress-table-name-id-201\">Seman\u00e1rios 2026<\/h2>\n<span id=\"tablepress-201-description\" class=\"tablepress-table-description tablepress-table-description-id-201\">Atualizado em 17 de Abril de 2026<\/span>\n\n<table id=\"tablepress-201\" class=\"tablepress tablepress-id-201\" aria-labelledby=\"tablepress-201-name\" aria-describedby=\"tablepress-201-description\">\n<thead>\n<tr class=\"row-1\">\n\t<th class=\"column-1\">Ano<\/th><th class=\"column-2\">N\u00famero<\/th><th class=\"column-3\">Per\u00edodo de Publica\u00e7\u00e3o<\/th><th class=\"column-4\">Documento<\/th>\n<\/tr>\n<\/thead>\n<tbody class=\"row-striping row-hover\">\n<tr class=\"row-2\">\n\t<td class=\"column-1\">2026<\/td><td class=\"column-2\">07<\/td><td class=\"column-3\">13\/04\/2026 a 17\/04\/2026<\/td><td class=\"column-4\"><a href=\"https:\/\/www.camaracg.pb.gov.br\/transparencia\/wp-content\/uploads\/2026\/04\/SEMANARIO07-2026-13A17ABRIL.pdf\" target=\"_blank\" rel=\"noopener noreferrer\">Ver Anexo<\/a><\/td>\n<\/tr>\n<tr class=\"row-3\">\n\t<td class=\"column-1\">2026<\/td><td class=\"column-2\">06<\/td><td class=\"column-3\">06\/04\/2026 a 10\/04\/2026<\/td><td class=\"column-4\"><a href=\"https:\/\/www.camaracg.pb.gov.br\/transparencia\/wp-content\/uploads\/2026\/04\/SEMANARIO06-2026-06A10ABRIL.pdf\" target=\"_blank\" rel=\"noopener noreferrer\">Ver Anexo<\/a><\/td>\n<\/tr>\n<tr class=\"row-4\">\n\t<td class=\"column-1\">2026<\/td><td class=\"column-2\">05<\/td><td class=\"column-3\">31\/03\/2026<\/td><td class=\"column-4\"><a href=\"https:\/\/www.camaracg.pb.gov.br\/transparencia\/wp-content\/uploads\/2026\/04\/SEMANARIO005-2026-31MARCO.pdf\" target=\"_blank\" rel=\"noopener noreferrer\">Ver Anexo<\/a><\/td>\n<\/tr>\n<tr class=\"row-5\">\n\t<td class=\"column-1\">2026<\/td><td class=\"column-2\">04<\/td><td class=\"column-3\">09\/03\/2026 a 13\/03\/2026<\/td><td class=\"column-4\"><a href=\"https:\/\/www.camaracg.pb.gov.br\/transparencia\/wp-content\/uploads\/2026\/03\/SEMANARIO04-2026-09A13MARCO.pdf\" target=\"_blank\" rel=\"noopener noreferrer\">Ver Anexo<\/a><\/td>\n<\/tr>\n<tr class=\"row-6\">\n\t<td class=\"column-1\">2026<\/td><td class=\"column-2\">03<\/td><td class=\"column-3\">03\/03\/2026<\/td><td class=\"column-4\"><a href=\"https:\/\/www.camaracg.pb.gov.br\/transparencia\/wp-content\/uploads\/2026\/03\/SEMANARIO003-2026-03MARCO.pdf\" target=\"_blank\" rel=\"noopener noreferrer\">Ver Anexo<\/a><\/td>\n<\/tr>\n<tr class=\"row-7\">\n\t<td class=\"column-1\">2026<\/td><td class=\"column-2\">02<\/td><td class=\"column-3\">18\/02\/2026<\/td><td class=\"column-4\"><a href=\"https:\/\/www.camaracg.pb.gov.br\/transparencia\/wp-content\/uploads\/2026\/02\/SEMANARIO02-2026-18FEVEREIRO.pdf\" target=\"_blank\" rel=\"noopener noreferrer\">Ver Anexo<\/a><\/td>\n<\/tr>\n<tr class=\"row-8\">\n\t<td class=\"column-1\">2026<\/td><td class=\"column-2\">01<\/td><td class=\"column-3\">02\/02\/2026<\/td><td class=\"column-4\"><a href=\"https:\/\/www.camaracg.pb.gov.br\/transparencia\/wp-content\/uploads\/2026\/02\/SEMANARIO01-2026-02FEVEREIRO.pdf\" target=\"_blank\" rel=\"noopener noreferrer\">Ver Anexo<\/a><\/td>\n<\/tr>\n<\/tbody>\n<\/table>\n<!-- #tablepress-201 from cache -->\nCaso n\u00e3o tenha o <strong>Adobe Reader<\/strong> instalado em sua m\u00e1quina basta realizar o download gratuitamente clicando <strong><a href=\"https:\/\/get.adobe.com\/br\/reader\" target=\"_blank\" rel=\"noopener noreferrer\">aqui<\/a><\/strong><\/p>\n<p>&nbsp;<\/p>\n<h2 id=\"tablepress-134-name\" class=\"tablepress-table-name tablepress-table-name-id-134\">Seman\u00e1rios (anos anteriores)<\/h2>\n\n<table id=\"tablepress-134\" class=\"tablepress tablepress-id-134\" aria-labelledby=\"tablepress-134-name\">\n<thead>\n<tr class=\"row-1\">\n\t<th class=\"column-1\"><center><a href=\"https:\/\/www.camaracg.pb.gov.br\/transparencia\/semanarios-2025\" target=\"_blank\" rel=\"noopener noreferrer\">Seman\u00e1rios 2025<\/a><center><\/th><th class=\"column-2\"><center><a href=\"https:\/\/www.camaracg.pb.gov.br\/transparencia\/semanarios-2024\" target=\"_blank\" rel=\"noopener noreferrer\">Seman\u00e1rios 2024<\/a><center><\/th><th class=\"column-3\"><center><a href=\"https:\/\/www.camaracg.pb.gov.br\/transparencia\/semanarios-2023\" target=\"_blank\" rel=\"noopener noreferrer\">Seman\u00e1rios 2023<\/a><center><\/th>\n<\/tr>\n<\/thead>\n<tbody class=\"row-striping row-hover\">\n<tr class=\"row-2\">\n\t<td class=\"column-1\"><center><a href=\"https:\/\/www.camaracg.pb.gov.br\/transparencia\/semanarios-2022\" target=\"_blank\" rel=\"noopener noreferrer\">Seman\u00e1rios 2022<\/a><center><\/td><td class=\"column-2\"><center><a href=\"https:\/\/www.camaracg.pb.gov.br\/transparencia\/semanarios-2021\" target=\"_blank\" rel=\"noopener noreferrer\">Seman\u00e1rios 2021<\/a><center><\/td><td class=\"column-3\"><center><a href=\"https:\/\/www.camaracg.pb.gov.br\/transparencia\/semanarios-2020\" target=\"_blank\" rel=\"noopener noreferrer\">Seman\u00e1rios 2020<\/a><center><\/td>\n<\/tr>\n<tr class=\"row-3\">\n\t<td class=\"column-1\"><center><a href=\"https:\/\/www.camaracg.pb.gov.br\/transparencia\/semanarios-2019\" target=\"_blank\" rel=\"noopener noreferrer\">Seman\u00e1rios 2019<\/a><center><\/td><td class=\"column-2\"><\/td><td class=\"column-3\"><\/td>\n<\/tr>\n<\/tbody>\n<\/table>\n<!-- #tablepress-134 from cache -->\nCaso n\u00e3o tenha o <strong>Adobe Reader<\/strong> instalado em sua m\u00e1quina basta realizar o download gratuitamente clicando <strong><a href=\"https:\/\/get.adobe.com\/br\/reader\" target=\"_blank\" rel=\"noopener noreferrer\">aqui<\/a><\/strong><\/p>\n<pre>A C\u00e2mara Municipal de Campina Grande tamb\u00e9m est\u00e1 no Portal da Transpar\u00eancia do Tribunal de Contas do Estado da Para\u00edba (TCE-PB), que disponibiliza, em tempo real, informa\u00e7\u00f5es pormenorizadas sobre a execu\u00e7\u00e3o Or\u00e7ament\u00e1ria e Financeira.<\/pre>\n","protected":false},"excerpt":{"rendered":"<p>Caso n\u00e3o tenha o Adobe Reader instalado em sua m\u00e1quina basta realizar o download gratuitamente clicando aqui &nbsp; Caso n\u00e3o tenha o Adobe Reader instalado em sua m\u00e1quina basta realizar o download gratuitamente clicando aqui A C\u00e2mara Municipal de Campina &hellip; <a class=\"kt-excerpt-readmore\" href=\"https:\/\/www.camaracg.pb.gov.br\/transparencia\/publicacoes\/\" aria-label=\"Publica\u00e7\u00f5es\">leia mais<\/a><\/p>\n","protected":false},"author":1,"featured_media":1978,"comment_status":"closed","ping_status":"closed","sticky":false,"template":"","format":"standard","meta":{"footnotes":""},"categories":[44],"tags":[],"class_list":["post-1901","post","type-post","status-publish","format-standard","has-post-thumbnail","hentry","category-semanarios"],"aioseo_notices":[],"_links":{"self":[{"href":"https:\/\/www.camaracg.pb.gov.br\/transparencia\/wp-json\/wp\/v2\/posts\/1901","targetHints":{"allow":["GET"]}}],"collection":[{"href":"https:\/\/www.camaracg.pb.gov.br\/transparencia\/wp-json\/wp\/v2\/posts"}],"about":[{"href":"https:\/\/www.camaracg.pb.gov.br\/transparencia\/wp-json\/wp\/v2\/types\/post"}],"author":[{"embeddable":true,"href":"https:\/\/www.camaracg.pb.gov.br\/transparencia\/wp-json\/wp\/v2\/users\/1"}],"replies":[{"embeddable":true,"href":"https:\/\/www.camaracg.pb.gov.br\/transparencia\/wp-json\/wp\/v2\/comments?post=1901"}],"version-history":[{"count":11,"href":"https:\/\/www.camaracg.pb.gov.br\/transparencia\/wp-json\/wp\/v2\/posts\/1901\/revisions"}],"predecessor-version":[{"id":4456,"href":"https:\/\/www.camaracg.pb.gov.br\/transparencia\/wp-json\/wp\/v2\/posts\/1901\/revisions\/4456"}],"wp:featuredmedia":[{"embeddable":true,"href":"https:\/\/www.camaracg.pb.gov.br\/transparencia\/wp-json\/wp\/v2\/media\/1978"}],"wp:attachment":[{"href":"https:\/\/www.camaracg.pb.gov.br\/transparencia\/wp-json\/wp\/v2\/media?parent=1901"}],"wp:term":[{"taxonomy":"category","embeddable":true,"href":"https:\/\/www.camaracg.pb.gov.br\/transparencia\/wp-json\/wp\/v2\/categories?post=1901"},{"taxonomy":"post_tag","embeddable":true,"href":"https:\/\/www.camaracg.pb.gov.br\/transparencia\/wp-json\/wp\/v2\/tags?post=1901"}],"curies":[{"name":"wp","href":"https:\/\/api.w.org\/{rel}","templated":true}]}}