{"id":1998,"date":"2021-01-01T14:39:26","date_gmt":"2021-01-01T17:39:26","guid":{"rendered":"https:\/\/www.camaracg.pb.gov.br\/transparencia\/?p=1998"},"modified":"2021-01-05T08:40:55","modified_gmt":"2021-01-05T11:40:55","slug":"portarias-2021","status":"publish","type":"post","link":"https:\/\/www.camaracg.pb.gov.br\/transparencia\/portarias-2021\/","title":{"rendered":"Portarias 2021"},"content":{"rendered":"\n<table id=\"tablepress-63\" class=\"tablepress tablepress-id-63\">\n<thead>\n<tr class=\"row-1\">\n\t<th class=\"column-1\">N\u00famero<\/th><th class=\"column-2\">Data<\/th><th class=\"column-3\">Descri\u00e7\u00e3o<\/th><th class=\"column-4\">Documento<\/th>\n<\/tr>\n<\/thead>\n<tbody class=\"row-striping row-hover\">\n<tr class=\"row-2\">\n\t<td class=\"column-1\">001<\/td><td class=\"column-2\">01\/01\/2021<\/td><td class=\"column-3\">DISP\u00d5E SOBRE MEDIDAS<br \/>\nADMINISTRATIVAS<\/td><td class=\"column-4\"><a href=\"https:\/\/www.camaracg.pb.gov.br\/transparencia\/wp-content\/uploads\/2021\/01\/001-PORTARIA-CMCG.pdf\">Ver Anexo<\/a><\/td>\n<\/tr>\n<tr class=\"row-3\">\n\t<td class=\"column-1\">002<\/td><td class=\"column-2\">01\/01\/2021<\/td><td class=\"column-3\">DISP\u00d5E SOBRE NOMEA\u00c7\u00c3O DE<br \/>\nCOMISS\u00c3O DE RECESSO PARLAMENTAR<\/td><td class=\"column-4\"><a href=\"https:\/\/www.camaracg.pb.gov.br\/transparencia\/wp-content\/uploads\/2021\/01\/002-PORTARIA-CMCG.pdf\">Ver Anexo<\/a><\/td>\n<\/tr>\n<tr class=\"row-4\">\n\t<td class=\"column-1\">003<\/td><td class=\"column-2\">01\/01\/2021<\/td><td class=\"column-3\">DISP\u00d5E SOBRE SUSPENS\u00c3O DE SERVI\u00c7OS<\/td><td class=\"column-4\"><a href=\"https:\/\/www.camaracg.pb.gov.br\/transparencia\/wp-content\/uploads\/2021\/01\/003-PORTARIA-CMCG.pdf\">Ver Anexo<\/a><\/td>\n<\/tr>\n<tr class=\"row-5\">\n\t<td class=\"column-1\">004<\/td><td class=\"column-2\">01\/01\/2021<\/td><td class=\"column-3\">DISP\u00d5E SOBRE NOMEA\u00c7\u00c3O DE<br \/>\nPROCURADOR GERAL DA CMCG<\/td><td class=\"column-4\"><a href=\"https:\/\/www.camaracg.pb.gov.br\/transparencia\/wp-content\/uploads\/2021\/01\/004-PORTARIA-CMCG.pdf\">Ver Anexo<\/a><\/td>\n<\/tr>\n<tr class=\"row-6\">\n\t<td class=\"column-1\">005<\/td><td class=\"column-2\">01\/01\/2021<\/td><td class=\"column-3\">DISP\u00d5E SOBRE NOMEA\u00c7\u00c3O DE<br \/>\nCHEFE DE GABINETE DA CMCG<\/td><td class=\"column-4\"><a href=\"https:\/\/www.camaracg.pb.gov.br\/transparencia\/wp-content\/uploads\/2021\/01\/005-PORTARIA-CMCG.pdf\">Ver Anexo<\/a><\/td>\n<\/tr>\n<tr class=\"row-7\">\n\t<td class=\"column-1\">006<\/td><td class=\"column-2\">01\/01\/2021<\/td><td class=\"column-3\">DISP\u00d5E SOBRE NOMEA\u00c7\u00c3O DE<br \/>\nSECRET\u00c1RIO DE ADMINISTRA\u00c7\u00c3O GERAL DA CMCG<\/td><td class=\"column-4\"><a href=\"https:\/\/www.camaracg.pb.gov.br\/transparencia\/wp-content\/uploads\/2021\/01\/006-PORTARIA-CMCG.pdf\">Ver Anexo<\/a><\/td>\n<\/tr>\n<tr class=\"row-8\">\n\t<td class=\"column-1\">007<\/td><td class=\"column-2\">01\/01\/2021<\/td><td class=\"column-3\">DISP\u00d5E SOBRE NOMEA\u00c7\u00c3O DE<br \/>\nOFICIAL DE GABINETE DA CMCG<\/td><td class=\"column-4\"><a href=\"https:\/\/www.camaracg.pb.gov.br\/transparencia\/wp-content\/uploads\/2021\/01\/007-PORTARIA-CMCG.pdf\">Ver Anexo<\/a><\/td>\n<\/tr>\n<tr class=\"row-9\">\n\t<td class=\"column-1\">008<\/td><td class=\"column-2\">01\/01\/2021<\/td><td class=\"column-3\">DISP\u00d5E SOBRE NOMEA\u00c7\u00c3O DE<br \/>\nDIRETOR DE CONTABILIDADE E FINAN\u00c7AS DA CMCG<\/td><td class=\"column-4\"><a href=\"https:\/\/www.camaracg.pb.gov.br\/transparencia\/wp-content\/uploads\/2021\/01\/008-PORTARIA-CMCG.pdf\">Ver Anexo<\/a><\/td>\n<\/tr>\n<tr class=\"row-10\">\n\t<td class=\"column-1\">009<\/td><td class=\"column-2\">01\/01\/2021<\/td><td class=\"column-3\">DISP\u00d5E SOBRE CUMULA\u00c7\u00c3O DE CARGO<\/td><td class=\"column-4\"><a href=\"https:\/\/www.camaracg.pb.gov.br\/transparencia\/wp-content\/uploads\/2021\/01\/009-PORTARIA-CMCG.pdf\">Ver Anexo<\/a><\/td>\n<\/tr>\n<tr class=\"row-11\">\n\t<td class=\"column-1\">0390<\/td><td class=\"column-2\">01\/06\/2021<\/td><td class=\"column-3\">RESOLVE EXONERAR A PEDIDO, O FUNCION\u00c1RIO JO\u00c3O PAULO SPENCER DE ANDRADE FREIRE<\/td><td class=\"column-4\"><a href=\"https:\/\/www.camaracg.pb.gov.br\/transparencia\/wp-content\/uploads\/2021\/06\/0390-PORTARIA-CMCG.pdf\">Ver Anexo<\/a><\/td>\n<\/tr>\n<\/tbody>\n<\/table>\n<!-- #tablepress-63 from cache -->\nCaso n\u00e3o tenha o <strong>Adobe Reader<\/strong> instalado em sua m\u00e1quina basta realizar o download gratuitamente clicando <strong><a href=\"https:\/\/get.adobe.com\/br\/reader\" target=\"_blank\" rel=\"noopener noreferrer\">aqui<\/a><\/strong><\/p>\n<pre>A C\u00e2mara Municipal de Campina Grande tamb\u00e9m est\u00e1 no Portal da Transpar\u00eancia do Tribunal de Contas do Estado da Para\u00edba (TCE-PB), que disponibiliza, em tempo real, informa\u00e7\u00f5es pormenorizadas sobre a execu\u00e7\u00e3o Or\u00e7ament\u00e1ria e Financeira.<\/pre>\n","protected":false},"excerpt":{"rendered":"<p>Caso n\u00e3o tenha o Adobe Reader instalado em sua m\u00e1quina basta realizar o download gratuitamente clicando aqui A C\u00e2mara Municipal de Campina Grande tamb\u00e9m est\u00e1 no Portal da Transpar\u00eancia do Tribunal de Contas do Estado da Para\u00edba (TCE-PB), que disponibiliza, &hellip; <a class=\"kt-excerpt-readmore\" href=\"https:\/\/www.camaracg.pb.gov.br\/transparencia\/portarias-2021\/\" aria-label=\"Portarias 2021\">leia mais<\/a><\/p>\n","protected":false},"author":1,"featured_media":1966,"comment_status":"closed","ping_status":"closed","sticky":false,"template":"","format":"standard","meta":{"footnotes":""},"categories":[41],"tags":[],"class_list":["post-1998","post","type-post","status-publish","format-standard","has-post-thumbnail","hentry","category-portarias"],"aioseo_notices":[],"_links":{"self":[{"href":"https:\/\/www.camaracg.pb.gov.br\/transparencia\/wp-json\/wp\/v2\/posts\/1998","targetHints":{"allow":["GET"]}}],"collection":[{"href":"https:\/\/www.camaracg.pb.gov.br\/transparencia\/wp-json\/wp\/v2\/posts"}],"about":[{"href":"https:\/\/www.camaracg.pb.gov.br\/transparencia\/wp-json\/wp\/v2\/types\/post"}],"author":[{"embeddable":true,"href":"https:\/\/www.camaracg.pb.gov.br\/transparencia\/wp-json\/wp\/v2\/users\/1"}],"replies":[{"embeddable":true,"href":"https:\/\/www.camaracg.pb.gov.br\/transparencia\/wp-json\/wp\/v2\/comments?post=1998"}],"version-history":[{"count":1,"href":"https:\/\/www.camaracg.pb.gov.br\/transparencia\/wp-json\/wp\/v2\/posts\/1998\/revisions"}],"predecessor-version":[{"id":1999,"href":"https:\/\/www.camaracg.pb.gov.br\/transparencia\/wp-json\/wp\/v2\/posts\/1998\/revisions\/1999"}],"wp:featuredmedia":[{"embeddable":true,"href":"https:\/\/www.camaracg.pb.gov.br\/transparencia\/wp-json\/wp\/v2\/media\/1966"}],"wp:attachment":[{"href":"https:\/\/www.camaracg.pb.gov.br\/transparencia\/wp-json\/wp\/v2\/media?parent=1998"}],"wp:term":[{"taxonomy":"category","embeddable":true,"href":"https:\/\/www.camaracg.pb.gov.br\/transparencia\/wp-json\/wp\/v2\/categories?post=1998"},{"taxonomy":"post_tag","embeddable":true,"href":"https:\/\/www.camaracg.pb.gov.br\/transparencia\/wp-json\/wp\/v2\/tags?post=1998"}],"curies":[{"name":"wp","href":"https:\/\/api.w.org\/{rel}","templated":true}]}}