{"id":2304,"date":"2021-03-04T20:16:54","date_gmt":"2021-03-04T23:16:54","guid":{"rendered":"https:\/\/www.camaracg.pb.gov.br\/transparencia\/?p=2304"},"modified":"2022-04-25T19:33:44","modified_gmt":"2022-04-25T22:33:44","slug":"relatorio-resumido-de-consumo-marco-a-setembro-2021-ford-ka-sedan-rls6g29","status":"publish","type":"post","link":"https:\/\/www.camaracg.pb.gov.br\/transparencia\/relatorio-resumido-de-consumo-marco-a-setembro-2021-ford-ka-sedan-rls6g29\/","title":{"rendered":"Relat\u00f3rio Resumido de Consumo MAR\u00c7O A SETEMBRO 2021 &#8211; FORD KA SEDAN &#8211; RLS6G29"},"content":{"rendered":"<table class=\" aligncenter\" width=\"780\">\n<tbody>\n<tr>\n<td style=\"width: 780px;\" colspan=\"6\"><strong> ESTADO DA PARA\u00cdBA<\/strong><\/td>\n<\/tr>\n<tr>\n<td style=\"text-align: center; width: 770px;\" colspan=\"6\"><strong>C\u00c2MARA MUNICIPAL DE CAMPINA GRANDE<\/strong><\/td>\n<\/tr>\n<tr>\n<td style=\"text-align: center; width: 770px;\" colspan=\"6\"><strong>Exerc\u00edcio de 2021<\/strong><\/td>\n<\/tr>\n<tr>\n<td style=\"text-align: center; width: 800px;\" colspan=\"6\"><strong>CONTROLE INDIVIDUALIZADO DE BENS OU PRODUTOS UTILIZADOS NO VE\u00cdCULO DA C\u00c2MARA<\/strong><\/td>\n<\/tr>\n<tr>\n<td style=\"width: 790px;\" colspan=\"6\"><\/td>\n<\/tr>\n<tr>\n<td style=\"width: 89px;\"><strong>Ve\u00edculo:<\/strong><\/td>\n<td style=\"width: 176px;\"><strong>FORD KA SEDAN<\/strong><\/td>\n<td style=\"width: 104px;\"><strong>Marca:<\/strong><\/td>\n<td style=\"width: 143px;\">FORD<\/td>\n<td style=\"width: 131px;\"><strong>Data de Aquisi\u00e7\u00e3o:<\/strong><\/td>\n<td style=\"width: 97px;\"><strong>24\/12\/2020<\/strong><\/td>\n<\/tr>\n<tr>\n<td style=\"width: 89px;\"><strong>Pot\u00eancia:<\/strong><\/td>\n<td style=\"width: 176px;\">1.5<\/td>\n<td style=\"width: 104px;\"><strong>Ano:<\/strong><\/td>\n<td style=\"width: 143px;\">2020<\/td>\n<td style=\"width: 131px;\"><strong>NF. N\u00ba:<\/strong><\/td>\n<td style=\"width: 97px;\"><strong>20594<\/strong><\/td>\n<\/tr>\n<tr>\n<td style=\"width: 89px;\"><strong>Cilindrada:<\/strong><\/td>\n<td style=\"width: 176px;\">CV<\/td>\n<td style=\"width: 104px;\"><strong>Combust\u00edvel:<\/strong><\/td>\n<td style=\"width: 143px;\">GASOLINA\/\u00c1LCOOL<\/td>\n<td style=\"width: 131px;\"><strong>Placa:<\/strong><\/td>\n<td style=\"width: 97px;\"><strong>RLS6G29<\/strong><\/td>\n<\/tr>\n<tr>\n<td style=\"width: 89px;\"><strong>Lotado em:<\/strong><\/td>\n<td style=\"width: 176px;\"><strong>C\u00c2MARA MUNICIPAL<\/strong><\/td>\n<td style=\"width: 104px;\"><strong>Renavan:<\/strong><\/td>\n<td style=\"width: 143px;\">1250224028<\/td>\n<td style=\"width: 234px;\" colspan=\"2\"><\/td>\n<\/tr>\n<\/tbody>\n<\/table>\n<p>&nbsp;<\/p>\n\n<table id=\"tablepress-73\" class=\"tablepress tablepress-id-73\">\n<thead>\n<tr class=\"row-1\">\n\t<th class=\"column-1\">Data<\/th><th class=\"column-2\">KM<br \/>\nInicial<\/th><th class=\"column-3\">KM <br \/>\nFinal<\/th><th class=\"column-4\">KM <br \/>\nPercorridos<\/th><th class=\"column-5\">Tipo de <br \/>\nCombust\u00edvel<\/th><th class=\"column-6\">Quant.<br \/>\nAbastecida (Litros)<\/th><th class=\"column-7\">KM\/<br \/>\nLitro<\/th><th class=\"column-8\">Nota<br \/>\nFiscal<\/th><th class=\"column-9\">Valor (R$)<br \/>\n<\/th><th class=\"column-10\">Documento<\/th>\n<\/tr>\n<\/thead>\n<tbody class=\"row-striping row-hover\">\n<tr class=\"row-2\">\n\t<td class=\"column-1\">09\/09\/2021<\/td><td class=\"column-2\"><\/td><td class=\"column-3\"><\/td><td class=\"column-4\"><\/td><td class=\"column-5\">Gasolina<\/td><td class=\"column-6\"><\/td><td class=\"column-7\"><\/td><td class=\"column-8\">4519<\/td><td class=\"column-9\">2.481,93<\/td><td class=\"column-10\"><a href=\"https:\/\/www.camaracg.pb.gov.br\/transparencia\/wp-content\/uploads\/2021\/09\/090921empenho397.pdf\">Ver Anexo<\/a><\/td>\n<\/tr>\n<tr class=\"row-3\">\n\t<td class=\"column-1\">10\/08\/2021<\/td><td class=\"column-2\"><\/td><td class=\"column-3\"><\/td><td class=\"column-4\"><\/td><td class=\"column-5\">Gasolina<\/td><td class=\"column-6\"><\/td><td class=\"column-7\"><\/td><td class=\"column-8\">4046<\/td><td class=\"column-9\">3.353,35<\/td><td class=\"column-10\"><a href=\"https:\/\/www.camaracg.pb.gov.br\/transparencia\/wp-content\/uploads\/2021\/08\/100821empenho345.pdf\">Ver Anexo<\/a><\/td>\n<\/tr>\n<tr class=\"row-4\">\n\t<td class=\"column-1\">30\/06\/2021<\/td><td class=\"column-2\"><\/td><td class=\"column-3\"><\/td><td class=\"column-4\"><\/td><td class=\"column-5\">Gasolina<\/td><td class=\"column-6\"><\/td><td class=\"column-7\"><\/td><td class=\"column-8\">3391<\/td><td class=\"column-9\">3.526,34<\/td><td class=\"column-10\"><a href=\"https:\/\/www.camaracg.pb.gov.br\/transparencia\/wp-content\/uploads\/2021\/08\/300621empenho281.pdf\">Ver Anexo<\/a><\/td>\n<\/tr>\n<tr class=\"row-5\">\n\t<td class=\"column-1\">26\/04\/2021<\/td><td class=\"column-2\"><\/td><td class=\"column-3\"><\/td><td class=\"column-4\"><\/td><td class=\"column-5\">Gasolina<\/td><td class=\"column-6\"><\/td><td class=\"column-7\"><\/td><td class=\"column-8\">2510<\/td><td class=\"column-9\">1.771,15<\/td><td class=\"column-10\"><a href=\"https:\/\/www.camaracg.pb.gov.br\/transparencia\/wp-content\/uploads\/2021\/06\/260421empenho156.pdf\">Ver Anexo<\/a><\/td>\n<\/tr>\n<tr class=\"row-6\">\n\t<td class=\"column-1\">05\/03\/2021<\/td><td class=\"column-2\"><\/td><td class=\"column-3\"><\/td><td class=\"column-4\"><\/td><td class=\"column-5\">Gasolina<\/td><td class=\"column-6\"><\/td><td class=\"column-7\"><\/td><td class=\"column-8\">1920<\/td><td class=\"column-9\">2.671,03<\/td><td class=\"column-10\"><a href=\"https:\/\/www.camaracg.pb.gov.br\/transparencia\/wp-content\/uploads\/2021\/04\/050321empenho081.pdf\">Ver Anexo<\/a><\/td>\n<\/tr>\n<\/tbody>\n<\/table>\n<!-- #tablepress-73 from cache -->\n<h3><strong>Meses Anteriores<\/strong><\/h3>\n\n<table id=\"tablepress-80\" class=\"tablepress tablepress-id-80\">\n<thead>\n<tr class=\"row-1\">\n\t<td class=\"column-1\"><\/td><td class=\"column-2\"><\/td><td class=\"column-3\"><\/td><td class=\"column-4\"><\/td><td class=\"column-5\"><\/td><td class=\"column-6\"><\/td>\n<\/tr>\n<\/thead>\n<tbody class=\"row-striping row-hover\">\n<tr class=\"row-2\">\n\t<td class=\"column-1\"><center><a href=\"https:\/\/www.camaracg.pb.gov.br\/transparencia\/relatorio-de-abastecimento-abril-2024-ford-ka-hatch\" target=\"_blank\" rel=\"noopener noreferrer\">Abril\/2024<\/a><center><\/td><td class=\"column-2\"><center><a href=\"https:\/\/www.camaracg.pb.gov.br\/transparencia\/relatorio-de-abastecimento-marco-2024-ford-ka-hatch\" target=\"_blank\" rel=\"noopener noreferrer\">Mar\u00e7o\/2024<\/a><center><\/td><td class=\"column-3\"><center><a href=\"https:\/\/www.camaracg.pb.gov.br\/transparencia\/relatorio-de-abastecimento-fevereiro-2024-ford-ka-hatch\" target=\"_blank\" rel=\"noopener noreferrer\">Fevereiro\/2024<\/a><center><\/td><td class=\"column-4\"><\/td><td class=\"column-5\"><\/td><td class=\"column-6\"><\/td>\n<\/tr>\n<tr class=\"row-3\">\n\t<td class=\"column-1\"><center>---<center><\/td><td class=\"column-2\"><center>---<center><\/td><td class=\"column-3\"><center>---<center><\/td><td class=\"column-4\"><center>---<center><\/td><td class=\"column-5\"><center>---<center><\/td><td class=\"column-6\"><center>---<center><\/td>\n<\/tr>\n<tr class=\"row-4\">\n\t<td class=\"column-1\"><center><a href=\"https:\/\/www.camaracg.pb.gov.br\/transparencia\/relatorio-de-abastecimento-dezembro-2023-ford-ka-hatch\" target=\"_blank\" rel=\"noopener noreferrer\">Dezembro\/2023<\/a><center><\/td><td class=\"column-2\"><center><a href=\"https:\/\/www.camaracg.pb.gov.br\/transparencia\/relatorio-de-abastecimento-novembro-2023-ford-ka-hatch\" target=\"_blank\" rel=\"noopener noreferrer\">Novembro\/2023<\/a><center><\/td><td class=\"column-3\"><center><a href=\"https:\/\/www.camaracg.pb.gov.br\/transparencia\/relatorio-de-abastecimento-outubro-2023-ford-ka-hatch\" target=\"_blank\" rel=\"noopener noreferrer\">Outubro\/2023<\/a><center><\/td><td class=\"column-4\"><center><a href=\"https:\/\/www.camaracg.pb.gov.br\/transparencia\/relatorio-de-abastecimento-setembro-2023-ford-ka-hatch\" target=\"_blank\" rel=\"noopener noreferrer\">Setembro\/2023<\/a><center><\/td><td class=\"column-5\"><center><a href=\"https:\/\/www.camaracg.pb.gov.br\/transparencia\/relatorio-de-abastecimento-agosto-2023-ford-ka-hatch\" target=\"_blank\" rel=\"noopener noreferrer\">Agosto\/2023<\/a><center><\/td><td class=\"column-6\"><center><a href=\"https:\/\/www.camaracg.pb.gov.br\/transparencia\/relatorio-de-abastecimento-julho-2023-ford-ka-hatch\" target=\"_blank\" rel=\"noopener noreferrer\">Julho\/2023<\/a><center><\/td>\n<\/tr>\n<tr class=\"row-5\">\n\t<td class=\"column-1\"><center><a href=\"https:\/\/www.camaracg.pb.gov.br\/transparencia\/relatorio-de-abastecimento-junho-2023-ford-ka-hatch\" target=\"_blank\" rel=\"noopener noreferrer\">Junho\/2023<\/a><center><\/td><td class=\"column-2\"><center><a href=\"https:\/\/www.camaracg.pb.gov.br\/transparencia\/relatorio-de-abastecimento-maio-2023-ford-ka-hatch\" target=\"_blank\" rel=\"noopener noreferrer\">Maio\/2023<\/a><center><\/td><td class=\"column-3\"><center><a href=\"https:\/\/www.camaracg.pb.gov.br\/transparencia\/relatorio-de-abastecimento-abril-2023-ford-ka-hatch\" target=\"_blank\" rel=\"noopener noreferrer\">Abril\/2023<\/a><center><\/td><td class=\"column-4\"><center><a href=\"https:\/\/www.camaracg.pb.gov.br\/transparencia\/relatorio-de-abastecimento-marco-2023-ford-ka-hatch\" target=\"_blank\" rel=\"noopener noreferrer\">Mar\u00e7o\/2023<\/a><center><\/td><td class=\"column-5\"><center><a href=\"https:\/\/www.camaracg.pb.gov.br\/transparencia\/relatorio-de-abastecimento-fevereiro-2023-ford-ka-hatch\" target=\"_blank\" rel=\"noopener noreferrer\">Fevereiro\/2023<\/a><center><\/td><td class=\"column-6\"><center><a href=\"https:\/\/www.camaracg.pb.gov.br\/transparencia\/relatorio-de-abastecimento-janeiro-2023-ford-ka-hatch\" target=\"_blank\" rel=\"noopener noreferrer\">Janeiro\/2023<\/a><center><\/td>\n<\/tr>\n<tr class=\"row-6\">\n\t<td class=\"column-1\"><\/td><td class=\"column-2\"><\/td><td class=\"column-3\"><\/td><td class=\"column-4\"><\/td><td class=\"column-5\"><\/td><td class=\"column-6\"><\/td>\n<\/tr>\n<tr class=\"row-7\">\n\t<td class=\"column-1\"><center>---<center><\/td><td class=\"column-2\"><center>---<center><\/td><td class=\"column-3\"><center>---<center><\/td><td class=\"column-4\"><center>---<center><\/td><td class=\"column-5\"><center>---<center><\/td><td class=\"column-6\"><center>---<center><\/td>\n<\/tr>\n<tr class=\"row-8\">\n\t<td class=\"column-1\"><center><a href=\"https:\/\/www.camaracg.pb.gov.br\/transparencia\/relatorio-de-abastecimento-dezembro-2022-ford-ka-hatch\" target=\"_blank\" rel=\"noopener noreferrer\">Dezembro\/2022<\/a><center><\/td><td class=\"column-2\"><center><a href=\"https:\/\/www.camaracg.pb.gov.br\/transparencia\/relatorio-de-abastecimento-novembro-2022-ford-ka-hatch\" target=\"_blank\" rel=\"noopener noreferrer\">Novembro\/2022<\/a><center><\/td><td class=\"column-3\"><center><a href=\"https:\/\/www.camaracg.pb.gov.br\/transparencia\/relatorio-de-abastecimento-outubro-2022-ford-ka-hatch\" target=\"_blank\" rel=\"noopener noreferrer\">Outubro\/2022<\/a><center><\/td><td class=\"column-4\"><center><a href=\"https:\/\/www.camaracg.pb.gov.br\/transparencia\/relatorio-de-abastecimento-setembro-2022-ford-ka-hatch\" target=\"_blank\" rel=\"noopener noreferrer\">Setembro\/2022<\/a><center><\/td><td class=\"column-5\"><center><a href=\"https:\/\/www.camaracg.pb.gov.br\/transparencia\/relatorio-de-abastecimento-agosto-2022-ford-ka-hatch\" target=\"_blank\" rel=\"noopener noreferrer\">Agosto\/2022<\/a><center><\/td><td class=\"column-6\"><center><a href=\"https:\/\/www.camaracg.pb.gov.br\/transparencia\/relatorio-de-abastecimento-julho-2022-ford-ka-hatch\" target=\"_blank\" rel=\"noopener noreferrer\">Julho\/2022<\/a><center><\/td>\n<\/tr>\n<tr class=\"row-9\">\n\t<td class=\"column-1\"><center><a href=\"https:\/\/www.camaracg.pb.gov.br\/transparencia\/relatorio-de-abastecimento-junho-2022-ford-ka-hatch\" target=\"_blank\" rel=\"noopener noreferrer\">Junho\/2022<\/a><center><\/td><td class=\"column-2\"><center><a href=\"https:\/\/www.camaracg.pb.gov.br\/transparencia\/relatorio-de-abastecimento-maio-2022-ford-ka-hatch\" target=\"_blank\" rel=\"noopener noreferrer\">Maio\/2022<\/a><center><\/td><td class=\"column-3\"><center><a href=\"https:\/\/www.camaracg.pb.gov.br\/transparencia\/relatorio-de-abastecimento-abril-2022-ford-ka-hatch\" target=\"_blank\" rel=\"noopener noreferrer\">Abril\/2022<\/a><center><\/td><td class=\"column-4\"><center><a href=\"https:\/\/www.camaracg.pb.gov.br\/transparencia\/relatorio-de-abastecimento-marco-2022-ford-ka-hatch\" target=\"_blank\" rel=\"noopener noreferrer\">Mar\u00e7o\/2022<\/a><center><\/td><td class=\"column-5\"><center><a href=\"https:\/\/www.camaracg.pb.gov.br\/transparencia\/relatorio-de-abastecimento-fevereiro-2022-ford-ka-hatch\" target=\"_blank\" rel=\"noopener noreferrer\">Fevereiro\/2022<\/a><center><\/td><td class=\"column-6\"><center><a href=\"https:\/\/www.camaracg.pb.gov.br\/transparencia\/relatorio-de-abastecimento-janeiro-2022-ford-ka-hatch\" target=\"_blank\" rel=\"noopener noreferrer\">Janeiro\/2022<\/a><center><\/td>\n<\/tr>\n<tr class=\"row-10\">\n\t<td class=\"column-1\"><\/td><td class=\"column-2\"><\/td><td class=\"column-3\"><\/td><td class=\"column-4\"><\/td><td class=\"column-5\"><\/td><td class=\"column-6\"><\/td>\n<\/tr>\n<tr class=\"row-11\">\n\t<td class=\"column-1\"><center>---<center><\/td><td class=\"column-2\"><center>---<center><\/td><td class=\"column-3\"><center>---<center><\/td><td class=\"column-4\"><center>---<center><\/td><td class=\"column-5\"><\/td><td class=\"column-6\"><\/td>\n<\/tr>\n<tr class=\"row-12\">\n\t<td class=\"column-1\"><center><a href=\"https:\/\/www.camaracg.pb.gov.br\/transparencia\/relatorio-de-abastecimento-dezembro-2021-ford-ka-hatch\" target=\"_blank\" rel=\"noopener noreferrer\">Dezembro\/2021<\/a><center><\/td><td class=\"column-2\"><center><a href=\"https:\/\/www.camaracg.pb.gov.br\/transparencia\/relatorio-de-abastecimento-novembro-2021-ford-ka-hatch\" target=\"_blank\" rel=\"noopener noreferrer\">Novembro\/2021<\/a><center><\/td><td class=\"column-3\"><center><a href=\"https:\/\/www.camaracg.pb.gov.br\/transparencia\/relatorio-de-abastecimento-outubro-2021-ford-ka-hatch\" target=\"_blank\" rel=\"noopener noreferrer\">Outubro\/2021<\/a><center><\/td><td class=\"column-4\"><center><a href=\"https:\/\/www.camaracg.pb.gov.br\/transparencia\/relatorio-resumido-de-consumo-marco-a-setembro-2021-ford-ka-hatch-rls5j90\/\" target=\"_blank\" rel=\"noopener noreferrer\">Mar\u00e7o\/2021 - Setembro\/2021<\/a><center><\/td><td class=\"column-5\"><\/td><td class=\"column-6\"><\/td>\n<\/tr>\n<\/tbody>\n<\/table>\n<!-- #tablepress-80 from cache -->\n<p style=\"text-align: center;\">Caso n\u00e3o tenha o <strong>Adobe Reader<\/strong> instalado em sua m\u00e1quina basta realizar o download gratuitamente clicando <strong><a href=\"https:\/\/get.adobe.com\/br\/reader\" target=\"_blank\" rel=\"noopener noreferrer\">aqui<\/a><\/strong><\/p>\n<pre>A C\u00e2mara Municipal de Campina Grande tamb\u00e9m est\u00e1 no Portal da Transpar\u00eancia do Tribunal de Contas do Estado da Para\u00edba (TCE-PB), que disponibiliza, em tempo real, informa\u00e7\u00f5es pormenorizadas sobre a execu\u00e7\u00e3o Or\u00e7ament\u00e1ria e Financeira.<\/pre>\n","protected":false},"excerpt":{"rendered":"<p>ESTADO DA PARA\u00cdBA C\u00c2MARA MUNICIPAL DE CAMPINA GRANDE Exerc\u00edcio de 2021 CONTROLE INDIVIDUALIZADO DE BENS OU PRODUTOS UTILIZADOS NO VE\u00cdCULO DA C\u00c2MARA Ve\u00edculo: FORD KA SEDAN Marca: FORD Data de Aquisi\u00e7\u00e3o: 24\/12\/2020 Pot\u00eancia: 1.5 Ano: 2020 NF. N\u00ba: 20594 Cilindrada: &hellip; <a class=\"kt-excerpt-readmore\" href=\"https:\/\/www.camaracg.pb.gov.br\/transparencia\/relatorio-resumido-de-consumo-marco-a-setembro-2021-ford-ka-sedan-rls6g29\/\" aria-label=\"Relat\u00f3rio Resumido de Consumo MAR\u00c7O A SETEMBRO 2021 &#8211; FORD KA SEDAN &#8211; RLS6G29\">leia mais<\/a><\/p>\n","protected":false},"author":1,"featured_media":0,"comment_status":"closed","ping_status":"closed","sticky":false,"template":"","format":"standard","meta":{"footnotes":""},"categories":[46],"tags":[],"class_list":["post-2304","post","type-post","status-publish","format-standard","hentry","category-frota"],"aioseo_notices":[],"aioseo_head":"\n\t\t<!-- All in One SEO 4.9.10 - aioseo.com -->\n\t<meta name=\"description\" content=\"ESTADO DA PARA\u00cdBA C\u00c2MARA MUNICIPAL DE CAMPINA GRANDE Exerc\u00edcio de 2021 CONTROLE INDIVIDUALIZADO DE BENS OU PRODUTOS UTILIZADOS NO VE\u00cdCULO DA C\u00c2MARA Ve\u00edculo: FORD KA SEDAN Marca: FORD Data de Aquisi\u00e7\u00e3o: 24\/12\/2020 Pot\u00eancia: 1.5 Ano: 2020 NF. N\u00ba: 20594 Cilindrada: CV Combust\u00edvel: GASOLINA\/\u00c1LCOOL Placa: RLS6G29 Lotado em: C\u00c2MARA MUNICIPAL Renavan: 1250224028 Meses Anteriores Caso\" \/>\n\t<meta name=\"robots\" content=\"max-image-preview:large\" \/>\n\t<meta name=\"author\" content=\"admin\"\/>\n\t<link rel=\"canonical\" href=\"https:\/\/www.camaracg.pb.gov.br\/transparencia\/relatorio-resumido-de-consumo-marco-a-setembro-2021-ford-ka-sedan-rls6g29\/\" \/>\n\t<meta name=\"generator\" content=\"All in One SEO (AIOSEO) 4.9.10\" \/>\n\t\t<meta property=\"og:locale\" content=\"pt_BR\" \/>\n\t\t<meta property=\"og:site_name\" content=\"Portal da Transpar\u00eancia \u2022 C\u00e2mara Municipal de Campina Grande\" \/>\n\t\t<meta property=\"og:type\" content=\"article\" \/>\n\t\t<meta property=\"og:title\" content=\"Relat\u00f3rio Resumido de Consumo MAR\u00c7O A SETEMBRO 2021 \u2013 FORD KA SEDAN \u2013 RLS6G29 | Portal da Transpar\u00eancia \u2022 C\u00e2mara Municipal de Campina Grande\" \/>\n\t\t<meta property=\"og:description\" content=\"ESTADO DA PARA\u00cdBA C\u00c2MARA MUNICIPAL DE CAMPINA GRANDE Exerc\u00edcio de 2021 CONTROLE INDIVIDUALIZADO DE BENS OU PRODUTOS UTILIZADOS NO VE\u00cdCULO DA C\u00c2MARA Ve\u00edculo: FORD KA SEDAN Marca: FORD Data de Aquisi\u00e7\u00e3o: 24\/12\/2020 Pot\u00eancia: 1.5 Ano: 2020 NF. N\u00ba: 20594 Cilindrada: CV Combust\u00edvel: GASOLINA\/\u00c1LCOOL Placa: RLS6G29 Lotado em: C\u00c2MARA MUNICIPAL Renavan: 1250224028 Meses Anteriores Caso\" \/>\n\t\t<meta property=\"og:url\" content=\"https:\/\/www.camaracg.pb.gov.br\/transparencia\/relatorio-resumido-de-consumo-marco-a-setembro-2021-ford-ka-sedan-rls6g29\/\" \/>\n\t\t<meta property=\"article:published_time\" content=\"2021-03-04T23:16:54+00:00\" \/>\n\t\t<meta property=\"article:modified_time\" content=\"2022-04-25T22:33:44+00:00\" \/>\n\t\t<meta name=\"twitter:card\" content=\"summary\" \/>\n\t\t<meta name=\"twitter:title\" content=\"Relat\u00f3rio Resumido de Consumo MAR\u00c7O A SETEMBRO 2021 \u2013 FORD KA SEDAN \u2013 RLS6G29 | Portal da Transpar\u00eancia \u2022 C\u00e2mara Municipal de Campina Grande\" \/>\n\t\t<meta name=\"twitter:description\" content=\"ESTADO DA PARA\u00cdBA C\u00c2MARA MUNICIPAL DE CAMPINA GRANDE Exerc\u00edcio de 2021 CONTROLE INDIVIDUALIZADO DE BENS OU PRODUTOS UTILIZADOS NO VE\u00cdCULO DA C\u00c2MARA Ve\u00edculo: FORD KA SEDAN Marca: FORD Data de Aquisi\u00e7\u00e3o: 24\/12\/2020 Pot\u00eancia: 1.5 Ano: 2020 NF. N\u00ba: 20594 Cilindrada: CV Combust\u00edvel: GASOLINA\/\u00c1LCOOL Placa: RLS6G29 Lotado em: C\u00c2MARA MUNICIPAL Renavan: 1250224028 Meses Anteriores Caso\" \/>\n\t\t<script type=\"application\/ld+json\" class=\"aioseo-schema\">\n\t\t\t{\"@context\":\"https:\\\/\\\/schema.org\",\"@graph\":[{\"@type\":\"Article\",\"@id\":\"https:\\\/\\\/www.camaracg.pb.gov.br\\\/transparencia\\\/relatorio-resumido-de-consumo-marco-a-setembro-2021-ford-ka-sedan-rls6g29\\\/#article\",\"name\":\"Relat\\u00f3rio Resumido de Consumo MAR\\u00c7O A SETEMBRO 2021 \\u2013 FORD KA SEDAN \\u2013 RLS6G29 | Portal da Transpar\\u00eancia \\u2022 C\\u00e2mara Municipal de Campina Grande\",\"headline\":\"Relat\\u00f3rio Resumido de Consumo MAR\\u00c7O A SETEMBRO 2021 &#8211; FORD KA SEDAN &#8211; RLS6G29\",\"author\":{\"@id\":\"https:\\\/\\\/www.camaracg.pb.gov.br\\\/transparencia\\\/author\\\/adm\\\/#author\"},\"publisher\":{\"@id\":\"https:\\\/\\\/www.camaracg.pb.gov.br\\\/transparencia\\\/#organization\"},\"image\":{\"@type\":\"ImageObject\",\"url\":\"https:\\\/\\\/www.camaracg.pb.gov.br\\\/transparencia\\\/wp-content\\\/uploads\\\/2021\\\/01\\\/img-camaracg-1.png\",\"@id\":\"https:\\\/\\\/www.camaracg.pb.gov.br\\\/transparencia\\\/#articleImage\",\"width\":512,\"height\":512},\"datePublished\":\"2021-03-04T20:16:54-03:00\",\"dateModified\":\"2022-04-25T19:33:44-03:00\",\"inLanguage\":\"pt-BR\",\"mainEntityOfPage\":{\"@id\":\"https:\\\/\\\/www.camaracg.pb.gov.br\\\/transparencia\\\/relatorio-resumido-de-consumo-marco-a-setembro-2021-ford-ka-sedan-rls6g29\\\/#webpage\"},\"isPartOf\":{\"@id\":\"https:\\\/\\\/www.camaracg.pb.gov.br\\\/transparencia\\\/relatorio-resumido-de-consumo-marco-a-setembro-2021-ford-ka-sedan-rls6g29\\\/#webpage\"},\"articleSection\":\"Frota\"},{\"@type\":\"BreadcrumbList\",\"@id\":\"https:\\\/\\\/www.camaracg.pb.gov.br\\\/transparencia\\\/relatorio-resumido-de-consumo-marco-a-setembro-2021-ford-ka-sedan-rls6g29\\\/#breadcrumblist\",\"itemListElement\":[{\"@type\":\"ListItem\",\"@id\":\"https:\\\/\\\/www.camaracg.pb.gov.br\\\/transparencia#listItem\",\"position\":1,\"name\":\"In\\u00edcio\",\"item\":\"https:\\\/\\\/www.camaracg.pb.gov.br\\\/transparencia\",\"nextItem\":{\"@type\":\"ListItem\",\"@id\":\"https:\\\/\\\/www.camaracg.pb.gov.br\\\/transparencia\\\/category\\\/frota\\\/#listItem\",\"name\":\"Frota\"}},{\"@type\":\"ListItem\",\"@id\":\"https:\\\/\\\/www.camaracg.pb.gov.br\\\/transparencia\\\/category\\\/frota\\\/#listItem\",\"position\":2,\"name\":\"Frota\",\"item\":\"https:\\\/\\\/www.camaracg.pb.gov.br\\\/transparencia\\\/category\\\/frota\\\/\",\"nextItem\":{\"@type\":\"ListItem\",\"@id\":\"https:\\\/\\\/www.camaracg.pb.gov.br\\\/transparencia\\\/relatorio-resumido-de-consumo-marco-a-setembro-2021-ford-ka-sedan-rls6g29\\\/#listItem\",\"name\":\"Relat\\u00f3rio Resumido de Consumo MAR\\u00c7O A SETEMBRO 2021 &#8211; FORD KA SEDAN &#8211; RLS6G29\"},\"previousItem\":{\"@type\":\"ListItem\",\"@id\":\"https:\\\/\\\/www.camaracg.pb.gov.br\\\/transparencia#listItem\",\"name\":\"In\\u00edcio\"}},{\"@type\":\"ListItem\",\"@id\":\"https:\\\/\\\/www.camaracg.pb.gov.br\\\/transparencia\\\/relatorio-resumido-de-consumo-marco-a-setembro-2021-ford-ka-sedan-rls6g29\\\/#listItem\",\"position\":3,\"name\":\"Relat\\u00f3rio Resumido de Consumo MAR\\u00c7O A SETEMBRO 2021 &#8211; FORD KA SEDAN &#8211; RLS6G29\",\"previousItem\":{\"@type\":\"ListItem\",\"@id\":\"https:\\\/\\\/www.camaracg.pb.gov.br\\\/transparencia\\\/category\\\/frota\\\/#listItem\",\"name\":\"Frota\"}}]},{\"@type\":\"Organization\",\"@id\":\"https:\\\/\\\/www.camaracg.pb.gov.br\\\/transparencia\\\/#organization\",\"name\":\"Portal da Transpar\\u00eancia \\u2022 C\\u00e2mara Municipal de Campina Grande\",\"description\":\"Bem-vindo ao Portal da Transpar\\u00eancia da C\\u00e2mara Municipal de Campina Grande\",\"url\":\"https:\\\/\\\/www.camaracg.pb.gov.br\\\/transparencia\\\/\",\"logo\":{\"@type\":\"ImageObject\",\"url\":\"https:\\\/\\\/www.camaracg.pb.gov.br\\\/transparencia\\\/wp-content\\\/uploads\\\/2021\\\/01\\\/img-camaracg-1.png\",\"@id\":\"https:\\\/\\\/www.camaracg.pb.gov.br\\\/transparencia\\\/relatorio-resumido-de-consumo-marco-a-setembro-2021-ford-ka-sedan-rls6g29\\\/#organizationLogo\",\"width\":512,\"height\":512},\"image\":{\"@id\":\"https:\\\/\\\/www.camaracg.pb.gov.br\\\/transparencia\\\/relatorio-resumido-de-consumo-marco-a-setembro-2021-ford-ka-sedan-rls6g29\\\/#organizationLogo\"}},{\"@type\":\"Person\",\"@id\":\"https:\\\/\\\/www.camaracg.pb.gov.br\\\/transparencia\\\/author\\\/adm\\\/#author\",\"url\":\"https:\\\/\\\/www.camaracg.pb.gov.br\\\/transparencia\\\/author\\\/adm\\\/\",\"name\":\"admin\",\"image\":{\"@type\":\"ImageObject\",\"@id\":\"https:\\\/\\\/www.camaracg.pb.gov.br\\\/transparencia\\\/relatorio-resumido-de-consumo-marco-a-setembro-2021-ford-ka-sedan-rls6g29\\\/#authorImage\",\"url\":\"https:\\\/\\\/secure.gravatar.com\\\/avatar\\\/35c8e8e3703acf022654ef8a1e5552bf531a2226ec0fac0bc1a59a43b7b28bab?s=96&d=mm&r=g\",\"width\":96,\"height\":96,\"caption\":\"admin\"}},{\"@type\":\"WebPage\",\"@id\":\"https:\\\/\\\/www.camaracg.pb.gov.br\\\/transparencia\\\/relatorio-resumido-de-consumo-marco-a-setembro-2021-ford-ka-sedan-rls6g29\\\/#webpage\",\"url\":\"https:\\\/\\\/www.camaracg.pb.gov.br\\\/transparencia\\\/relatorio-resumido-de-consumo-marco-a-setembro-2021-ford-ka-sedan-rls6g29\\\/\",\"name\":\"Relat\\u00f3rio Resumido de Consumo MAR\\u00c7O A SETEMBRO 2021 \\u2013 FORD KA SEDAN \\u2013 RLS6G29 | Portal da Transpar\\u00eancia \\u2022 C\\u00e2mara Municipal de Campina Grande\",\"description\":\"ESTADO DA PARA\\u00cdBA C\\u00c2MARA MUNICIPAL DE CAMPINA GRANDE Exerc\\u00edcio de 2021 CONTROLE INDIVIDUALIZADO DE BENS OU PRODUTOS UTILIZADOS NO VE\\u00cdCULO DA C\\u00c2MARA Ve\\u00edculo: FORD KA SEDAN Marca: FORD Data de Aquisi\\u00e7\\u00e3o: 24\\\/12\\\/2020 Pot\\u00eancia: 1.5 Ano: 2020 NF. N\\u00ba: 20594 Cilindrada: CV Combust\\u00edvel: GASOLINA\\\/\\u00c1LCOOL Placa: RLS6G29 Lotado em: C\\u00c2MARA MUNICIPAL Renavan: 1250224028 Meses Anteriores Caso\",\"inLanguage\":\"pt-BR\",\"isPartOf\":{\"@id\":\"https:\\\/\\\/www.camaracg.pb.gov.br\\\/transparencia\\\/#website\"},\"breadcrumb\":{\"@id\":\"https:\\\/\\\/www.camaracg.pb.gov.br\\\/transparencia\\\/relatorio-resumido-de-consumo-marco-a-setembro-2021-ford-ka-sedan-rls6g29\\\/#breadcrumblist\"},\"author\":{\"@id\":\"https:\\\/\\\/www.camaracg.pb.gov.br\\\/transparencia\\\/author\\\/adm\\\/#author\"},\"creator\":{\"@id\":\"https:\\\/\\\/www.camaracg.pb.gov.br\\\/transparencia\\\/author\\\/adm\\\/#author\"},\"datePublished\":\"2021-03-04T20:16:54-03:00\",\"dateModified\":\"2022-04-25T19:33:44-03:00\"},{\"@type\":\"WebSite\",\"@id\":\"https:\\\/\\\/www.camaracg.pb.gov.br\\\/transparencia\\\/#website\",\"url\":\"https:\\\/\\\/www.camaracg.pb.gov.br\\\/transparencia\\\/\",\"name\":\"Portal da Transpar\\u00eancia \\u2022 C\\u00e2mara Municipal de Campina Grande\",\"description\":\"Bem-vindo ao Portal da Transpar\\u00eancia da C\\u00e2mara Municipal de Campina Grande\",\"inLanguage\":\"pt-BR\",\"publisher\":{\"@id\":\"https:\\\/\\\/www.camaracg.pb.gov.br\\\/transparencia\\\/#organization\"}}]}\n\t\t<\/script>\n\t\t<!-- All in One SEO -->\n\n","aioseo_head_json":{"title":"Relat\u00f3rio Resumido de Consumo MAR\u00c7O A SETEMBRO 2021 \u2013 FORD KA SEDAN \u2013 RLS6G29 | Portal da Transpar\u00eancia \u2022 C\u00e2mara Municipal de Campina Grande","description":"ESTADO DA PARA\u00cdBA C\u00c2MARA MUNICIPAL DE CAMPINA GRANDE Exerc\u00edcio de 2021 CONTROLE INDIVIDUALIZADO DE BENS OU PRODUTOS UTILIZADOS NO VE\u00cdCULO DA C\u00c2MARA Ve\u00edculo: FORD KA SEDAN Marca: FORD Data de Aquisi\u00e7\u00e3o: 24\/12\/2020 Pot\u00eancia: 1.5 Ano: 2020 NF. N\u00ba: 20594 Cilindrada: CV Combust\u00edvel: GASOLINA\/\u00c1LCOOL Placa: RLS6G29 Lotado em: C\u00c2MARA MUNICIPAL Renavan: 1250224028 Meses Anteriores Caso","canonical_url":"https:\/\/www.camaracg.pb.gov.br\/transparencia\/relatorio-resumido-de-consumo-marco-a-setembro-2021-ford-ka-sedan-rls6g29\/","robots":"max-image-preview:large","keywords":"","webmasterTools":{"miscellaneous":""},"schema":{"@context":"https:\/\/schema.org","@graph":[{"@type":"Article","@id":"https:\/\/www.camaracg.pb.gov.br\/transparencia\/relatorio-resumido-de-consumo-marco-a-setembro-2021-ford-ka-sedan-rls6g29\/#article","name":"Relat\u00f3rio Resumido de Consumo MAR\u00c7O A SETEMBRO 2021 \u2013 FORD KA SEDAN \u2013 RLS6G29 | Portal da Transpar\u00eancia \u2022 C\u00e2mara Municipal de Campina Grande","headline":"Relat\u00f3rio Resumido de Consumo MAR\u00c7O A SETEMBRO 2021 &#8211; FORD KA SEDAN &#8211; RLS6G29","author":{"@id":"https:\/\/www.camaracg.pb.gov.br\/transparencia\/author\/adm\/#author"},"publisher":{"@id":"https:\/\/www.camaracg.pb.gov.br\/transparencia\/#organization"},"image":{"@type":"ImageObject","url":"https:\/\/www.camaracg.pb.gov.br\/transparencia\/wp-content\/uploads\/2021\/01\/img-camaracg-1.png","@id":"https:\/\/www.camaracg.pb.gov.br\/transparencia\/#articleImage","width":512,"height":512},"datePublished":"2021-03-04T20:16:54-03:00","dateModified":"2022-04-25T19:33:44-03:00","inLanguage":"pt-BR","mainEntityOfPage":{"@id":"https:\/\/www.camaracg.pb.gov.br\/transparencia\/relatorio-resumido-de-consumo-marco-a-setembro-2021-ford-ka-sedan-rls6g29\/#webpage"},"isPartOf":{"@id":"https:\/\/www.camaracg.pb.gov.br\/transparencia\/relatorio-resumido-de-consumo-marco-a-setembro-2021-ford-ka-sedan-rls6g29\/#webpage"},"articleSection":"Frota"},{"@type":"BreadcrumbList","@id":"https:\/\/www.camaracg.pb.gov.br\/transparencia\/relatorio-resumido-de-consumo-marco-a-setembro-2021-ford-ka-sedan-rls6g29\/#breadcrumblist","itemListElement":[{"@type":"ListItem","@id":"https:\/\/www.camaracg.pb.gov.br\/transparencia#listItem","position":1,"name":"In\u00edcio","item":"https:\/\/www.camaracg.pb.gov.br\/transparencia","nextItem":{"@type":"ListItem","@id":"https:\/\/www.camaracg.pb.gov.br\/transparencia\/category\/frota\/#listItem","name":"Frota"}},{"@type":"ListItem","@id":"https:\/\/www.camaracg.pb.gov.br\/transparencia\/category\/frota\/#listItem","position":2,"name":"Frota","item":"https:\/\/www.camaracg.pb.gov.br\/transparencia\/category\/frota\/","nextItem":{"@type":"ListItem","@id":"https:\/\/www.camaracg.pb.gov.br\/transparencia\/relatorio-resumido-de-consumo-marco-a-setembro-2021-ford-ka-sedan-rls6g29\/#listItem","name":"Relat\u00f3rio Resumido de Consumo MAR\u00c7O A SETEMBRO 2021 &#8211; FORD KA SEDAN &#8211; RLS6G29"},"previousItem":{"@type":"ListItem","@id":"https:\/\/www.camaracg.pb.gov.br\/transparencia#listItem","name":"In\u00edcio"}},{"@type":"ListItem","@id":"https:\/\/www.camaracg.pb.gov.br\/transparencia\/relatorio-resumido-de-consumo-marco-a-setembro-2021-ford-ka-sedan-rls6g29\/#listItem","position":3,"name":"Relat\u00f3rio Resumido de Consumo MAR\u00c7O A SETEMBRO 2021 &#8211; FORD KA SEDAN &#8211; RLS6G29","previousItem":{"@type":"ListItem","@id":"https:\/\/www.camaracg.pb.gov.br\/transparencia\/category\/frota\/#listItem","name":"Frota"}}]},{"@type":"Organization","@id":"https:\/\/www.camaracg.pb.gov.br\/transparencia\/#organization","name":"Portal da Transpar\u00eancia \u2022 C\u00e2mara Municipal de Campina Grande","description":"Bem-vindo ao Portal da Transpar\u00eancia da C\u00e2mara Municipal de Campina Grande","url":"https:\/\/www.camaracg.pb.gov.br\/transparencia\/","logo":{"@type":"ImageObject","url":"https:\/\/www.camaracg.pb.gov.br\/transparencia\/wp-content\/uploads\/2021\/01\/img-camaracg-1.png","@id":"https:\/\/www.camaracg.pb.gov.br\/transparencia\/relatorio-resumido-de-consumo-marco-a-setembro-2021-ford-ka-sedan-rls6g29\/#organizationLogo","width":512,"height":512},"image":{"@id":"https:\/\/www.camaracg.pb.gov.br\/transparencia\/relatorio-resumido-de-consumo-marco-a-setembro-2021-ford-ka-sedan-rls6g29\/#organizationLogo"}},{"@type":"Person","@id":"https:\/\/www.camaracg.pb.gov.br\/transparencia\/author\/adm\/#author","url":"https:\/\/www.camaracg.pb.gov.br\/transparencia\/author\/adm\/","name":"admin","image":{"@type":"ImageObject","@id":"https:\/\/www.camaracg.pb.gov.br\/transparencia\/relatorio-resumido-de-consumo-marco-a-setembro-2021-ford-ka-sedan-rls6g29\/#authorImage","url":"https:\/\/secure.gravatar.com\/avatar\/35c8e8e3703acf022654ef8a1e5552bf531a2226ec0fac0bc1a59a43b7b28bab?s=96&d=mm&r=g","width":96,"height":96,"caption":"admin"}},{"@type":"WebPage","@id":"https:\/\/www.camaracg.pb.gov.br\/transparencia\/relatorio-resumido-de-consumo-marco-a-setembro-2021-ford-ka-sedan-rls6g29\/#webpage","url":"https:\/\/www.camaracg.pb.gov.br\/transparencia\/relatorio-resumido-de-consumo-marco-a-setembro-2021-ford-ka-sedan-rls6g29\/","name":"Relat\u00f3rio Resumido de Consumo MAR\u00c7O A SETEMBRO 2021 \u2013 FORD KA SEDAN \u2013 RLS6G29 | Portal da Transpar\u00eancia \u2022 C\u00e2mara Municipal de Campina Grande","description":"ESTADO DA PARA\u00cdBA C\u00c2MARA MUNICIPAL DE CAMPINA GRANDE Exerc\u00edcio de 2021 CONTROLE INDIVIDUALIZADO DE BENS OU PRODUTOS UTILIZADOS NO VE\u00cdCULO DA C\u00c2MARA Ve\u00edculo: FORD KA SEDAN Marca: FORD Data de Aquisi\u00e7\u00e3o: 24\/12\/2020 Pot\u00eancia: 1.5 Ano: 2020 NF. N\u00ba: 20594 Cilindrada: CV Combust\u00edvel: GASOLINA\/\u00c1LCOOL Placa: RLS6G29 Lotado em: C\u00c2MARA MUNICIPAL Renavan: 1250224028 Meses Anteriores Caso","inLanguage":"pt-BR","isPartOf":{"@id":"https:\/\/www.camaracg.pb.gov.br\/transparencia\/#website"},"breadcrumb":{"@id":"https:\/\/www.camaracg.pb.gov.br\/transparencia\/relatorio-resumido-de-consumo-marco-a-setembro-2021-ford-ka-sedan-rls6g29\/#breadcrumblist"},"author":{"@id":"https:\/\/www.camaracg.pb.gov.br\/transparencia\/author\/adm\/#author"},"creator":{"@id":"https:\/\/www.camaracg.pb.gov.br\/transparencia\/author\/adm\/#author"},"datePublished":"2021-03-04T20:16:54-03:00","dateModified":"2022-04-25T19:33:44-03:00"},{"@type":"WebSite","@id":"https:\/\/www.camaracg.pb.gov.br\/transparencia\/#website","url":"https:\/\/www.camaracg.pb.gov.br\/transparencia\/","name":"Portal da Transpar\u00eancia \u2022 C\u00e2mara Municipal de Campina Grande","description":"Bem-vindo ao Portal da Transpar\u00eancia da C\u00e2mara Municipal de Campina Grande","inLanguage":"pt-BR","publisher":{"@id":"https:\/\/www.camaracg.pb.gov.br\/transparencia\/#organization"}}]},"og:locale":"pt_BR","og:site_name":"Portal da Transpar\u00eancia \u2022 C\u00e2mara Municipal de Campina Grande","og:type":"article","og:title":"Relat\u00f3rio Resumido de Consumo MAR\u00c7O A SETEMBRO 2021 \u2013 FORD KA SEDAN \u2013 RLS6G29 | Portal da Transpar\u00eancia \u2022 C\u00e2mara Municipal de Campina Grande","og:description":"ESTADO DA PARA\u00cdBA C\u00c2MARA MUNICIPAL DE CAMPINA GRANDE Exerc\u00edcio de 2021 CONTROLE INDIVIDUALIZADO DE BENS OU PRODUTOS UTILIZADOS NO VE\u00cdCULO DA C\u00c2MARA Ve\u00edculo: FORD KA SEDAN Marca: FORD Data de Aquisi\u00e7\u00e3o: 24\/12\/2020 Pot\u00eancia: 1.5 Ano: 2020 NF. N\u00ba: 20594 Cilindrada: CV Combust\u00edvel: GASOLINA\/\u00c1LCOOL Placa: RLS6G29 Lotado em: C\u00c2MARA MUNICIPAL Renavan: 1250224028 Meses Anteriores Caso","og:url":"https:\/\/www.camaracg.pb.gov.br\/transparencia\/relatorio-resumido-de-consumo-marco-a-setembro-2021-ford-ka-sedan-rls6g29\/","article:published_time":"2021-03-04T23:16:54+00:00","article:modified_time":"2022-04-25T22:33:44+00:00","twitter:card":"summary","twitter:title":"Relat\u00f3rio Resumido de Consumo MAR\u00c7O A SETEMBRO 2021 \u2013 FORD KA SEDAN \u2013 RLS6G29 | Portal da Transpar\u00eancia \u2022 C\u00e2mara Municipal de Campina Grande","twitter:description":"ESTADO DA PARA\u00cdBA C\u00c2MARA MUNICIPAL DE CAMPINA GRANDE Exerc\u00edcio de 2021 CONTROLE INDIVIDUALIZADO DE BENS OU PRODUTOS UTILIZADOS NO VE\u00cdCULO DA C\u00c2MARA Ve\u00edculo: FORD KA SEDAN Marca: FORD Data de Aquisi\u00e7\u00e3o: 24\/12\/2020 Pot\u00eancia: 1.5 Ano: 2020 NF. N\u00ba: 20594 Cilindrada: CV Combust\u00edvel: GASOLINA\/\u00c1LCOOL Placa: RLS6G29 Lotado em: C\u00c2MARA MUNICIPAL Renavan: 1250224028 Meses Anteriores Caso"},"aioseo_meta_data":{"post_id":"2304","title":null,"description":null,"keywords":[],"keyphrases":{"focus":[],"additional":[]},"primary_term":null,"canonical_url":null,"og_title":null,"og_description":null,"og_object_type":"default","og_image_type":"default","og_image_url":null,"og_image_width":null,"og_image_height":null,"og_image_custom_url":null,"og_image_custom_fields":null,"og_video":"","og_custom_url":null,"og_article_section":null,"og_article_tags":[],"twitter_use_og":false,"twitter_card":"default","twitter_image_type":"default","twitter_image_url":null,"twitter_image_custom_url":null,"twitter_image_custom_fields":null,"twitter_title":null,"twitter_description":null,"schema":{"blockGraphs":[],"customGraphs":[],"default":{"data":{"Article":[],"Course":[],"Dataset":[],"FAQPage":[],"Movie":[],"Person":[],"Product":[],"ProductReview":[],"Car":[],"Recipe":[],"Service":[],"SoftwareApplication":[],"WebPage":[]},"graphName":"","isEnabled":true},"graphs":[]},"schema_type":"default","schema_type_options":"{\"article\":{\"articleType\":\"BlogPosting\"},\"course\":{\"name\":\"\",\"description\":\"\",\"provider\":\"\"},\"faq\":{\"pages\":[]},\"product\":{\"reviews\":[]},\"recipe\":{\"ingredients\":[],\"instructions\":[],\"keywords\":[]},\"software\":{\"reviews\":[],\"operatingSystems\":[]},\"webPage\":{\"webPageType\":\"WebPage\"}}","pillar_content":false,"robots_default":true,"robots_noindex":false,"robots_noarchive":false,"robots_nosnippet":false,"robots_nofollow":false,"robots_noimageindex":false,"robots_noodp":false,"robots_notranslate":false,"robots_max_snippet":"-1","robots_max_videopreview":"-1","robots_max_imagepreview":"large","priority":null,"frequency":"default","local_seo":null,"breadcrumb_settings":null,"limit_modified_date":false,"ai":null,"created":"2021-12-04 23:16:55","updated":"2025-07-14 12:42:43","seo_analyzer_scan_date":null},"_links":{"self":[{"href":"https:\/\/www.camaracg.pb.gov.br\/transparencia\/wp-json\/wp\/v2\/posts\/2304","targetHints":{"allow":["GET"]}}],"collection":[{"href":"https:\/\/www.camaracg.pb.gov.br\/transparencia\/wp-json\/wp\/v2\/posts"}],"about":[{"href":"https:\/\/www.camaracg.pb.gov.br\/transparencia\/wp-json\/wp\/v2\/types\/post"}],"author":[{"embeddable":true,"href":"https:\/\/www.camaracg.pb.gov.br\/transparencia\/wp-json\/wp\/v2\/users\/1"}],"replies":[{"embeddable":true,"href":"https:\/\/www.camaracg.pb.gov.br\/transparencia\/wp-json\/wp\/v2\/comments?post=2304"}],"version-history":[{"count":3,"href":"https:\/\/www.camaracg.pb.gov.br\/transparencia\/wp-json\/wp\/v2\/posts\/2304\/revisions"}],"predecessor-version":[{"id":2389,"href":"https:\/\/www.camaracg.pb.gov.br\/transparencia\/wp-json\/wp\/v2\/posts\/2304\/revisions\/2389"}],"wp:attachment":[{"href":"https:\/\/www.camaracg.pb.gov.br\/transparencia\/wp-json\/wp\/v2\/media?parent=2304"}],"wp:term":[{"taxonomy":"category","embeddable":true,"href":"https:\/\/www.camaracg.pb.gov.br\/transparencia\/wp-json\/wp\/v2\/categories?post=2304"},{"taxonomy":"post_tag","embeddable":true,"href":"https:\/\/www.camaracg.pb.gov.br\/transparencia\/wp-json\/wp\/v2\/tags?post=2304"}],"curies":[{"name":"wp","href":"https:\/\/api.w.org\/{rel}","templated":true}]}}