{"id":2362,"date":"2022-03-25T13:34:20","date_gmt":"2022-03-25T16:34:20","guid":{"rendered":"https:\/\/www.camaracg.pb.gov.br\/transparencia\/?p=2362"},"modified":"2022-06-03T08:22:33","modified_gmt":"2022-06-03T11:22:33","slug":"relatorio-de-abastecimento-marco-2022-ford-ka-sedan","status":"publish","type":"post","link":"https:\/\/www.camaracg.pb.gov.br\/transparencia\/relatorio-de-abastecimento-marco-2022-ford-ka-sedan\/","title":{"rendered":"Relat\u00f3rio de Abastecimento Mar\u00e7o 2022 (Ford KA \u2013 Sedan)"},"content":{"rendered":"<table class=\" aligncenter\" width=\"780\">\n<tbody>\n<tr>\n<td style=\"width: 780px;\" colspan=\"6\"><strong> ESTADO DA PARA\u00cdBA<\/strong><\/td>\n<\/tr>\n<tr>\n<td style=\"text-align: center; width: 770px;\" colspan=\"6\"><strong>C\u00c2MARA MUNICIPAL DE CAMPINA GRANDE<\/strong><\/td>\n<\/tr>\n<tr>\n<td style=\"text-align: center; width: 770px;\" colspan=\"6\"><strong>Exerc\u00edcio de 2022<\/strong><\/td>\n<\/tr>\n<tr>\n<td style=\"text-align: center; width: 800px;\" colspan=\"6\"><strong>CONTROLE INDIVIDUALIZADO DE BENS OU PRODUTOS UTILIZADOS NO VE\u00cdCULO DA C\u00c2MARA<\/strong><\/td>\n<\/tr>\n<tr>\n<td style=\"width: 790px;\" colspan=\"6\"><\/td>\n<\/tr>\n<tr>\n<td style=\"width: 89px;\"><strong>Ve\u00edculo:<\/strong><\/td>\n<td style=\"width: 176px;\"><strong>FORD KA SEDAN<\/strong><\/td>\n<td style=\"width: 104px;\"><strong>Marca:<\/strong><\/td>\n<td style=\"width: 143px;\">FORD<\/td>\n<td style=\"width: 131px;\"><strong>Data de Aquisi\u00e7\u00e3o:<\/strong><\/td>\n<td style=\"width: 97px;\"><strong>24\/12\/2020<\/strong><\/td>\n<\/tr>\n<tr>\n<td style=\"width: 89px;\"><strong>Pot\u00eancia:<\/strong><\/td>\n<td style=\"width: 176px;\">1.5<\/td>\n<td style=\"width: 104px;\"><strong>Ano:<\/strong><\/td>\n<td style=\"width: 143px;\">2020<\/td>\n<td style=\"width: 131px;\"><strong>NF. N\u00ba:<\/strong><\/td>\n<td style=\"width: 97px;\"><strong>20594<\/strong><\/td>\n<\/tr>\n<tr>\n<td style=\"width: 89px;\"><strong>Cilindrada:<\/strong><\/td>\n<td style=\"width: 176px;\">CV<\/td>\n<td style=\"width: 104px;\"><strong>Combust\u00edvel:<\/strong><\/td>\n<td style=\"width: 143px;\">GASOLINA\/\u00c1LCOOL<\/td>\n<td style=\"width: 131px;\"><strong>Placa:<\/strong><\/td>\n<td style=\"width: 97px;\"><strong>RLS6G29<\/strong><\/td>\n<\/tr>\n<tr>\n<td style=\"width: 89px;\"><strong>Lotado em:<\/strong><\/td>\n<td style=\"width: 176px;\"><strong>C\u00c2MARA MUNICIPAL<\/strong><\/td>\n<td style=\"width: 104px;\"><strong>Renavan:<\/strong><\/td>\n<td style=\"width: 143px;\">1250224028<\/td>\n<td style=\"width: 234px;\" colspan=\"2\"><\/td>\n<\/tr>\n<\/tbody>\n<\/table>\n<p>&nbsp;<\/p>\n\n<table id=\"tablepress-90\" class=\"tablepress tablepress-id-90\">\n<thead>\n<tr class=\"row-1\">\n\t<th class=\"column-1\">PLACA<\/th><th class=\"column-2\">DATA<\/th><th class=\"column-3\">MOTORISTA<\/th><th class=\"column-4\">HODOMETRO<\/th><th class=\"column-5\">QUANTIDADE<\/th><th class=\"column-6\">VALOR UNIT\u00c1RIO<\/th><th class=\"column-7\">VALOR TOTAL<\/th><th class=\"column-8\">DEPARTAMENTOS<\/th>\n<\/tr>\n<\/thead>\n<tbody class=\"row-striping row-hover\">\n<tr class=\"row-2\">\n\t<td class=\"column-1\">RLS6-G29<\/td><td class=\"column-2\">25\/03\/2022<\/td><td class=\"column-3\">FRANCISCO DE ASSIS DE SOUZA<\/td><td class=\"column-4\">40823<\/td><td class=\"column-5\">47.45<\/td><td class=\"column-6\">6.99<\/td><td class=\"column-7\">331.70<\/td><td class=\"column-8\">GAB VICE-PRESIDENCIA<\/td>\n<\/tr>\n<tr class=\"row-3\">\n\t<td class=\"column-1\">RLS6-G29<\/td><td class=\"column-2\">22\/03\/2022<\/td><td class=\"column-3\">TIAGO JOSE DE MEDEIROS JUNIOR<\/td><td class=\"column-4\">40150<\/td><td class=\"column-5\">43.49<\/td><td class=\"column-6\">6.99<\/td><td class=\"column-7\">304.03<\/td><td class=\"column-8\">GAB VICE-PRESIDENCIA<\/td>\n<\/tr>\n<tr class=\"row-4\">\n\t<td class=\"column-1\">RLS6-G29<\/td><td class=\"column-2\">17\/03\/2022<\/td><td class=\"column-3\">TIAGO JOSE DE MEDEIROS JUNIOR<\/td><td class=\"column-4\">39504<\/td><td class=\"column-5\">31.86<\/td><td class=\"column-6\">6.99<\/td><td class=\"column-7\">222.70<\/td><td class=\"column-8\">GAB VICE-PRESIDENCIA<\/td>\n<\/tr>\n<tr class=\"row-5\">\n\t<td class=\"column-1\">RLS6-G29<\/td><td class=\"column-2\">14\/03\/2022<\/td><td class=\"column-3\">FRANCISCO DE ASSIS DE SOUZA<\/td><td class=\"column-4\">39122<\/td><td class=\"column-5\">30.90<\/td><td class=\"column-6\">6.99<\/td><td class=\"column-7\">216.05<\/td><td class=\"column-8\">GAB VICE-PRESIDENCIA<\/td>\n<\/tr>\n<tr class=\"row-6\">\n\t<td class=\"column-1\">RLS6-G29<\/td><td class=\"column-2\">10\/03\/2022<\/td><td class=\"column-3\">FRANCISCO DE ASSIS DE SOUZA<\/td><td class=\"column-4\">38728<\/td><td class=\"column-5\">31.25<\/td><td class=\"column-6\">6.49<\/td><td class=\"column-7\">202.87<\/td><td class=\"column-8\">GAB VICE-PRESIDENCIA<\/td>\n<\/tr>\n<tr class=\"row-7\">\n\t<td class=\"column-1\">RLS6-G29<\/td><td class=\"column-2\">09\/03\/2022<\/td><td class=\"column-3\">FRANCISCO DE ASSIS DE SOUZA<\/td><td class=\"column-4\">38311<\/td><td class=\"column-5\">31.52<\/td><td class=\"column-6\">6.49<\/td><td class=\"column-7\">230.49<\/td><td class=\"column-8\">GAB VICE-PRESIDENCIA<\/td>\n<\/tr>\n<tr class=\"row-8\">\n\t<td class=\"column-1\">RLS6-G29<\/td><td class=\"column-2\">08\/03\/2022<\/td><td class=\"column-3\">TIAGO JOSE DE MEDEIROS JUNIOR<\/td><td class=\"column-4\">37886<\/td><td class=\"column-5\">40.99<\/td><td class=\"column-6\">6.49<\/td><td class=\"column-7\">266.05<\/td><td class=\"column-8\">GAB VICE-PRESIDENCIA<\/td>\n<\/tr>\n<\/tbody>\n<\/table>\n<!-- #tablepress-90 from cache -->\n<h3><strong>Meses Anteriores<\/strong><\/h3>\n\n<table id=\"tablepress-81\" class=\"tablepress tablepress-id-81\">\n<thead>\n<tr class=\"row-1\">\n\t<td class=\"column-1\"><\/td><td class=\"column-2\"><\/td><td class=\"column-3\"><\/td><td class=\"column-4\"><\/td><td class=\"column-5\"><\/td><td class=\"column-6\"><\/td>\n<\/tr>\n<\/thead>\n<tbody class=\"row-striping row-hover\">\n<tr class=\"row-2\">\n\t<td class=\"column-1\"><center>*** VE\u00cdCULO EM MANUTEN\u00c7\u00c3O ***<center><\/td><td class=\"column-2\"><center>*** VE\u00cdCULO EM MANUTEN\u00c7\u00c3O ***<center><\/td><td class=\"column-3\"><center>*** VE\u00cdCULO EM MANUTEN\u00c7\u00c3O ***<center><\/td><td class=\"column-4\"><center>*** VE\u00cdCULO EM MANUTEN\u00c7\u00c3O ***<center><\/td><td class=\"column-5\"><center>*** VE\u00cdCULO EM MANUTEN\u00c7\u00c3O ***<center><\/td><td class=\"column-6\"><center>*** VE\u00cdCULO EM MANUTEN\u00c7\u00c3O ***<center><\/td>\n<\/tr>\n<tr class=\"row-3\">\n\t<td class=\"column-1\"><\/td><td class=\"column-2\"><\/td><td class=\"column-3\"><\/td><td class=\"column-4\"><\/td><td class=\"column-5\"><\/td><td class=\"column-6\"><\/td>\n<\/tr>\n<tr class=\"row-4\">\n\t<td class=\"column-1\"><center>---<center><\/td><td class=\"column-2\"><center>---<center><\/td><td class=\"column-3\"><center>---<center><\/td><td class=\"column-4\"><center>---<center><\/td><td class=\"column-5\"><center>---<center><\/td><td class=\"column-6\"><center>---<center><\/td>\n<\/tr>\n<tr class=\"row-5\">\n\t<td class=\"column-1\"><center><a href=\"https:\/\/www.camaracg.pb.gov.br\/transparencia\/relatorio-de-abastecimento-dezembro-2023-ford-ka-sedan\/\" target=\"_blank\" rel=\"noopener noreferrer\">Dezembro\/2023<\/a><center><\/td><td class=\"column-2\"><center><a href=\"https:\/\/www.camaracg.pb.gov.br\/transparencia\/relatorio-de-abastecimento-novembro-2023-ford-ka-sedan\/\" target=\"_blank\" rel=\"noopener noreferrer\">Novembro\/2023<\/a><center><\/td><td class=\"column-3\"><center><a href=\"https:\/\/www.camaracg.pb.gov.br\/transparencia\/relatorio-de-abastecimento-outubro-2023-ford-ka-sedan\/\" target=\"_blank\" rel=\"noopener noreferrer\">Outubro\/2023<\/a><center><\/td><td class=\"column-4\"><center><a href=\"https:\/\/www.camaracg.pb.gov.br\/transparencia\/relatorio-de-abastecimento-setembro-2023-ford-ka-sedan\/\" target=\"_blank\" rel=\"noopener noreferrer\">Setembro\/2023<\/a><center><\/td><td class=\"column-5\"><center><a href=\"https:\/\/www.camaracg.pb.gov.br\/transparencia\/relatorio-de-abastecimento-agosto-2023-ford-ka-sedan\/\" target=\"_blank\" rel=\"noopener noreferrer\">Agosto\/2023<\/a><center><\/td><td class=\"column-6\"><center><a href=\"https:\/\/www.camaracg.pb.gov.br\/transparencia\/relatorio-de-abastecimento-julho-2023-ford-ka-sedan\/\" target=\"_blank\" rel=\"noopener noreferrer\">Julho\/2023<\/a><center><\/td>\n<\/tr>\n<tr class=\"row-6\">\n\t<td class=\"column-1\"><center><a href=\"https:\/\/www.camaracg.pb.gov.br\/transparencia\/relatorio-de-abastecimento-junho-2023-ford-ka-sedan\/\" target=\"_blank\" rel=\"noopener noreferrer\">Junho\/2023<\/a><center><\/td><td class=\"column-2\"><center><a href=\"https:\/\/www.camaracg.pb.gov.br\/transparencia\/relatorio-de-abastecimento-maio-2023-ford-ka-sedan\/\" target=\"_blank\" rel=\"noopener noreferrer\">Maio\/2023<\/a><center><\/td><td class=\"column-3\"><center><a href=\"https:\/\/www.camaracg.pb.gov.br\/transparencia\/relatorio-de-abastecimento-abril-2023-ford-ka-sedan\/\" target=\"_blank\" rel=\"noopener noreferrer\">Abril\/2023<\/a><center><\/td><td class=\"column-4\"><center><a href=\"https:\/\/www.camaracg.pb.gov.br\/transparencia\/relatorio-de-abastecimento-marco-2023-ford-ka-sedan\" target=\"_blank\" rel=\"noopener noreferrer\">Mar\u00e7o\/2023<\/a><center><\/td><td class=\"column-5\"><center><a href=\"https:\/\/www.camaracg.pb.gov.br\/transparencia\/relatorio-de-abastecimento-fevereiro-2023-ford-ka-sedan\/\" target=\"_blank\" rel=\"noopener noreferrer\">Fevereiro\/2023<\/a><center><\/td><td class=\"column-6\"><center><a href=\"https:\/\/www.camaracg.pb.gov.br\/transparencia\/relatorio-de-abastecimento-janeiro-2023-ford-ka-sedan\" target=\"_blank\" rel=\"noopener noreferrer\">Janeiro\/2023<\/a><center><\/td>\n<\/tr>\n<tr class=\"row-7\">\n\t<td class=\"column-1\"><\/td><td class=\"column-2\"><\/td><td class=\"column-3\"><\/td><td class=\"column-4\"><\/td><td class=\"column-5\"><\/td><td class=\"column-6\"><\/td>\n<\/tr>\n<tr class=\"row-8\">\n\t<td class=\"column-1\"><center>---<center><\/td><td class=\"column-2\"><center>---<center><\/td><td class=\"column-3\"><center>---<center><\/td><td class=\"column-4\"><center>---<center><\/td><td class=\"column-5\"><center>---<center><\/td><td class=\"column-6\"><center>---<center><\/td>\n<\/tr>\n<tr class=\"row-9\">\n\t<td class=\"column-1\"><center><a href=\"https:\/\/www.camaracg.pb.gov.br\/transparencia\/relatorio-de-abastecimento-dezembro-2022-ford-ka-sedan\" target=\"_blank\" rel=\"noopener noreferrer\">Dezembro\/2022<\/a><center><\/td><td class=\"column-2\"><center><a href=\"https:\/\/www.camaracg.pb.gov.br\/transparencia\/relatorio-de-abastecimento-novembro-2022-ford-ka-sedan\" target=\"_blank\" rel=\"noopener noreferrer\">Novembro\/2022<\/a><center><\/td><td class=\"column-3\"><center><a href=\"https:\/\/www.camaracg.pb.gov.br\/transparencia\/relatorio-de-abastecimento-outubro-2022-ford-ka-sedan\" target=\"_blank\" rel=\"noopener noreferrer\">Outubro\/2022<\/a><center><\/td><td class=\"column-4\"><center><a href=\"https:\/\/www.camaracg.pb.gov.br\/transparencia\/relatorio-de-abastecimento-setembro-2022-ford-ka-sedan\" target=\"_blank\" rel=\"noopener noreferrer\">Setembro\/2022<\/a><center><\/td><td class=\"column-5\"><center><a href=\"https:\/\/www.camaracg.pb.gov.br\/transparencia\/relatorio-de-abastecimento-agosto-2022-ford-ka-sedan\" target=\"_blank\" rel=\"noopener noreferrer\">Agosto\/2022<\/a><center><\/td><td class=\"column-6\"><center><a href=\"https:\/\/www.camaracg.pb.gov.br\/transparencia\/relatorio-de-abastecimento-julho-2022-ford-ka-sedan\" target=\"_blank\" rel=\"noopener noreferrer\">Julho\/2022<\/a><center><\/td>\n<\/tr>\n<tr class=\"row-10\">\n\t<td class=\"column-1\"><center><a href=\"https:\/\/www.camaracg.pb.gov.br\/transparencia\/relatorio-de-abastecimento-junho-2022-ford-ka-sedan\" target=\"_blank\" rel=\"noopener noreferrer\">Junho\/2022<\/a><center><\/td><td class=\"column-2\"><center><a href=\"https:\/\/www.camaracg.pb.gov.br\/transparencia\/relatorio-de-abastecimento-novembro-2022-ford-ka-sedan\" target=\"_blank\" rel=\"noopener noreferrer\">Novembro\/2022<\/a><center><\/td><td class=\"column-3\"><center><a href=\"https:\/\/www.camaracg.pb.gov.br\/transparencia\/relatorio-de-abastecimento-abril-2022-ford-ka-sedan\" target=\"_blank\" rel=\"noopener noreferrer\">Abril\/2022<\/a><center><\/td><td class=\"column-4\"><center><a href=\"https:\/\/www.camaracg.pb.gov.br\/transparencia\/relatorio-de-abastecimento-marco-2022-ford-ka-sedan\" target=\"_blank\" rel=\"noopener noreferrer\">Mar\u00e7o\/2022<\/a><center><\/td><td class=\"column-5\"><center><a href=\"https:\/\/www.camaracg.pb.gov.br\/transparencia\/relatorio-de-abastecimento-fevereiro-2022-ford-ka-sedan\" target=\"_blank\" rel=\"noopener noreferrer\">Fevereiro\/2022<\/a><center><\/td><td class=\"column-6\"><center><a href=\"https:\/\/www.camaracg.pb.gov.br\/transparencia\/relatorio-de-abastecimento-janeiro-2022-ford-ka-sedan\" target=\"_blank\" rel=\"noopener noreferrer\">Janeiro\/2022<\/a><center><\/td>\n<\/tr>\n<tr class=\"row-11\">\n\t<td class=\"column-1\"><\/td><td class=\"column-2\"><\/td><td class=\"column-3\"><\/td><td class=\"column-4\"><\/td><td class=\"column-5\"><\/td><td class=\"column-6\"><\/td>\n<\/tr>\n<tr class=\"row-12\">\n\t<td class=\"column-1\"><center>---<center><\/td><td class=\"column-2\"><center>---<center><\/td><td class=\"column-3\"><center>---<center><\/td><td class=\"column-4\"><center>---<center><\/td><td class=\"column-5\"><\/td><td class=\"column-6\"><\/td>\n<\/tr>\n<tr class=\"row-13\">\n\t<td class=\"column-1\"><center><a href=\"https:\/\/www.camaracg.pb.gov.br\/transparencia\/relatorio-de-abastecimento-dezembro-2021-ford-ka-sedan\" target=\"_blank\" rel=\"noopener noreferrer\">Dezembro\/2021<\/a><center><\/td><td class=\"column-2\"><center><a href=\"https:\/\/www.camaracg.pb.gov.br\/transparencia\/relatorio-de-abastecimento-novembro-2021-ford-ka-sedan\" target=\"_blank\" rel=\"noopener noreferrer\">Novembro\/2021<\/a><center><\/td><td class=\"column-3\"><center><a href=\"https:\/\/www.camaracg.pb.gov.br\/transparencia\/relatorio-de-abastecimento-outubro-2021-ford-ka-sedan\" target=\"_blank\" rel=\"noopener noreferrer\">Outubro\/2021<\/a><center><\/td><td class=\"column-4\"><center><a href=\"https:\/\/www.camaracg.pb.gov.br\/transparencia\/relatorio-resumido-de-consumo-marco-a-setembro-2021-ford-ka-sedan-rls6g29\/\" target=\"_blank\" rel=\"noopener noreferrer\">Mar\u00e7o\/2021 - Setembro\/2021<\/a><center><br \/>\n<br \/>\n<br \/>\n<\/td><td class=\"column-5\"><\/td><td class=\"column-6\"><\/td>\n<\/tr>\n<tr class=\"row-14\">\n\t<td class=\"column-1\"><\/td><td class=\"column-2\"><\/td><td class=\"column-3\"><\/td><td class=\"column-4\"><\/td><td class=\"column-5\"><\/td><td class=\"column-6\"><\/td>\n<\/tr>\n<\/tbody>\n<\/table>\n<!-- #tablepress-81 from cache -->\n<p style=\"text-align: center;\">Caso n\u00e3o tenha o <strong>Adobe Reader<\/strong> instalado em sua m\u00e1quina basta realizar o download gratuitamente clicando <strong><a href=\"https:\/\/get.adobe.com\/br\/reader\" target=\"_blank\" rel=\"noopener noreferrer\">aqui<\/a><\/strong><\/p>\n<pre>A C\u00e2mara Municipal de Campina Grande tamb\u00e9m est\u00e1 no Portal da Transpar\u00eancia do Tribunal de Contas do Estado da Para\u00edba (TCE-PB), que disponibiliza, em tempo real, informa\u00e7\u00f5es pormenorizadas sobre a execu\u00e7\u00e3o Or\u00e7ament\u00e1ria e Financeira.<\/pre>\n","protected":false},"excerpt":{"rendered":"<p>ESTADO DA PARA\u00cdBA C\u00c2MARA MUNICIPAL DE CAMPINA GRANDE Exerc\u00edcio de 2022 CONTROLE INDIVIDUALIZADO DE BENS OU PRODUTOS UTILIZADOS NO VE\u00cdCULO DA C\u00c2MARA Ve\u00edculo: FORD KA SEDAN Marca: FORD Data de Aquisi\u00e7\u00e3o: 24\/12\/2020 Pot\u00eancia: 1.5 Ano: 2020 NF. N\u00ba: 20594 Cilindrada: &hellip; <a class=\"kt-excerpt-readmore\" href=\"https:\/\/www.camaracg.pb.gov.br\/transparencia\/relatorio-de-abastecimento-marco-2022-ford-ka-sedan\/\" aria-label=\"Relat\u00f3rio de Abastecimento Mar\u00e7o 2022 (Ford KA \u2013 Sedan)\">leia mais<\/a><\/p>\n","protected":false},"author":1,"featured_media":0,"comment_status":"closed","ping_status":"closed","sticky":false,"template":"","format":"standard","meta":{"footnotes":""},"categories":[45,46],"tags":[],"class_list":["post-2362","post","type-post","status-publish","format-standard","hentry","category-combustivel","category-frota"],"aioseo_notices":[],"_links":{"self":[{"href":"https:\/\/www.camaracg.pb.gov.br\/transparencia\/wp-json\/wp\/v2\/posts\/2362","targetHints":{"allow":["GET"]}}],"collection":[{"href":"https:\/\/www.camaracg.pb.gov.br\/transparencia\/wp-json\/wp\/v2\/posts"}],"about":[{"href":"https:\/\/www.camaracg.pb.gov.br\/transparencia\/wp-json\/wp\/v2\/types\/post"}],"author":[{"embeddable":true,"href":"https:\/\/www.camaracg.pb.gov.br\/transparencia\/wp-json\/wp\/v2\/users\/1"}],"replies":[{"embeddable":true,"href":"https:\/\/www.camaracg.pb.gov.br\/transparencia\/wp-json\/wp\/v2\/comments?post=2362"}],"version-history":[{"count":5,"href":"https:\/\/www.camaracg.pb.gov.br\/transparencia\/wp-json\/wp\/v2\/posts\/2362\/revisions"}],"predecessor-version":[{"id":2396,"href":"https:\/\/www.camaracg.pb.gov.br\/transparencia\/wp-json\/wp\/v2\/posts\/2362\/revisions\/2396"}],"wp:attachment":[{"href":"https:\/\/www.camaracg.pb.gov.br\/transparencia\/wp-json\/wp\/v2\/media?parent=2362"}],"wp:term":[{"taxonomy":"category","embeddable":true,"href":"https:\/\/www.camaracg.pb.gov.br\/transparencia\/wp-json\/wp\/v2\/categories?post=2362"},{"taxonomy":"post_tag","embeddable":true,"href":"https:\/\/www.camaracg.pb.gov.br\/transparencia\/wp-json\/wp\/v2\/tags?post=2362"}],"curies":[{"name":"wp","href":"https:\/\/api.w.org\/{rel}","templated":true}]}}