{"id":2400,"date":"2022-03-25T20:27:15","date_gmt":"2022-03-25T23:27:15","guid":{"rendered":"https:\/\/www.camaracg.pb.gov.br\/transparencia\/?p=2400"},"modified":"2022-04-25T20:29:08","modified_gmt":"2022-04-25T23:29:08","slug":"relatorio-de-abastecimento-marco-2022-ford-ka-hatch","status":"publish","type":"post","link":"https:\/\/www.camaracg.pb.gov.br\/transparencia\/relatorio-de-abastecimento-marco-2022-ford-ka-hatch\/","title":{"rendered":"Relat\u00f3rio de Abastecimento Mar\u00e7o 2022 (Ford KA &#8211; Hatch)"},"content":{"rendered":"<table class=\" aligncenter\" width=\"780\">\n<tbody>\n<tr>\n<td style=\"text-align: center; width: 780px;\" colspan=\"6\"><strong>ESTADO DA PARA\u00cdBA<\/strong><\/td>\n<\/tr>\n<tr>\n<td style=\"text-align: center; width: 780px;\" colspan=\"6\"><strong>C\u00c2MARA MUNICIPAL DE CAMPINA GRANDE<\/strong><\/td>\n<\/tr>\n<tr>\n<td style=\"text-align: center; width: 780px;\" colspan=\"6\"><strong>Exerc\u00edcio de 2022<\/strong><\/td>\n<\/tr>\n<tr>\n<td style=\"text-align: center; width: 780px;\" colspan=\"6\"><strong>CONTROLE INDIVIDUALIZADO DE BENS OU PRODUTOS UTILIZADOS NO VE\u00cdCULO DA C\u00c2MARA<\/strong><\/td>\n<\/tr>\n<tr>\n<td style=\"width: 780px;\" colspan=\"6\"><\/td>\n<\/tr>\n<tr>\n<td style=\"width: 89px;\"><strong>Ve\u00edculo:<\/strong><\/td>\n<td style=\"width: 176px;\"><strong>FORD KA HATCH<\/strong><\/td>\n<td style=\"width: 104px;\"><strong>Marca:<\/strong><\/td>\n<td style=\"width: 143px;\">FORD<\/td>\n<td style=\"width: 131px;\"><strong>Data de Aquisi\u00e7\u00e3o:<\/strong><\/td>\n<td style=\"width: 97px;\"><strong>26\/10\/2020<\/strong><\/td>\n<\/tr>\n<tr>\n<td style=\"width: 89px;\"><strong>Pot\u00eancia:<\/strong><\/td>\n<td style=\"width: 176px;\">1.5<\/td>\n<td style=\"width: 104px;\"><strong>Ano:<\/strong><\/td>\n<td style=\"width: 143px;\">2020<\/td>\n<td style=\"width: 131px;\"><strong>NF. N\u00ba:<\/strong><\/td>\n<td style=\"width: 97px;\"><strong>20286<\/strong><\/td>\n<\/tr>\n<tr>\n<td style=\"width: 89px;\"><strong>Cilindrada:<\/strong><\/td>\n<td style=\"width: 176px;\">CV<\/td>\n<td style=\"width: 104px;\"><strong>Combust\u00edvel:<\/strong><\/td>\n<td style=\"width: 143px;\">GASOLINA\/\u00c1LCOOL<\/td>\n<td style=\"width: 131px;\"><strong>Placa:<\/strong><\/td>\n<td style=\"width: 97px;\"><strong>RLS5J90<\/strong><\/td>\n<\/tr>\n<tr>\n<td style=\"width: 89px;\"><strong>Lotado em:<\/strong><\/td>\n<td style=\"width: 176px;\"><strong>C\u00c2MARA MUNICIPAL<\/strong><\/td>\n<td style=\"width: 104px;\"><strong>Renavan:<\/strong><\/td>\n<td style=\"width: 143px;\">01243865447<\/td>\n<td style=\"width: 234px;\" colspan=\"2\"><\/td>\n<\/tr>\n<\/tbody>\n<\/table>\n<p>&nbsp;<\/p>\n\n<table id=\"tablepress-89\" class=\"tablepress tablepress-id-89\">\n<thead>\n<tr class=\"row-1\">\n\t<th class=\"column-1\">PLACA<\/th><th class=\"column-2\">DATA<\/th><th class=\"column-3\">MOTORISTA<\/th><th class=\"column-4\">HODOMETRO<\/th><th class=\"column-5\">QUANTIDADE<\/th><th class=\"column-6\">VALOR UNIT\u00c1RIO<\/th><th class=\"column-7\">VALOR TOTAL<\/th><th class=\"column-8\">DEPARTAMENTOS<\/th>\n<\/tr>\n<\/thead>\n<tbody class=\"row-striping row-hover\">\n<tr class=\"row-2\">\n\t<td class=\"column-1\">RLS5-J90<\/td><td class=\"column-2\">30\/03\/2022<\/td><td class=\"column-3\">TIAGO JOSE DE MEDEIROS JUNIOR<\/td><td class=\"column-4\">27294<\/td><td class=\"column-5\">52.33<\/td><td class=\"column-6\">6.99<\/td><td class=\"column-7\">365,80<\/td><td class=\"column-8\">GAB PRESIDENCIA<\/td>\n<\/tr>\n<tr class=\"row-3\">\n\t<td class=\"column-1\">RLS5-J90<\/td><td class=\"column-2\">28\/03\/2022<\/td><td class=\"column-3\">TIAGO JOSE DE MEDEIROS JUNIOR<\/td><td class=\"column-4\">26651<\/td><td class=\"column-5\">48.64<\/td><td class=\"column-6\">6.49<\/td><td class=\"column-7\">340,00<\/td><td class=\"column-8\">GAB PRESIDENCIA<\/td>\n<\/tr>\n<tr class=\"row-4\">\n\t<td class=\"column-1\">RLS5-J90<\/td><td class=\"column-2\">22\/03\/2022<\/td><td class=\"column-3\">FRANCISCO DE ASSIS DE SOUZA<\/td><td class=\"column-4\">26270<\/td><td class=\"column-5\">46.07<\/td><td class=\"column-6\">6.49<\/td><td class=\"column-7\">322.05<\/td><td class=\"column-8\">GAB PRESIDENCIA<\/td>\n<\/tr>\n<tr class=\"row-5\">\n\t<td class=\"column-1\">RLS5-J90<\/td><td class=\"column-2\">18\/03\/2022<\/td><td class=\"column-3\">TIAGO JOSE DE MEDEIROS JUNIOR<\/td><td class=\"column-4\">25836<\/td><td class=\"column-5\">46.52<\/td><td class=\"column-6\">7.20<\/td><td class=\"column-7\">334.96<\/td><td class=\"column-8\">GAB PRESIDENCIA<\/td>\n<\/tr>\n<tr class=\"row-6\">\n\t<td class=\"column-1\">RLS5-J90<\/td><td class=\"column-2\">14\/03\/2022<\/td><td class=\"column-3\">TIAGO JOSE DE MEDEIROS JUNIOR<\/td><td class=\"column-4\">25325<\/td><td class=\"column-5\">48.36<\/td><td class=\"column-6\">6.99<\/td><td class=\"column-7\">344.99<\/td><td class=\"column-8\">GAB PRESIDENCIA<\/td>\n<\/tr>\n<tr class=\"row-7\">\n\t<td class=\"column-1\">RLS5-J90<\/td><td class=\"column-2\">10\/03\/2022<\/td><td class=\"column-3\">TIAGO JOSE DE MEDEIROS JUNIOR<\/td><td class=\"column-4\">24752<\/td><td class=\"column-5\">50.78<\/td><td class=\"column-6\">6.49<\/td><td class=\"column-7\">329.62<\/td><td class=\"column-8\">GAB PRESIDENCIA<\/td>\n<\/tr>\n<tr class=\"row-8\">\n\t<td class=\"column-1\">RLS5-J90<\/td><td class=\"column-2\">07\/03\/2022<\/td><td class=\"column-3\">FRANCISCO DE ASSIS DE SOUZA<\/td><td class=\"column-4\">24130<\/td><td class=\"column-5\">48.66<\/td><td class=\"column-6\">6.49<\/td><td class=\"column-7\">315.80<\/td><td class=\"column-8\">GAB PRESIDENCIA<\/td>\n<\/tr>\n<\/tbody>\n<\/table>\n<!-- #tablepress-89 from cache -->\n<h3><strong>Meses Anteriores<\/strong><\/h3>\n\n<table id=\"tablepress-80\" class=\"tablepress tablepress-id-80\">\n<thead>\n<tr class=\"row-1\">\n\t<td class=\"column-1\"><\/td><td class=\"column-2\"><\/td><td class=\"column-3\"><\/td><td class=\"column-4\"><\/td><td class=\"column-5\"><\/td><td class=\"column-6\"><\/td>\n<\/tr>\n<\/thead>\n<tbody class=\"row-striping row-hover\">\n<tr class=\"row-2\">\n\t<td class=\"column-1\"><center><a href=\"https:\/\/www.camaracg.pb.gov.br\/transparencia\/relatorio-de-abastecimento-abril-2024-ford-ka-hatch\" target=\"_blank\" rel=\"noopener noreferrer\">Abril\/2024<\/a><center><\/td><td class=\"column-2\"><center><a href=\"https:\/\/www.camaracg.pb.gov.br\/transparencia\/relatorio-de-abastecimento-marco-2024-ford-ka-hatch\" target=\"_blank\" rel=\"noopener noreferrer\">Mar\u00e7o\/2024<\/a><center><\/td><td class=\"column-3\"><center><a href=\"https:\/\/www.camaracg.pb.gov.br\/transparencia\/relatorio-de-abastecimento-fevereiro-2024-ford-ka-hatch\" target=\"_blank\" rel=\"noopener noreferrer\">Fevereiro\/2024<\/a><center><\/td><td class=\"column-4\"><\/td><td class=\"column-5\"><\/td><td class=\"column-6\"><\/td>\n<\/tr>\n<tr class=\"row-3\">\n\t<td class=\"column-1\"><center>---<center><\/td><td class=\"column-2\"><center>---<center><\/td><td class=\"column-3\"><center>---<center><\/td><td class=\"column-4\"><center>---<center><\/td><td class=\"column-5\"><center>---<center><\/td><td class=\"column-6\"><center>---<center><\/td>\n<\/tr>\n<tr class=\"row-4\">\n\t<td class=\"column-1\"><center><a href=\"https:\/\/www.camaracg.pb.gov.br\/transparencia\/relatorio-de-abastecimento-dezembro-2023-ford-ka-hatch\" target=\"_blank\" rel=\"noopener noreferrer\">Dezembro\/2023<\/a><center><\/td><td class=\"column-2\"><center><a href=\"https:\/\/www.camaracg.pb.gov.br\/transparencia\/relatorio-de-abastecimento-novembro-2023-ford-ka-hatch\" target=\"_blank\" rel=\"noopener noreferrer\">Novembro\/2023<\/a><center><\/td><td class=\"column-3\"><center><a href=\"https:\/\/www.camaracg.pb.gov.br\/transparencia\/relatorio-de-abastecimento-outubro-2023-ford-ka-hatch\" target=\"_blank\" rel=\"noopener noreferrer\">Outubro\/2023<\/a><center><\/td><td class=\"column-4\"><center><a href=\"https:\/\/www.camaracg.pb.gov.br\/transparencia\/relatorio-de-abastecimento-setembro-2023-ford-ka-hatch\" target=\"_blank\" rel=\"noopener noreferrer\">Setembro\/2023<\/a><center><\/td><td class=\"column-5\"><center><a href=\"https:\/\/www.camaracg.pb.gov.br\/transparencia\/relatorio-de-abastecimento-agosto-2023-ford-ka-hatch\" target=\"_blank\" rel=\"noopener noreferrer\">Agosto\/2023<\/a><center><\/td><td class=\"column-6\"><center><a href=\"https:\/\/www.camaracg.pb.gov.br\/transparencia\/relatorio-de-abastecimento-julho-2023-ford-ka-hatch\" target=\"_blank\" rel=\"noopener noreferrer\">Julho\/2023<\/a><center><\/td>\n<\/tr>\n<tr class=\"row-5\">\n\t<td class=\"column-1\"><center><a href=\"https:\/\/www.camaracg.pb.gov.br\/transparencia\/relatorio-de-abastecimento-junho-2023-ford-ka-hatch\" target=\"_blank\" rel=\"noopener noreferrer\">Junho\/2023<\/a><center><\/td><td class=\"column-2\"><center><a href=\"https:\/\/www.camaracg.pb.gov.br\/transparencia\/relatorio-de-abastecimento-maio-2023-ford-ka-hatch\" target=\"_blank\" rel=\"noopener noreferrer\">Maio\/2023<\/a><center><\/td><td class=\"column-3\"><center><a href=\"https:\/\/www.camaracg.pb.gov.br\/transparencia\/relatorio-de-abastecimento-abril-2023-ford-ka-hatch\" target=\"_blank\" rel=\"noopener noreferrer\">Abril\/2023<\/a><center><\/td><td class=\"column-4\"><center><a href=\"https:\/\/www.camaracg.pb.gov.br\/transparencia\/relatorio-de-abastecimento-marco-2023-ford-ka-hatch\" target=\"_blank\" rel=\"noopener noreferrer\">Mar\u00e7o\/2023<\/a><center><\/td><td class=\"column-5\"><center><a href=\"https:\/\/www.camaracg.pb.gov.br\/transparencia\/relatorio-de-abastecimento-fevereiro-2023-ford-ka-hatch\" target=\"_blank\" rel=\"noopener noreferrer\">Fevereiro\/2023<\/a><center><\/td><td class=\"column-6\"><center><a href=\"https:\/\/www.camaracg.pb.gov.br\/transparencia\/relatorio-de-abastecimento-janeiro-2023-ford-ka-hatch\" target=\"_blank\" rel=\"noopener noreferrer\">Janeiro\/2023<\/a><center><\/td>\n<\/tr>\n<tr class=\"row-6\">\n\t<td class=\"column-1\"><\/td><td class=\"column-2\"><\/td><td class=\"column-3\"><\/td><td class=\"column-4\"><\/td><td class=\"column-5\"><\/td><td class=\"column-6\"><\/td>\n<\/tr>\n<tr class=\"row-7\">\n\t<td class=\"column-1\"><center>---<center><\/td><td class=\"column-2\"><center>---<center><\/td><td class=\"column-3\"><center>---<center><\/td><td class=\"column-4\"><center>---<center><\/td><td class=\"column-5\"><center>---<center><\/td><td class=\"column-6\"><center>---<center><\/td>\n<\/tr>\n<tr class=\"row-8\">\n\t<td class=\"column-1\"><center><a href=\"https:\/\/www.camaracg.pb.gov.br\/transparencia\/relatorio-de-abastecimento-dezembro-2022-ford-ka-hatch\" target=\"_blank\" rel=\"noopener noreferrer\">Dezembro\/2022<\/a><center><\/td><td class=\"column-2\"><center><a href=\"https:\/\/www.camaracg.pb.gov.br\/transparencia\/relatorio-de-abastecimento-novembro-2022-ford-ka-hatch\" target=\"_blank\" rel=\"noopener noreferrer\">Novembro\/2022<\/a><center><\/td><td class=\"column-3\"><center><a href=\"https:\/\/www.camaracg.pb.gov.br\/transparencia\/relatorio-de-abastecimento-outubro-2022-ford-ka-hatch\" target=\"_blank\" rel=\"noopener noreferrer\">Outubro\/2022<\/a><center><\/td><td class=\"column-4\"><center><a href=\"https:\/\/www.camaracg.pb.gov.br\/transparencia\/relatorio-de-abastecimento-setembro-2022-ford-ka-hatch\" target=\"_blank\" rel=\"noopener noreferrer\">Setembro\/2022<\/a><center><\/td><td class=\"column-5\"><center><a href=\"https:\/\/www.camaracg.pb.gov.br\/transparencia\/relatorio-de-abastecimento-agosto-2022-ford-ka-hatch\" target=\"_blank\" rel=\"noopener noreferrer\">Agosto\/2022<\/a><center><\/td><td class=\"column-6\"><center><a href=\"https:\/\/www.camaracg.pb.gov.br\/transparencia\/relatorio-de-abastecimento-julho-2022-ford-ka-hatch\" target=\"_blank\" rel=\"noopener noreferrer\">Julho\/2022<\/a><center><\/td>\n<\/tr>\n<tr class=\"row-9\">\n\t<td class=\"column-1\"><center><a href=\"https:\/\/www.camaracg.pb.gov.br\/transparencia\/relatorio-de-abastecimento-junho-2022-ford-ka-hatch\" target=\"_blank\" rel=\"noopener noreferrer\">Junho\/2022<\/a><center><\/td><td class=\"column-2\"><center><a href=\"https:\/\/www.camaracg.pb.gov.br\/transparencia\/relatorio-de-abastecimento-maio-2022-ford-ka-hatch\" target=\"_blank\" rel=\"noopener noreferrer\">Maio\/2022<\/a><center><\/td><td class=\"column-3\"><center><a href=\"https:\/\/www.camaracg.pb.gov.br\/transparencia\/relatorio-de-abastecimento-abril-2022-ford-ka-hatch\" target=\"_blank\" rel=\"noopener noreferrer\">Abril\/2022<\/a><center><\/td><td class=\"column-4\"><center><a href=\"https:\/\/www.camaracg.pb.gov.br\/transparencia\/relatorio-de-abastecimento-marco-2022-ford-ka-hatch\" target=\"_blank\" rel=\"noopener noreferrer\">Mar\u00e7o\/2022<\/a><center><\/td><td class=\"column-5\"><center><a href=\"https:\/\/www.camaracg.pb.gov.br\/transparencia\/relatorio-de-abastecimento-fevereiro-2022-ford-ka-hatch\" target=\"_blank\" rel=\"noopener noreferrer\">Fevereiro\/2022<\/a><center><\/td><td class=\"column-6\"><center><a href=\"https:\/\/www.camaracg.pb.gov.br\/transparencia\/relatorio-de-abastecimento-janeiro-2022-ford-ka-hatch\" target=\"_blank\" rel=\"noopener noreferrer\">Janeiro\/2022<\/a><center><\/td>\n<\/tr>\n<tr class=\"row-10\">\n\t<td class=\"column-1\"><\/td><td class=\"column-2\"><\/td><td class=\"column-3\"><\/td><td class=\"column-4\"><\/td><td class=\"column-5\"><\/td><td class=\"column-6\"><\/td>\n<\/tr>\n<tr class=\"row-11\">\n\t<td class=\"column-1\"><center>---<center><\/td><td class=\"column-2\"><center>---<center><\/td><td class=\"column-3\"><center>---<center><\/td><td class=\"column-4\"><center>---<center><\/td><td class=\"column-5\"><\/td><td class=\"column-6\"><\/td>\n<\/tr>\n<tr class=\"row-12\">\n\t<td class=\"column-1\"><center><a href=\"https:\/\/www.camaracg.pb.gov.br\/transparencia\/relatorio-de-abastecimento-dezembro-2021-ford-ka-hatch\" target=\"_blank\" rel=\"noopener noreferrer\">Dezembro\/2021<\/a><center><\/td><td class=\"column-2\"><center><a href=\"https:\/\/www.camaracg.pb.gov.br\/transparencia\/relatorio-de-abastecimento-novembro-2021-ford-ka-hatch\" target=\"_blank\" rel=\"noopener noreferrer\">Novembro\/2021<\/a><center><\/td><td class=\"column-3\"><center><a href=\"https:\/\/www.camaracg.pb.gov.br\/transparencia\/relatorio-de-abastecimento-outubro-2021-ford-ka-hatch\" target=\"_blank\" rel=\"noopener noreferrer\">Outubro\/2021<\/a><center><\/td><td class=\"column-4\"><center><a href=\"https:\/\/www.camaracg.pb.gov.br\/transparencia\/relatorio-resumido-de-consumo-marco-a-setembro-2021-ford-ka-hatch-rls5j90\/\" target=\"_blank\" rel=\"noopener noreferrer\">Mar\u00e7o\/2021 - Setembro\/2021<\/a><center><\/td><td class=\"column-5\"><\/td><td class=\"column-6\"><\/td>\n<\/tr>\n<\/tbody>\n<\/table>\n<!-- #tablepress-80 from cache -->\n<p style=\"text-align: center;\">Caso n\u00e3o tenha o <strong>Adobe Reader<\/strong> instalado em sua m\u00e1quina basta realizar o download gratuitamente clicando <strong><a href=\"https:\/\/get.adobe.com\/br\/reader\" target=\"_blank\" rel=\"noopener noreferrer\">aqui<\/a><\/strong><\/p>\n<pre>A C\u00e2mara Municipal de Campina Grande tamb\u00e9m est\u00e1 no Portal da Transpar\u00eancia do Tribunal de Contas do Estado da Para\u00edba (TCE-PB), que disponibiliza, em tempo real, informa\u00e7\u00f5es pormenorizadas sobre a execu\u00e7\u00e3o Or\u00e7ament\u00e1ria e Financeira.<\/pre>\n","protected":false},"excerpt":{"rendered":"<p>ESTADO DA PARA\u00cdBA C\u00c2MARA MUNICIPAL DE CAMPINA GRANDE Exerc\u00edcio de 2022 CONTROLE INDIVIDUALIZADO DE BENS OU PRODUTOS UTILIZADOS NO VE\u00cdCULO DA C\u00c2MARA Ve\u00edculo: FORD KA HATCH Marca: FORD Data de Aquisi\u00e7\u00e3o: 26\/10\/2020 Pot\u00eancia: 1.5 Ano: 2020 NF. N\u00ba: 20286 Cilindrada: &hellip; <a class=\"kt-excerpt-readmore\" href=\"https:\/\/www.camaracg.pb.gov.br\/transparencia\/relatorio-de-abastecimento-marco-2022-ford-ka-hatch\/\" aria-label=\"Relat\u00f3rio de Abastecimento Mar\u00e7o 2022 (Ford KA &#8211; Hatch)\">leia mais<\/a><\/p>\n","protected":false},"author":1,"featured_media":0,"comment_status":"closed","ping_status":"closed","sticky":false,"template":"","format":"standard","meta":{"footnotes":""},"categories":[45],"tags":[],"class_list":["post-2400","post","type-post","status-publish","format-standard","hentry","category-combustivel"],"aioseo_notices":[],"_links":{"self":[{"href":"https:\/\/www.camaracg.pb.gov.br\/transparencia\/wp-json\/wp\/v2\/posts\/2400","targetHints":{"allow":["GET"]}}],"collection":[{"href":"https:\/\/www.camaracg.pb.gov.br\/transparencia\/wp-json\/wp\/v2\/posts"}],"about":[{"href":"https:\/\/www.camaracg.pb.gov.br\/transparencia\/wp-json\/wp\/v2\/types\/post"}],"author":[{"embeddable":true,"href":"https:\/\/www.camaracg.pb.gov.br\/transparencia\/wp-json\/wp\/v2\/users\/1"}],"replies":[{"embeddable":true,"href":"https:\/\/www.camaracg.pb.gov.br\/transparencia\/wp-json\/wp\/v2\/comments?post=2400"}],"version-history":[{"count":1,"href":"https:\/\/www.camaracg.pb.gov.br\/transparencia\/wp-json\/wp\/v2\/posts\/2400\/revisions"}],"predecessor-version":[{"id":2401,"href":"https:\/\/www.camaracg.pb.gov.br\/transparencia\/wp-json\/wp\/v2\/posts\/2400\/revisions\/2401"}],"wp:attachment":[{"href":"https:\/\/www.camaracg.pb.gov.br\/transparencia\/wp-json\/wp\/v2\/media?parent=2400"}],"wp:term":[{"taxonomy":"category","embeddable":true,"href":"https:\/\/www.camaracg.pb.gov.br\/transparencia\/wp-json\/wp\/v2\/categories?post=2400"},{"taxonomy":"post_tag","embeddable":true,"href":"https:\/\/www.camaracg.pb.gov.br\/transparencia\/wp-json\/wp\/v2\/tags?post=2400"}],"curies":[{"name":"wp","href":"https:\/\/api.w.org\/{rel}","templated":true}]}}