{"id":2523,"date":"2022-08-30T16:52:23","date_gmt":"2022-08-30T19:52:23","guid":{"rendered":"https:\/\/www.camaracg.pb.gov.br\/transparencia\/?p=2523"},"modified":"2022-09-16T16:54:01","modified_gmt":"2022-09-16T19:54:01","slug":"relatorio-de-abastecimento-agosto-2022-ford-ka-sedan","status":"publish","type":"post","link":"https:\/\/www.camaracg.pb.gov.br\/transparencia\/relatorio-de-abastecimento-agosto-2022-ford-ka-sedan\/","title":{"rendered":"Relat\u00f3rio de Abastecimento Agosto 2022 (Ford KA \u2013 Sedan)"},"content":{"rendered":"<table class=\" aligncenter\" width=\"780\">\n<tbody>\n<tr>\n<td style=\"text-align: center; width: 770px;\" colspan=\"6\"><strong>ESTADO DA PARA\u00cdBA<\/strong><\/td>\n<\/tr>\n<tr>\n<td style=\"text-align: center; width: 770px;\" colspan=\"6\"><strong>C\u00c2MARA MUNICIPAL DE CAMPINA GRANDE<\/strong><\/td>\n<\/tr>\n<tr>\n<td style=\"text-align: center; width: 770px;\" colspan=\"6\"><strong>Exerc\u00edcio de 2022<\/strong><\/td>\n<\/tr>\n<tr>\n<td style=\"text-align: center; width: 800px;\" colspan=\"6\"><strong>CONTROLE INDIVIDUALIZADO DE BENS OU PRODUTOS UTILIZADOS NO VE\u00cdCULO DA C\u00c2MARA<\/strong><\/td>\n<\/tr>\n<tr>\n<td style=\"width: 790px;\" colspan=\"6\"><\/td>\n<\/tr>\n<tr>\n<td style=\"width: 89px;\"><strong>Ve\u00edculo:<\/strong><\/td>\n<td style=\"width: 176px;\"><strong>FORD KA SEDAN<\/strong><\/td>\n<td style=\"width: 104px;\"><strong>Marca:<\/strong><\/td>\n<td style=\"width: 143px;\">FORD<\/td>\n<td style=\"width: 131px;\"><strong>Data de Aquisi\u00e7\u00e3o:<\/strong><\/td>\n<td style=\"width: 97px;\"><strong>24\/12\/2020<\/strong><\/td>\n<\/tr>\n<tr>\n<td style=\"width: 89px;\"><strong>Pot\u00eancia:<\/strong><\/td>\n<td style=\"width: 176px;\">1.5<\/td>\n<td style=\"width: 104px;\"><strong>Ano:<\/strong><\/td>\n<td style=\"width: 143px;\">2020<\/td>\n<td style=\"width: 131px;\"><strong>NF. N\u00ba:<\/strong><\/td>\n<td style=\"width: 97px;\"><strong>20594<\/strong><\/td>\n<\/tr>\n<tr>\n<td style=\"width: 89px;\"><strong>Cilindrada:<\/strong><\/td>\n<td style=\"width: 176px;\">CV<\/td>\n<td style=\"width: 104px;\"><strong>Combust\u00edvel:<\/strong><\/td>\n<td style=\"width: 143px;\">GASOLINA\/\u00c1LCOOL<\/td>\n<td style=\"width: 131px;\"><strong>Placa:<\/strong><\/td>\n<td style=\"width: 97px;\"><strong>RLS6G29<\/strong><\/td>\n<\/tr>\n<tr>\n<td style=\"width: 89px;\"><strong>Lotado em:<\/strong><\/td>\n<td style=\"width: 176px;\"><strong>C\u00c2MARA MUNICIPAL<\/strong><\/td>\n<td style=\"width: 104px;\"><strong>Renavan:<\/strong><\/td>\n<td style=\"width: 143px;\">1250224028<\/td>\n<td style=\"width: 234px;\" colspan=\"2\"><\/td>\n<\/tr>\n<\/tbody>\n<\/table>\n<p>&nbsp;<\/p>\n\n<table id=\"tablepress-101\" class=\"tablepress tablepress-id-101\">\n<thead>\n<tr class=\"row-1\">\n\t<th class=\"column-1\"><center>\n<div\n    class='wp-block-pdfp-pdf-poster  alignnone'\n    id='block-2'\n    data-attributes='{&quot;uniqueId&quot;:&quot;pdfp1&quot;,&quot;file&quot;:&quot;https:\\\/\\\/www.camaracg.pb.gov.br\\\/transparencia\\\/wp-content\\\/uploads\\\/2022\\\/09\\\/RLS6-G29CONSUMO-AGOSTO.pdf&quot;,&quot;title&quot;:&quot;RLS6-G29CONSUMO-AGOSTO&quot;,&quot;height&quot;:&quot;842px&quot;,&quot;width&quot;:&quot;100%&quot;,&quot;print&quot;:false,&quot;fullscreenButton&quot;:&quot;1&quot;,&quot;newWindow&quot;:false,&quot;showName&quot;:false,&quot;downloadButton&quot;:false,&quot;downloadButtonText&quot;:&quot;Download File&quot;,&quot;protect&quot;:false,&quot;onlyPDF&quot;:false,&quot;defaultBrowser&quot;:false,&quot;thumbMenu&quot;:false,&quot;initialPage&quot;:0,&quot;sidebarOpen&quot;:false,&quot;lastVersion&quot;:false,&quot;hrScroll&quot;:0,&quot;alert&quot;:true,&quot;btnStyles&quot;:{&quot;background&quot;:&quot;#1e73be&quot;,&quot;color&quot;:&quot;#fff&quot;,&quot;fontSize&quot;:&quot;1rem&quot;,&quot;padding&quot;:{&quot;top&quot;:10,&quot;right&quot;:20,&quot;bottom&quot;:10,&quot;left&quot;:10}},&quot;popupOptions&quot;:{&quot;enabled&quot;:0,&quot;text&quot;:&quot;Open PDF&quot;,&quot;triggerType&quot;:&quot;button&quot;,&quot;image&quot;:&quot;&quot;,&quot;imageHeight&quot;:&quot;200px&quot;,&quot;imageWidth&quot;:&quot;300px&quot;,&quot;imagePdfIcon&quot;:true,&quot;triggerAlignment&quot;:&quot;center&quot;,&quot;btnStyle&quot;:{&quot;background&quot;:&quot;#1e73be&quot;,&quot;color&quot;:&quot;#fff&quot;,&quot;fontSize&quot;:&quot;1rem&quot;,&quot;padding&quot;:{&quot;top&quot;:10,&quot;right&quot;:20,&quot;bottom&quot;:10,&quot;left&quot;:10}}},&quot;actionsPosition&quot;:&quot;top&quot;,&quot;socialShare&quot;:{&quot;enabled&quot;:false,&quot;facebook&quot;:false,&quot;twitter&quot;:false,&quot;linkedin&quot;:false,&quot;pinterest&quot;:false,&quot;position&quot;:&quot;top&quot;},&quot;adobeEmbedder&quot;:false,&quot;align&quot;:&quot;none&quot;,&quot;alignment&quot;:&quot;left&quot;,&quot;titleFontSize&quot;:&quot;16px&quot;,&quot;fullscreenButtonText&quot;:&quot;View Fullscreen&quot;,&quot;isHideRightToolbar&quot;:false,&quot;additional&quot;:{&quot;ID&quot;:&quot;&quot;,&quot;Class&quot;:&quot;&quot;,&quot;CSS&quot;:&quot;&quot;},&quot;adobeOptions&quot;:{&quot;showDownloadPDF&quot;:true,&quot;showPrintPDF&quot;:true,&quot;showAnnotationTools&quot;:true,&quot;showFullScreen&quot;:false,&quot;embedMode&quot;:&quot;SIZED_CONTAINER&quot;},&quot;popupBtnStyle&quot;:{&quot;background&quot;:&quot;#2271b1&quot;,&quot;color&quot;:&quot;#fff&quot;,&quot;padding&quot;:{&quot;top&quot;:10,&quot;right&quot;:20,&quot;bottom&quot;:10,&quot;left&quot;:10}},&quot;popupBtnText&quot;:&quot;Open Document&quot;,&quot;CSS&quot;:&quot;&quot;,&quot;isPremium&quot;:false}'\n    style=\"text-align: left\">\n    \n        <iframe loading=\"lazy\" title=\"RLS6-G29CONSUMO-AGOSTO\" style=\"border:0;\" width=\"100%\" height=\"800px\" class=\"pdfp_unsupported_frame\" src=\"\/\/docs.google.com\/gview?embedded=true&url=https:\/\/www.camaracg.pb.gov.br\/transparencia\/wp-content\/uploads\/2022\/09\/RLS6-G29CONSUMO-AGOSTO.pdf\"><\/iframe>\n\n    <\/div>\n<\/center><\/th>\n<\/tr>\n<\/thead>\n<tbody class=\"row-striping row-hover\">\n<\/tbody>\n<\/table>\n<!-- #tablepress-101 from cache -->\n<h3><strong>Meses Anteriores<\/strong><\/h3>\n\n<table id=\"tablepress-81\" class=\"tablepress tablepress-id-81\">\n<thead>\n<tr class=\"row-1\">\n\t<td class=\"column-1\"><\/td><td class=\"column-2\"><\/td><td class=\"column-3\"><\/td><td class=\"column-4\"><\/td><td class=\"column-5\"><\/td><td class=\"column-6\"><\/td>\n<\/tr>\n<\/thead>\n<tbody class=\"row-striping row-hover\">\n<tr class=\"row-2\">\n\t<td class=\"column-1\"><center>*** VE\u00cdCULO EM MANUTEN\u00c7\u00c3O ***<center><\/td><td class=\"column-2\"><center>*** VE\u00cdCULO EM MANUTEN\u00c7\u00c3O ***<center><\/td><td class=\"column-3\"><center>*** VE\u00cdCULO EM MANUTEN\u00c7\u00c3O ***<center><\/td><td class=\"column-4\"><center>*** VE\u00cdCULO EM MANUTEN\u00c7\u00c3O ***<center><\/td><td class=\"column-5\"><center>*** VE\u00cdCULO EM MANUTEN\u00c7\u00c3O ***<center><\/td><td class=\"column-6\"><center>*** VE\u00cdCULO EM MANUTEN\u00c7\u00c3O ***<center><\/td>\n<\/tr>\n<tr class=\"row-3\">\n\t<td class=\"column-1\"><\/td><td class=\"column-2\"><\/td><td class=\"column-3\"><\/td><td class=\"column-4\"><\/td><td class=\"column-5\"><\/td><td class=\"column-6\"><\/td>\n<\/tr>\n<tr class=\"row-4\">\n\t<td class=\"column-1\"><center>---<center><\/td><td class=\"column-2\"><center>---<center><\/td><td class=\"column-3\"><center>---<center><\/td><td class=\"column-4\"><center>---<center><\/td><td class=\"column-5\"><center>---<center><\/td><td class=\"column-6\"><center>---<center><\/td>\n<\/tr>\n<tr class=\"row-5\">\n\t<td class=\"column-1\"><center><a href=\"https:\/\/www.camaracg.pb.gov.br\/transparencia\/relatorio-de-abastecimento-dezembro-2023-ford-ka-sedan\/\" target=\"_blank\" rel=\"noopener noreferrer\">Dezembro\/2023<\/a><center><\/td><td class=\"column-2\"><center><a href=\"https:\/\/www.camaracg.pb.gov.br\/transparencia\/relatorio-de-abastecimento-novembro-2023-ford-ka-sedan\/\" target=\"_blank\" rel=\"noopener noreferrer\">Novembro\/2023<\/a><center><\/td><td class=\"column-3\"><center><a href=\"https:\/\/www.camaracg.pb.gov.br\/transparencia\/relatorio-de-abastecimento-outubro-2023-ford-ka-sedan\/\" target=\"_blank\" rel=\"noopener noreferrer\">Outubro\/2023<\/a><center><\/td><td class=\"column-4\"><center><a href=\"https:\/\/www.camaracg.pb.gov.br\/transparencia\/relatorio-de-abastecimento-setembro-2023-ford-ka-sedan\/\" target=\"_blank\" rel=\"noopener noreferrer\">Setembro\/2023<\/a><center><\/td><td class=\"column-5\"><center><a href=\"https:\/\/www.camaracg.pb.gov.br\/transparencia\/relatorio-de-abastecimento-agosto-2023-ford-ka-sedan\/\" target=\"_blank\" rel=\"noopener noreferrer\">Agosto\/2023<\/a><center><\/td><td class=\"column-6\"><center><a href=\"https:\/\/www.camaracg.pb.gov.br\/transparencia\/relatorio-de-abastecimento-julho-2023-ford-ka-sedan\/\" target=\"_blank\" rel=\"noopener noreferrer\">Julho\/2023<\/a><center><\/td>\n<\/tr>\n<tr class=\"row-6\">\n\t<td class=\"column-1\"><center><a href=\"https:\/\/www.camaracg.pb.gov.br\/transparencia\/relatorio-de-abastecimento-junho-2023-ford-ka-sedan\/\" target=\"_blank\" rel=\"noopener noreferrer\">Junho\/2023<\/a><center><\/td><td class=\"column-2\"><center><a href=\"https:\/\/www.camaracg.pb.gov.br\/transparencia\/relatorio-de-abastecimento-maio-2023-ford-ka-sedan\/\" target=\"_blank\" rel=\"noopener noreferrer\">Maio\/2023<\/a><center><\/td><td class=\"column-3\"><center><a href=\"https:\/\/www.camaracg.pb.gov.br\/transparencia\/relatorio-de-abastecimento-abril-2023-ford-ka-sedan\/\" target=\"_blank\" rel=\"noopener noreferrer\">Abril\/2023<\/a><center><\/td><td class=\"column-4\"><center><a href=\"https:\/\/www.camaracg.pb.gov.br\/transparencia\/relatorio-de-abastecimento-marco-2023-ford-ka-sedan\" target=\"_blank\" rel=\"noopener noreferrer\">Mar\u00e7o\/2023<\/a><center><\/td><td class=\"column-5\"><center><a href=\"https:\/\/www.camaracg.pb.gov.br\/transparencia\/relatorio-de-abastecimento-fevereiro-2023-ford-ka-sedan\/\" target=\"_blank\" rel=\"noopener noreferrer\">Fevereiro\/2023<\/a><center><\/td><td class=\"column-6\"><center><a href=\"https:\/\/www.camaracg.pb.gov.br\/transparencia\/relatorio-de-abastecimento-janeiro-2023-ford-ka-sedan\" target=\"_blank\" rel=\"noopener noreferrer\">Janeiro\/2023<\/a><center><\/td>\n<\/tr>\n<tr class=\"row-7\">\n\t<td class=\"column-1\"><\/td><td class=\"column-2\"><\/td><td class=\"column-3\"><\/td><td class=\"column-4\"><\/td><td class=\"column-5\"><\/td><td class=\"column-6\"><\/td>\n<\/tr>\n<tr class=\"row-8\">\n\t<td class=\"column-1\"><center>---<center><\/td><td class=\"column-2\"><center>---<center><\/td><td class=\"column-3\"><center>---<center><\/td><td class=\"column-4\"><center>---<center><\/td><td class=\"column-5\"><center>---<center><\/td><td class=\"column-6\"><center>---<center><\/td>\n<\/tr>\n<tr class=\"row-9\">\n\t<td class=\"column-1\"><center><a href=\"https:\/\/www.camaracg.pb.gov.br\/transparencia\/relatorio-de-abastecimento-dezembro-2022-ford-ka-sedan\" target=\"_blank\" rel=\"noopener noreferrer\">Dezembro\/2022<\/a><center><\/td><td class=\"column-2\"><center><a href=\"https:\/\/www.camaracg.pb.gov.br\/transparencia\/relatorio-de-abastecimento-novembro-2022-ford-ka-sedan\" target=\"_blank\" rel=\"noopener noreferrer\">Novembro\/2022<\/a><center><\/td><td class=\"column-3\"><center><a href=\"https:\/\/www.camaracg.pb.gov.br\/transparencia\/relatorio-de-abastecimento-outubro-2022-ford-ka-sedan\" target=\"_blank\" rel=\"noopener noreferrer\">Outubro\/2022<\/a><center><\/td><td class=\"column-4\"><center><a href=\"https:\/\/www.camaracg.pb.gov.br\/transparencia\/relatorio-de-abastecimento-setembro-2022-ford-ka-sedan\" target=\"_blank\" rel=\"noopener noreferrer\">Setembro\/2022<\/a><center><\/td><td class=\"column-5\"><center><a href=\"https:\/\/www.camaracg.pb.gov.br\/transparencia\/relatorio-de-abastecimento-agosto-2022-ford-ka-sedan\" target=\"_blank\" rel=\"noopener noreferrer\">Agosto\/2022<\/a><center><\/td><td class=\"column-6\"><center><a href=\"https:\/\/www.camaracg.pb.gov.br\/transparencia\/relatorio-de-abastecimento-julho-2022-ford-ka-sedan\" target=\"_blank\" rel=\"noopener noreferrer\">Julho\/2022<\/a><center><\/td>\n<\/tr>\n<tr class=\"row-10\">\n\t<td class=\"column-1\"><center><a href=\"https:\/\/www.camaracg.pb.gov.br\/transparencia\/relatorio-de-abastecimento-junho-2022-ford-ka-sedan\" target=\"_blank\" rel=\"noopener noreferrer\">Junho\/2022<\/a><center><\/td><td class=\"column-2\"><center><a href=\"https:\/\/www.camaracg.pb.gov.br\/transparencia\/relatorio-de-abastecimento-novembro-2022-ford-ka-sedan\" target=\"_blank\" rel=\"noopener noreferrer\">Novembro\/2022<\/a><center><\/td><td class=\"column-3\"><center><a href=\"https:\/\/www.camaracg.pb.gov.br\/transparencia\/relatorio-de-abastecimento-abril-2022-ford-ka-sedan\" target=\"_blank\" rel=\"noopener noreferrer\">Abril\/2022<\/a><center><\/td><td class=\"column-4\"><center><a href=\"https:\/\/www.camaracg.pb.gov.br\/transparencia\/relatorio-de-abastecimento-marco-2022-ford-ka-sedan\" target=\"_blank\" rel=\"noopener noreferrer\">Mar\u00e7o\/2022<\/a><center><\/td><td class=\"column-5\"><center><a href=\"https:\/\/www.camaracg.pb.gov.br\/transparencia\/relatorio-de-abastecimento-fevereiro-2022-ford-ka-sedan\" target=\"_blank\" rel=\"noopener noreferrer\">Fevereiro\/2022<\/a><center><\/td><td class=\"column-6\"><center><a href=\"https:\/\/www.camaracg.pb.gov.br\/transparencia\/relatorio-de-abastecimento-janeiro-2022-ford-ka-sedan\" target=\"_blank\" rel=\"noopener noreferrer\">Janeiro\/2022<\/a><center><\/td>\n<\/tr>\n<tr class=\"row-11\">\n\t<td class=\"column-1\"><\/td><td class=\"column-2\"><\/td><td class=\"column-3\"><\/td><td class=\"column-4\"><\/td><td class=\"column-5\"><\/td><td class=\"column-6\"><\/td>\n<\/tr>\n<tr class=\"row-12\">\n\t<td class=\"column-1\"><center>---<center><\/td><td class=\"column-2\"><center>---<center><\/td><td class=\"column-3\"><center>---<center><\/td><td class=\"column-4\"><center>---<center><\/td><td class=\"column-5\"><\/td><td class=\"column-6\"><\/td>\n<\/tr>\n<tr class=\"row-13\">\n\t<td class=\"column-1\"><center><a href=\"https:\/\/www.camaracg.pb.gov.br\/transparencia\/relatorio-de-abastecimento-dezembro-2021-ford-ka-sedan\" target=\"_blank\" rel=\"noopener noreferrer\">Dezembro\/2021<\/a><center><\/td><td class=\"column-2\"><center><a href=\"https:\/\/www.camaracg.pb.gov.br\/transparencia\/relatorio-de-abastecimento-novembro-2021-ford-ka-sedan\" target=\"_blank\" rel=\"noopener noreferrer\">Novembro\/2021<\/a><center><\/td><td class=\"column-3\"><center><a href=\"https:\/\/www.camaracg.pb.gov.br\/transparencia\/relatorio-de-abastecimento-outubro-2021-ford-ka-sedan\" target=\"_blank\" rel=\"noopener noreferrer\">Outubro\/2021<\/a><center><\/td><td class=\"column-4\"><center><a href=\"https:\/\/www.camaracg.pb.gov.br\/transparencia\/relatorio-resumido-de-consumo-marco-a-setembro-2021-ford-ka-sedan-rls6g29\/\" target=\"_blank\" rel=\"noopener noreferrer\">Mar\u00e7o\/2021 - Setembro\/2021<\/a><center><br \/>\n<br \/>\n<br \/>\n<\/td><td class=\"column-5\"><\/td><td class=\"column-6\"><\/td>\n<\/tr>\n<tr class=\"row-14\">\n\t<td class=\"column-1\"><\/td><td class=\"column-2\"><\/td><td class=\"column-3\"><\/td><td class=\"column-4\"><\/td><td class=\"column-5\"><\/td><td class=\"column-6\"><\/td>\n<\/tr>\n<\/tbody>\n<\/table>\n<!-- #tablepress-81 from cache -->\n<p style=\"text-align: center;\">Caso n\u00e3o tenha o <strong>Adobe Reader<\/strong> instalado em sua m\u00e1quina basta realizar o download gratuitamente clicando <strong><a href=\"https:\/\/get.adobe.com\/br\/reader\" target=\"_blank\" rel=\"noopener noreferrer\">aqui<\/a><\/strong><\/p>\n<pre>A C\u00e2mara Municipal de Campina Grande tamb\u00e9m est\u00e1 no Portal da Transpar\u00eancia do Tribunal de Contas do Estado da Para\u00edba (TCE-PB), que disponibiliza, em tempo real, informa\u00e7\u00f5es pormenorizadas sobre a execu\u00e7\u00e3o Or\u00e7ament\u00e1ria e Financeira.<\/pre>\n","protected":false},"excerpt":{"rendered":"<p>ESTADO DA PARA\u00cdBA C\u00c2MARA MUNICIPAL DE CAMPINA GRANDE Exerc\u00edcio de 2022 CONTROLE INDIVIDUALIZADO DE BENS OU PRODUTOS UTILIZADOS NO VE\u00cdCULO DA C\u00c2MARA Ve\u00edculo: FORD KA SEDAN Marca: FORD Data de Aquisi\u00e7\u00e3o: 24\/12\/2020 Pot\u00eancia: 1.5 Ano: 2020 NF. N\u00ba: 20594 Cilindrada: &hellip; <a class=\"kt-excerpt-readmore\" href=\"https:\/\/www.camaracg.pb.gov.br\/transparencia\/relatorio-de-abastecimento-agosto-2022-ford-ka-sedan\/\" aria-label=\"Relat\u00f3rio de Abastecimento Agosto 2022 (Ford KA \u2013 Sedan)\">leia mais<\/a><\/p>\n","protected":false},"author":5,"featured_media":0,"comment_status":"closed","ping_status":"closed","sticky":false,"template":"","format":"standard","meta":{"footnotes":""},"categories":[45,46],"tags":[],"class_list":["post-2523","post","type-post","status-publish","format-standard","hentry","category-combustivel","category-frota"],"aioseo_notices":[],"_links":{"self":[{"href":"https:\/\/www.camaracg.pb.gov.br\/transparencia\/wp-json\/wp\/v2\/posts\/2523","targetHints":{"allow":["GET"]}}],"collection":[{"href":"https:\/\/www.camaracg.pb.gov.br\/transparencia\/wp-json\/wp\/v2\/posts"}],"about":[{"href":"https:\/\/www.camaracg.pb.gov.br\/transparencia\/wp-json\/wp\/v2\/types\/post"}],"author":[{"embeddable":true,"href":"https:\/\/www.camaracg.pb.gov.br\/transparencia\/wp-json\/wp\/v2\/users\/5"}],"replies":[{"embeddable":true,"href":"https:\/\/www.camaracg.pb.gov.br\/transparencia\/wp-json\/wp\/v2\/comments?post=2523"}],"version-history":[{"count":2,"href":"https:\/\/www.camaracg.pb.gov.br\/transparencia\/wp-json\/wp\/v2\/posts\/2523\/revisions"}],"predecessor-version":[{"id":2525,"href":"https:\/\/www.camaracg.pb.gov.br\/transparencia\/wp-json\/wp\/v2\/posts\/2523\/revisions\/2525"}],"wp:attachment":[{"href":"https:\/\/www.camaracg.pb.gov.br\/transparencia\/wp-json\/wp\/v2\/media?parent=2523"}],"wp:term":[{"taxonomy":"category","embeddable":true,"href":"https:\/\/www.camaracg.pb.gov.br\/transparencia\/wp-json\/wp\/v2\/categories?post=2523"},{"taxonomy":"post_tag","embeddable":true,"href":"https:\/\/www.camaracg.pb.gov.br\/transparencia\/wp-json\/wp\/v2\/tags?post=2523"}],"curies":[{"name":"wp","href":"https:\/\/api.w.org\/{rel}","templated":true}]}}