{"id":2659,"date":"2022-12-30T16:55:44","date_gmt":"2022-12-30T19:55:44","guid":{"rendered":"https:\/\/www.camaracg.pb.gov.br\/transparencia\/?p=2659"},"modified":"2023-01-23T16:57:42","modified_gmt":"2023-01-23T19:57:42","slug":"relatorio-de-abastecimento-dezembro-2022-ford-ka-sedan","status":"publish","type":"post","link":"https:\/\/www.camaracg.pb.gov.br\/transparencia\/relatorio-de-abastecimento-dezembro-2022-ford-ka-sedan\/","title":{"rendered":"Relat\u00f3rio de Abastecimento Dezembro 2022 (Ford KA \u2013 Sedan)"},"content":{"rendered":"<table class=\" aligncenter\" width=\"780\">\n<tbody>\n<tr>\n<td style=\"text-align: center; width: 770px;\" colspan=\"6\"><strong>ESTADO DA PARA\u00cdBA<\/strong><\/td>\n<\/tr>\n<tr>\n<td style=\"text-align: center; width: 770px;\" colspan=\"6\"><strong>C\u00c2MARA MUNICIPAL DE CAMPINA GRANDE<\/strong><\/td>\n<\/tr>\n<tr>\n<td style=\"text-align: center; width: 770px;\" colspan=\"6\"><strong>Exerc\u00edcio de 2022<\/strong><\/td>\n<\/tr>\n<tr>\n<td style=\"text-align: center; width: 800px;\" colspan=\"6\"><strong>CONTROLE INDIVIDUALIZADO DE BENS OU PRODUTOS UTILIZADOS NO VE\u00cdCULO DA C\u00c2MARA<\/strong><\/td>\n<\/tr>\n<tr>\n<td style=\"width: 790px;\" colspan=\"6\"><\/td>\n<\/tr>\n<tr>\n<td style=\"width: 89px;\"><strong>Ve\u00edculo:<\/strong><\/td>\n<td style=\"width: 176px;\"><strong>FORD KA SEDAN<\/strong><\/td>\n<td style=\"width: 104px;\"><strong>Marca:<\/strong><\/td>\n<td style=\"width: 143px;\">FORD<\/td>\n<td style=\"width: 131px;\"><strong>Data de Aquisi\u00e7\u00e3o:<\/strong><\/td>\n<td style=\"width: 97px;\"><strong>24\/12\/2020<\/strong><\/td>\n<\/tr>\n<tr>\n<td style=\"width: 89px;\"><strong>Pot\u00eancia:<\/strong><\/td>\n<td style=\"width: 176px;\">1.5<\/td>\n<td style=\"width: 104px;\"><strong>Ano:<\/strong><\/td>\n<td style=\"width: 143px;\">2020<\/td>\n<td style=\"width: 131px;\"><strong>NF. N\u00ba:<\/strong><\/td>\n<td style=\"width: 97px;\"><strong>20594<\/strong><\/td>\n<\/tr>\n<tr>\n<td style=\"width: 89px;\"><strong>Cilindrada:<\/strong><\/td>\n<td style=\"width: 176px;\">CV<\/td>\n<td style=\"width: 104px;\"><strong>Combust\u00edvel:<\/strong><\/td>\n<td style=\"width: 143px;\">GASOLINA\/\u00c1LCOOL<\/td>\n<td style=\"width: 131px;\"><strong>Placa:<\/strong><\/td>\n<td style=\"width: 97px;\"><strong>RLS6G29<\/strong><\/td>\n<\/tr>\n<tr>\n<td style=\"width: 89px;\"><strong>Lotado em:<\/strong><\/td>\n<td style=\"width: 176px;\"><strong>C\u00c2MARA MUNICIPAL<\/strong><\/td>\n<td style=\"width: 104px;\"><strong>Renavan:<\/strong><\/td>\n<td style=\"width: 143px;\">1250224028<\/td>\n<td style=\"width: 234px;\" colspan=\"2\"><\/td>\n<\/tr>\n<\/tbody>\n<\/table>\n<p>&nbsp;<\/p>\n\n<table id=\"tablepress-110\" class=\"tablepress tablepress-id-110\">\n<thead>\n<tr class=\"row-1\">\n\t<th class=\"column-1\"><center>\n    <div class='wp-block-pdfp-pdf-poster  alignnone' id='block-2'\n        data-attributes='{&quot;uniqueId&quot;:&quot;pdf-poster1&quot;,&quot;file&quot;:&quot;https:\\\/\\\/www.camaracg.pb.gov.br\\\/transparencia\\\/wp-content\\\/uploads\\\/2023\\\/01\\\/RLS6-G29CONSUMO-DEZEMBRO.pdf&quot;,&quot;title&quot;:&quot;RLS6-G29CONSUMO-DEZEMBRO&quot;,&quot;height&quot;:{&quot;desktop&quot;:&quot;842px&quot;,&quot;tablet&quot;:&quot;700px&quot;,&quot;mobile&quot;:&quot;400px&quot;},&quot;width&quot;:{&quot;desktop&quot;:&quot;100%&quot;,&quot;tablet&quot;:&quot;100%&quot;,&quot;mobile&quot;:&quot;100%&quot;},&quot;print&quot;:false,&quot;showName&quot;:false,&quot;downloadButton&quot;:false,&quot;downloadButtonText&quot;:&quot;Download File&quot;,&quot;fullscreenButton&quot;:&quot;1&quot;,&quot;fullscreenButtonText&quot;:&quot;View Fullscreen&quot;,&quot;newWindow&quot;:false,&quot;actionsPosition&quot;:&quot;top&quot;,&quot;protect&quot;:false,&quot;btnStyles&quot;:{&quot;background&quot;:&quot;#1e73be&quot;,&quot;color&quot;:&quot;#ffffff&quot;,&quot;fontSize&quot;:&quot;1rem&quot;,&quot;padding&quot;:{&quot;top&quot;:10,&quot;right&quot;:20,&quot;bottom&quot;:10,&quot;left&quot;:20}},&quot;socialShare&quot;:{&quot;enabled&quot;:false,&quot;facebook&quot;:true,&quot;twitter&quot;:true,&quot;linkedin&quot;:true,&quot;pinterest&quot;:true,&quot;position&quot;:&quot;top&quot;},&quot;align&quot;:&quot;none&quot;,&quot;alignment&quot;:&quot;left&quot;,&quot;titleFontSize&quot;:&quot;16px&quot;,&quot;onlyPDF&quot;:false,&quot;defaultBrowser&quot;:false,&quot;thumbMenu&quot;:false,&quot;sidebarOpen&quot;:false,&quot;initialPage&quot;:0,&quot;alert&quot;:false,&quot;lastVersion&quot;:false,&quot;hrScroll&quot;:false,&quot;isHideRightToolbar&quot;:false,&quot;additional&quot;:{&quot;ID&quot;:&quot;&quot;,&quot;Class&quot;:&quot;&quot;,&quot;CSS&quot;:&quot;&quot;},&quot;adobeEmbedder&quot;:&quot;default&quot;,&quot;adobeOptions&quot;:{&quot;showDownloadPDF&quot;:true,&quot;showPrintPDF&quot;:true,&quot;showAnnotationTools&quot;:true,&quot;showFullScreen&quot;:false,&quot;embedMode&quot;:&quot;SIZED_CONTAINER&quot;},&quot;popupOptions&quot;:{&quot;enabled&quot;:false,&quot;triggerType&quot;:&quot;button&quot;,&quot;image&quot;:&quot;&quot;,&quot;imagePdfIcon&quot;:true,&quot;imageHeight&quot;:&quot;200px&quot;,&quot;imageWidth&quot;:&quot;300px&quot;,&quot;text&quot;:&quot;Open PDF&quot;,&quot;btnStyle&quot;:{&quot;background&quot;:&quot;#2271b1&quot;,&quot;color&quot;:&quot;#fff&quot;,&quot;fontSize&quot;:&quot;16px&quot;,&quot;padding&quot;:{&quot;top&quot;:10,&quot;right&quot;:20,&quot;bottom&quot;:10,&quot;left&quot;:10}}},&quot;popupBtnStyle&quot;:{&quot;background&quot;:&quot;#2271b1&quot;,&quot;color&quot;:&quot;#fff&quot;,&quot;padding&quot;:{&quot;top&quot;:10,&quot;right&quot;:20,&quot;bottom&quot;:10,&quot;left&quot;:10}},&quot;popupBtnText&quot;:&quot;Open Document&quot;,&quot;CSS&quot;:&quot;&quot;,&quot;isPremium&quot;:false}'\n        style=\"text-align: left\">\n                    <div class=\"pdfp_loading_placeholder\"\n                style=\"height: 842px; width: 100%; display: flex; align-items: center; justify-content: center; background: #f5f5f5; border: 1px solid #ddd;\">\n                <p>Loading Viewer...<\/p>\n            <\/div>\n            <\/div>\n<\/center><\/th>\n<\/tr>\n<\/thead>\n<tbody class=\"row-striping row-hover\">\n<\/tbody>\n<\/table>\n<!-- #tablepress-110 from cache -->\n<h3><strong>Meses Anteriores<\/strong><\/h3>\n\n<table id=\"tablepress-81\" class=\"tablepress tablepress-id-81\">\n<thead>\n<tr class=\"row-1\">\n\t<td class=\"column-1\"><\/td><td class=\"column-2\"><\/td><td class=\"column-3\"><\/td><td class=\"column-4\"><\/td><td class=\"column-5\"><\/td><td class=\"column-6\"><\/td>\n<\/tr>\n<\/thead>\n<tbody class=\"row-striping row-hover\">\n<tr class=\"row-2\">\n\t<td class=\"column-1\"><center>*** VE\u00cdCULO EM MANUTEN\u00c7\u00c3O ***<center><\/td><td class=\"column-2\"><center>*** VE\u00cdCULO EM MANUTEN\u00c7\u00c3O ***<center><\/td><td class=\"column-3\"><center>*** VE\u00cdCULO EM MANUTEN\u00c7\u00c3O ***<center><\/td><td class=\"column-4\"><center>*** VE\u00cdCULO EM MANUTEN\u00c7\u00c3O ***<center><\/td><td class=\"column-5\"><center>*** VE\u00cdCULO EM MANUTEN\u00c7\u00c3O ***<center><\/td><td class=\"column-6\"><center>*** VE\u00cdCULO EM MANUTEN\u00c7\u00c3O ***<center><\/td>\n<\/tr>\n<tr class=\"row-3\">\n\t<td class=\"column-1\"><\/td><td class=\"column-2\"><\/td><td class=\"column-3\"><\/td><td class=\"column-4\"><\/td><td class=\"column-5\"><\/td><td class=\"column-6\"><\/td>\n<\/tr>\n<tr class=\"row-4\">\n\t<td class=\"column-1\"><center>---<center><\/td><td class=\"column-2\"><center>---<center><\/td><td class=\"column-3\"><center>---<center><\/td><td class=\"column-4\"><center>---<center><\/td><td class=\"column-5\"><center>---<center><\/td><td class=\"column-6\"><center>---<center><\/td>\n<\/tr>\n<tr class=\"row-5\">\n\t<td class=\"column-1\"><center><a href=\"https:\/\/www.camaracg.pb.gov.br\/transparencia\/relatorio-de-abastecimento-dezembro-2023-ford-ka-sedan\/\" target=\"_blank\" rel=\"noopener noreferrer\">Dezembro\/2023<\/a><center><\/td><td class=\"column-2\"><center><a href=\"https:\/\/www.camaracg.pb.gov.br\/transparencia\/relatorio-de-abastecimento-novembro-2023-ford-ka-sedan\/\" target=\"_blank\" rel=\"noopener noreferrer\">Novembro\/2023<\/a><center><\/td><td class=\"column-3\"><center><a href=\"https:\/\/www.camaracg.pb.gov.br\/transparencia\/relatorio-de-abastecimento-outubro-2023-ford-ka-sedan\/\" target=\"_blank\" rel=\"noopener noreferrer\">Outubro\/2023<\/a><center><\/td><td class=\"column-4\"><center><a href=\"https:\/\/www.camaracg.pb.gov.br\/transparencia\/relatorio-de-abastecimento-setembro-2023-ford-ka-sedan\/\" target=\"_blank\" rel=\"noopener noreferrer\">Setembro\/2023<\/a><center><\/td><td class=\"column-5\"><center><a href=\"https:\/\/www.camaracg.pb.gov.br\/transparencia\/relatorio-de-abastecimento-agosto-2023-ford-ka-sedan\/\" target=\"_blank\" rel=\"noopener noreferrer\">Agosto\/2023<\/a><center><\/td><td class=\"column-6\"><center><a href=\"https:\/\/www.camaracg.pb.gov.br\/transparencia\/relatorio-de-abastecimento-julho-2023-ford-ka-sedan\/\" target=\"_blank\" rel=\"noopener noreferrer\">Julho\/2023<\/a><center><\/td>\n<\/tr>\n<tr class=\"row-6\">\n\t<td class=\"column-1\"><center><a href=\"https:\/\/www.camaracg.pb.gov.br\/transparencia\/relatorio-de-abastecimento-junho-2023-ford-ka-sedan\/\" target=\"_blank\" rel=\"noopener noreferrer\">Junho\/2023<\/a><center><\/td><td class=\"column-2\"><center><a href=\"https:\/\/www.camaracg.pb.gov.br\/transparencia\/relatorio-de-abastecimento-maio-2023-ford-ka-sedan\/\" target=\"_blank\" rel=\"noopener noreferrer\">Maio\/2023<\/a><center><\/td><td class=\"column-3\"><center><a href=\"https:\/\/www.camaracg.pb.gov.br\/transparencia\/relatorio-de-abastecimento-abril-2023-ford-ka-sedan\/\" target=\"_blank\" rel=\"noopener noreferrer\">Abril\/2023<\/a><center><\/td><td class=\"column-4\"><center><a href=\"https:\/\/www.camaracg.pb.gov.br\/transparencia\/relatorio-de-abastecimento-marco-2023-ford-ka-sedan\" target=\"_blank\" rel=\"noopener noreferrer\">Mar\u00e7o\/2023<\/a><center><\/td><td class=\"column-5\"><center><a href=\"https:\/\/www.camaracg.pb.gov.br\/transparencia\/relatorio-de-abastecimento-fevereiro-2023-ford-ka-sedan\/\" target=\"_blank\" rel=\"noopener noreferrer\">Fevereiro\/2023<\/a><center><\/td><td class=\"column-6\"><center><a href=\"https:\/\/www.camaracg.pb.gov.br\/transparencia\/relatorio-de-abastecimento-janeiro-2023-ford-ka-sedan\" target=\"_blank\" rel=\"noopener noreferrer\">Janeiro\/2023<\/a><center><\/td>\n<\/tr>\n<tr class=\"row-7\">\n\t<td class=\"column-1\"><\/td><td class=\"column-2\"><\/td><td class=\"column-3\"><\/td><td class=\"column-4\"><\/td><td class=\"column-5\"><\/td><td class=\"column-6\"><\/td>\n<\/tr>\n<tr class=\"row-8\">\n\t<td class=\"column-1\"><center>---<center><\/td><td class=\"column-2\"><center>---<center><\/td><td class=\"column-3\"><center>---<center><\/td><td class=\"column-4\"><center>---<center><\/td><td class=\"column-5\"><center>---<center><\/td><td class=\"column-6\"><center>---<center><\/td>\n<\/tr>\n<tr class=\"row-9\">\n\t<td class=\"column-1\"><center><a href=\"https:\/\/www.camaracg.pb.gov.br\/transparencia\/relatorio-de-abastecimento-dezembro-2022-ford-ka-sedan\" target=\"_blank\" rel=\"noopener noreferrer\">Dezembro\/2022<\/a><center><\/td><td class=\"column-2\"><center><a href=\"https:\/\/www.camaracg.pb.gov.br\/transparencia\/relatorio-de-abastecimento-novembro-2022-ford-ka-sedan\" target=\"_blank\" rel=\"noopener noreferrer\">Novembro\/2022<\/a><center><\/td><td class=\"column-3\"><center><a href=\"https:\/\/www.camaracg.pb.gov.br\/transparencia\/relatorio-de-abastecimento-outubro-2022-ford-ka-sedan\" target=\"_blank\" rel=\"noopener noreferrer\">Outubro\/2022<\/a><center><\/td><td class=\"column-4\"><center><a href=\"https:\/\/www.camaracg.pb.gov.br\/transparencia\/relatorio-de-abastecimento-setembro-2022-ford-ka-sedan\" target=\"_blank\" rel=\"noopener noreferrer\">Setembro\/2022<\/a><center><\/td><td class=\"column-5\"><center><a href=\"https:\/\/www.camaracg.pb.gov.br\/transparencia\/relatorio-de-abastecimento-agosto-2022-ford-ka-sedan\" target=\"_blank\" rel=\"noopener noreferrer\">Agosto\/2022<\/a><center><\/td><td class=\"column-6\"><center><a href=\"https:\/\/www.camaracg.pb.gov.br\/transparencia\/relatorio-de-abastecimento-julho-2022-ford-ka-sedan\" target=\"_blank\" rel=\"noopener noreferrer\">Julho\/2022<\/a><center><\/td>\n<\/tr>\n<tr class=\"row-10\">\n\t<td class=\"column-1\"><center><a href=\"https:\/\/www.camaracg.pb.gov.br\/transparencia\/relatorio-de-abastecimento-junho-2022-ford-ka-sedan\" target=\"_blank\" rel=\"noopener noreferrer\">Junho\/2022<\/a><center><\/td><td class=\"column-2\"><center><a href=\"https:\/\/www.camaracg.pb.gov.br\/transparencia\/relatorio-de-abastecimento-novembro-2022-ford-ka-sedan\" target=\"_blank\" rel=\"noopener noreferrer\">Novembro\/2022<\/a><center><\/td><td class=\"column-3\"><center><a href=\"https:\/\/www.camaracg.pb.gov.br\/transparencia\/relatorio-de-abastecimento-abril-2022-ford-ka-sedan\" target=\"_blank\" rel=\"noopener noreferrer\">Abril\/2022<\/a><center><\/td><td class=\"column-4\"><center><a href=\"https:\/\/www.camaracg.pb.gov.br\/transparencia\/relatorio-de-abastecimento-marco-2022-ford-ka-sedan\" target=\"_blank\" rel=\"noopener noreferrer\">Mar\u00e7o\/2022<\/a><center><\/td><td class=\"column-5\"><center><a href=\"https:\/\/www.camaracg.pb.gov.br\/transparencia\/relatorio-de-abastecimento-fevereiro-2022-ford-ka-sedan\" target=\"_blank\" rel=\"noopener noreferrer\">Fevereiro\/2022<\/a><center><\/td><td class=\"column-6\"><center><a href=\"https:\/\/www.camaracg.pb.gov.br\/transparencia\/relatorio-de-abastecimento-janeiro-2022-ford-ka-sedan\" target=\"_blank\" rel=\"noopener noreferrer\">Janeiro\/2022<\/a><center><\/td>\n<\/tr>\n<tr class=\"row-11\">\n\t<td class=\"column-1\"><\/td><td class=\"column-2\"><\/td><td class=\"column-3\"><\/td><td class=\"column-4\"><\/td><td class=\"column-5\"><\/td><td class=\"column-6\"><\/td>\n<\/tr>\n<tr class=\"row-12\">\n\t<td class=\"column-1\"><center>---<center><\/td><td class=\"column-2\"><center>---<center><\/td><td class=\"column-3\"><center>---<center><\/td><td class=\"column-4\"><center>---<center><\/td><td class=\"column-5\"><\/td><td class=\"column-6\"><\/td>\n<\/tr>\n<tr class=\"row-13\">\n\t<td class=\"column-1\"><center><a href=\"https:\/\/www.camaracg.pb.gov.br\/transparencia\/relatorio-de-abastecimento-dezembro-2021-ford-ka-sedan\" target=\"_blank\" rel=\"noopener noreferrer\">Dezembro\/2021<\/a><center><\/td><td class=\"column-2\"><center><a href=\"https:\/\/www.camaracg.pb.gov.br\/transparencia\/relatorio-de-abastecimento-novembro-2021-ford-ka-sedan\" target=\"_blank\" rel=\"noopener noreferrer\">Novembro\/2021<\/a><center><\/td><td class=\"column-3\"><center><a href=\"https:\/\/www.camaracg.pb.gov.br\/transparencia\/relatorio-de-abastecimento-outubro-2021-ford-ka-sedan\" target=\"_blank\" rel=\"noopener noreferrer\">Outubro\/2021<\/a><center><\/td><td class=\"column-4\"><center><a href=\"https:\/\/www.camaracg.pb.gov.br\/transparencia\/relatorio-resumido-de-consumo-marco-a-setembro-2021-ford-ka-sedan-rls6g29\/\" target=\"_blank\" rel=\"noopener noreferrer\">Mar\u00e7o\/2021 - Setembro\/2021<\/a><center><br \/>\n<br \/>\n<br \/>\n<\/td><td class=\"column-5\"><\/td><td class=\"column-6\"><\/td>\n<\/tr>\n<tr class=\"row-14\">\n\t<td class=\"column-1\"><\/td><td class=\"column-2\"><\/td><td class=\"column-3\"><\/td><td class=\"column-4\"><\/td><td class=\"column-5\"><\/td><td class=\"column-6\"><\/td>\n<\/tr>\n<\/tbody>\n<\/table>\n<!-- #tablepress-81 from cache -->\n<p style=\"text-align: center;\">Caso n\u00e3o tenha o <strong>Adobe Reader<\/strong> instalado em sua m\u00e1quina basta realizar o download gratuitamente clicando <strong><a href=\"https:\/\/get.adobe.com\/br\/reader\" target=\"_blank\" rel=\"noopener noreferrer\">aqui<\/a><\/strong><\/p>\n<pre>A C\u00e2mara Municipal de Campina Grande tamb\u00e9m est\u00e1 no Portal da Transpar\u00eancia do Tribunal de Contas do Estado da Para\u00edba (TCE-PB), que disponibiliza, em tempo real, informa\u00e7\u00f5es pormenorizadas sobre a execu\u00e7\u00e3o Or\u00e7ament\u00e1ria e Financeira.<\/pre>\n","protected":false},"excerpt":{"rendered":"<p>ESTADO DA PARA\u00cdBA C\u00c2MARA MUNICIPAL DE CAMPINA GRANDE Exerc\u00edcio de 2022 CONTROLE INDIVIDUALIZADO DE BENS OU PRODUTOS UTILIZADOS NO VE\u00cdCULO DA C\u00c2MARA Ve\u00edculo: FORD KA SEDAN Marca: FORD Data de Aquisi\u00e7\u00e3o: 24\/12\/2020 Pot\u00eancia: 1.5 Ano: 2020 NF. N\u00ba: 20594 Cilindrada: &hellip; <a class=\"kt-excerpt-readmore\" href=\"https:\/\/www.camaracg.pb.gov.br\/transparencia\/relatorio-de-abastecimento-dezembro-2022-ford-ka-sedan\/\" aria-label=\"Relat\u00f3rio de Abastecimento Dezembro 2022 (Ford KA \u2013 Sedan)\">leia mais<\/a><\/p>\n","protected":false},"author":1,"featured_media":2632,"comment_status":"closed","ping_status":"closed","sticky":false,"template":"","format":"standard","meta":{"footnotes":""},"categories":[46],"tags":[],"class_list":["post-2659","post","type-post","status-publish","format-standard","has-post-thumbnail","hentry","category-frota"],"aioseo_notices":[],"aioseo_head":"\n\t\t<!-- All in One SEO 4.9.10 - aioseo.com -->\n\t<meta name=\"description\" content=\"ESTADO DA PARA\u00cdBA C\u00c2MARA MUNICIPAL DE CAMPINA GRANDE Exerc\u00edcio de 2022 CONTROLE INDIVIDUALIZADO DE BENS OU PRODUTOS UTILIZADOS NO VE\u00cdCULO DA C\u00c2MARA Ve\u00edculo: FORD KA SEDAN Marca: FORD Data de Aquisi\u00e7\u00e3o: 24\/12\/2020 Pot\u00eancia: 1.5 Ano: 2020 NF. N\u00ba: 20594 Cilindrada: CV Combust\u00edvel: GASOLINA\/\u00c1LCOOL Placa: RLS6G29 Lotado em: C\u00c2MARA MUNICIPAL Renavan: 1250224028 Meses Anteriores Caso\" \/>\n\t<meta name=\"robots\" content=\"max-image-preview:large\" \/>\n\t<meta name=\"author\" content=\"admin\"\/>\n\t<link rel=\"canonical\" href=\"https:\/\/www.camaracg.pb.gov.br\/transparencia\/relatorio-de-abastecimento-dezembro-2022-ford-ka-sedan\/\" \/>\n\t<meta name=\"generator\" content=\"All in One SEO (AIOSEO) 4.9.10\" \/>\n\t\t<meta property=\"og:locale\" content=\"pt_BR\" \/>\n\t\t<meta property=\"og:site_name\" content=\"Portal da Transpar\u00eancia \u2022 C\u00e2mara Municipal de Campina Grande\" \/>\n\t\t<meta property=\"og:type\" content=\"article\" \/>\n\t\t<meta property=\"og:title\" content=\"Relat\u00f3rio de Abastecimento Dezembro 2022 (Ford KA \u2013 Sedan) | Portal da Transpar\u00eancia \u2022 C\u00e2mara Municipal de Campina Grande\" \/>\n\t\t<meta property=\"og:description\" content=\"ESTADO DA PARA\u00cdBA C\u00c2MARA MUNICIPAL DE CAMPINA GRANDE Exerc\u00edcio de 2022 CONTROLE INDIVIDUALIZADO DE BENS OU PRODUTOS UTILIZADOS NO VE\u00cdCULO DA C\u00c2MARA Ve\u00edculo: FORD KA SEDAN Marca: FORD Data de Aquisi\u00e7\u00e3o: 24\/12\/2020 Pot\u00eancia: 1.5 Ano: 2020 NF. N\u00ba: 20594 Cilindrada: CV Combust\u00edvel: GASOLINA\/\u00c1LCOOL Placa: RLS6G29 Lotado em: C\u00c2MARA MUNICIPAL Renavan: 1250224028 Meses Anteriores Caso\" \/>\n\t\t<meta property=\"og:url\" content=\"https:\/\/www.camaracg.pb.gov.br\/transparencia\/relatorio-de-abastecimento-dezembro-2022-ford-ka-sedan\/\" \/>\n\t\t<meta property=\"og:image\" content=\"https:\/\/www.camaracg.pb.gov.br\/transparencia\/wp-content\/uploads\/2023\/01\/img-frot.png\" \/>\n\t\t<meta property=\"og:image:secure_url\" content=\"https:\/\/www.camaracg.pb.gov.br\/transparencia\/wp-content\/uploads\/2023\/01\/img-frot.png\" \/>\n\t\t<meta property=\"og:image:width\" content=\"640\" \/>\n\t\t<meta property=\"og:image:height\" content=\"430\" \/>\n\t\t<meta property=\"article:published_time\" content=\"2022-12-30T19:55:44+00:00\" \/>\n\t\t<meta property=\"article:modified_time\" content=\"2023-01-23T19:57:42+00:00\" \/>\n\t\t<meta name=\"twitter:card\" content=\"summary\" \/>\n\t\t<meta name=\"twitter:title\" content=\"Relat\u00f3rio de Abastecimento Dezembro 2022 (Ford KA \u2013 Sedan) | Portal da Transpar\u00eancia \u2022 C\u00e2mara Municipal de Campina Grande\" \/>\n\t\t<meta name=\"twitter:description\" content=\"ESTADO DA PARA\u00cdBA C\u00c2MARA MUNICIPAL DE CAMPINA GRANDE Exerc\u00edcio de 2022 CONTROLE INDIVIDUALIZADO DE BENS OU PRODUTOS UTILIZADOS NO VE\u00cdCULO DA C\u00c2MARA Ve\u00edculo: FORD KA SEDAN Marca: FORD Data de Aquisi\u00e7\u00e3o: 24\/12\/2020 Pot\u00eancia: 1.5 Ano: 2020 NF. N\u00ba: 20594 Cilindrada: CV Combust\u00edvel: GASOLINA\/\u00c1LCOOL Placa: RLS6G29 Lotado em: C\u00c2MARA MUNICIPAL Renavan: 1250224028 Meses Anteriores Caso\" \/>\n\t\t<meta name=\"twitter:image\" content=\"https:\/\/www.camaracg.pb.gov.br\/transparencia\/wp-content\/uploads\/2023\/01\/img-frot.png\" \/>\n\t\t<script type=\"application\/ld+json\" class=\"aioseo-schema\">\n\t\t\t{\"@context\":\"https:\\\/\\\/schema.org\",\"@graph\":[{\"@type\":\"Article\",\"@id\":\"https:\\\/\\\/www.camaracg.pb.gov.br\\\/transparencia\\\/relatorio-de-abastecimento-dezembro-2022-ford-ka-sedan\\\/#article\",\"name\":\"Relat\\u00f3rio de Abastecimento Dezembro 2022 (Ford KA \\u2013 Sedan) | Portal da Transpar\\u00eancia \\u2022 C\\u00e2mara Municipal de Campina Grande\",\"headline\":\"Relat\\u00f3rio de Abastecimento Dezembro 2022 (Ford KA \\u2013 Sedan)\",\"author\":{\"@id\":\"https:\\\/\\\/www.camaracg.pb.gov.br\\\/transparencia\\\/author\\\/adm\\\/#author\"},\"publisher\":{\"@id\":\"https:\\\/\\\/www.camaracg.pb.gov.br\\\/transparencia\\\/#organization\"},\"image\":{\"@type\":\"ImageObject\",\"url\":\"https:\\\/\\\/www.camaracg.pb.gov.br\\\/transparencia\\\/wp-content\\\/uploads\\\/2023\\\/01\\\/img-frot.png\",\"width\":640,\"height\":430},\"datePublished\":\"2022-12-30T16:55:44-03:00\",\"dateModified\":\"2023-01-23T16:57:42-03:00\",\"inLanguage\":\"pt-BR\",\"mainEntityOfPage\":{\"@id\":\"https:\\\/\\\/www.camaracg.pb.gov.br\\\/transparencia\\\/relatorio-de-abastecimento-dezembro-2022-ford-ka-sedan\\\/#webpage\"},\"isPartOf\":{\"@id\":\"https:\\\/\\\/www.camaracg.pb.gov.br\\\/transparencia\\\/relatorio-de-abastecimento-dezembro-2022-ford-ka-sedan\\\/#webpage\"},\"articleSection\":\"Frota\"},{\"@type\":\"BreadcrumbList\",\"@id\":\"https:\\\/\\\/www.camaracg.pb.gov.br\\\/transparencia\\\/relatorio-de-abastecimento-dezembro-2022-ford-ka-sedan\\\/#breadcrumblist\",\"itemListElement\":[{\"@type\":\"ListItem\",\"@id\":\"https:\\\/\\\/www.camaracg.pb.gov.br\\\/transparencia#listItem\",\"position\":1,\"name\":\"In\\u00edcio\",\"item\":\"https:\\\/\\\/www.camaracg.pb.gov.br\\\/transparencia\",\"nextItem\":{\"@type\":\"ListItem\",\"@id\":\"https:\\\/\\\/www.camaracg.pb.gov.br\\\/transparencia\\\/category\\\/frota\\\/#listItem\",\"name\":\"Frota\"}},{\"@type\":\"ListItem\",\"@id\":\"https:\\\/\\\/www.camaracg.pb.gov.br\\\/transparencia\\\/category\\\/frota\\\/#listItem\",\"position\":2,\"name\":\"Frota\",\"item\":\"https:\\\/\\\/www.camaracg.pb.gov.br\\\/transparencia\\\/category\\\/frota\\\/\",\"nextItem\":{\"@type\":\"ListItem\",\"@id\":\"https:\\\/\\\/www.camaracg.pb.gov.br\\\/transparencia\\\/relatorio-de-abastecimento-dezembro-2022-ford-ka-sedan\\\/#listItem\",\"name\":\"Relat\\u00f3rio de Abastecimento Dezembro 2022 (Ford KA \\u2013 Sedan)\"},\"previousItem\":{\"@type\":\"ListItem\",\"@id\":\"https:\\\/\\\/www.camaracg.pb.gov.br\\\/transparencia#listItem\",\"name\":\"In\\u00edcio\"}},{\"@type\":\"ListItem\",\"@id\":\"https:\\\/\\\/www.camaracg.pb.gov.br\\\/transparencia\\\/relatorio-de-abastecimento-dezembro-2022-ford-ka-sedan\\\/#listItem\",\"position\":3,\"name\":\"Relat\\u00f3rio de Abastecimento Dezembro 2022 (Ford KA \\u2013 Sedan)\",\"previousItem\":{\"@type\":\"ListItem\",\"@id\":\"https:\\\/\\\/www.camaracg.pb.gov.br\\\/transparencia\\\/category\\\/frota\\\/#listItem\",\"name\":\"Frota\"}}]},{\"@type\":\"Organization\",\"@id\":\"https:\\\/\\\/www.camaracg.pb.gov.br\\\/transparencia\\\/#organization\",\"name\":\"Portal da Transpar\\u00eancia \\u2022 C\\u00e2mara Municipal de Campina Grande\",\"description\":\"Bem-vindo ao Portal da Transpar\\u00eancia da C\\u00e2mara Municipal de Campina Grande\",\"url\":\"https:\\\/\\\/www.camaracg.pb.gov.br\\\/transparencia\\\/\",\"logo\":{\"@type\":\"ImageObject\",\"url\":\"https:\\\/\\\/www.camaracg.pb.gov.br\\\/transparencia\\\/wp-content\\\/uploads\\\/2021\\\/01\\\/img-camaracg-1.png\",\"@id\":\"https:\\\/\\\/www.camaracg.pb.gov.br\\\/transparencia\\\/relatorio-de-abastecimento-dezembro-2022-ford-ka-sedan\\\/#organizationLogo\",\"width\":512,\"height\":512},\"image\":{\"@id\":\"https:\\\/\\\/www.camaracg.pb.gov.br\\\/transparencia\\\/relatorio-de-abastecimento-dezembro-2022-ford-ka-sedan\\\/#organizationLogo\"}},{\"@type\":\"Person\",\"@id\":\"https:\\\/\\\/www.camaracg.pb.gov.br\\\/transparencia\\\/author\\\/adm\\\/#author\",\"url\":\"https:\\\/\\\/www.camaracg.pb.gov.br\\\/transparencia\\\/author\\\/adm\\\/\",\"name\":\"admin\",\"image\":{\"@type\":\"ImageObject\",\"@id\":\"https:\\\/\\\/www.camaracg.pb.gov.br\\\/transparencia\\\/relatorio-de-abastecimento-dezembro-2022-ford-ka-sedan\\\/#authorImage\",\"url\":\"https:\\\/\\\/secure.gravatar.com\\\/avatar\\\/35c8e8e3703acf022654ef8a1e5552bf531a2226ec0fac0bc1a59a43b7b28bab?s=96&d=mm&r=g\",\"width\":96,\"height\":96,\"caption\":\"admin\"}},{\"@type\":\"WebPage\",\"@id\":\"https:\\\/\\\/www.camaracg.pb.gov.br\\\/transparencia\\\/relatorio-de-abastecimento-dezembro-2022-ford-ka-sedan\\\/#webpage\",\"url\":\"https:\\\/\\\/www.camaracg.pb.gov.br\\\/transparencia\\\/relatorio-de-abastecimento-dezembro-2022-ford-ka-sedan\\\/\",\"name\":\"Relat\\u00f3rio de Abastecimento Dezembro 2022 (Ford KA \\u2013 Sedan) | Portal da Transpar\\u00eancia \\u2022 C\\u00e2mara Municipal de Campina Grande\",\"description\":\"ESTADO DA PARA\\u00cdBA C\\u00c2MARA MUNICIPAL DE CAMPINA GRANDE Exerc\\u00edcio de 2022 CONTROLE INDIVIDUALIZADO DE BENS OU PRODUTOS UTILIZADOS NO VE\\u00cdCULO DA C\\u00c2MARA Ve\\u00edculo: FORD KA SEDAN Marca: FORD Data de Aquisi\\u00e7\\u00e3o: 24\\\/12\\\/2020 Pot\\u00eancia: 1.5 Ano: 2020 NF. N\\u00ba: 20594 Cilindrada: CV Combust\\u00edvel: GASOLINA\\\/\\u00c1LCOOL Placa: RLS6G29 Lotado em: C\\u00c2MARA MUNICIPAL Renavan: 1250224028 Meses Anteriores Caso\",\"inLanguage\":\"pt-BR\",\"isPartOf\":{\"@id\":\"https:\\\/\\\/www.camaracg.pb.gov.br\\\/transparencia\\\/#website\"},\"breadcrumb\":{\"@id\":\"https:\\\/\\\/www.camaracg.pb.gov.br\\\/transparencia\\\/relatorio-de-abastecimento-dezembro-2022-ford-ka-sedan\\\/#breadcrumblist\"},\"author\":{\"@id\":\"https:\\\/\\\/www.camaracg.pb.gov.br\\\/transparencia\\\/author\\\/adm\\\/#author\"},\"creator\":{\"@id\":\"https:\\\/\\\/www.camaracg.pb.gov.br\\\/transparencia\\\/author\\\/adm\\\/#author\"},\"image\":{\"@type\":\"ImageObject\",\"url\":\"https:\\\/\\\/www.camaracg.pb.gov.br\\\/transparencia\\\/wp-content\\\/uploads\\\/2023\\\/01\\\/img-frot.png\",\"@id\":\"https:\\\/\\\/www.camaracg.pb.gov.br\\\/transparencia\\\/relatorio-de-abastecimento-dezembro-2022-ford-ka-sedan\\\/#mainImage\",\"width\":640,\"height\":430},\"primaryImageOfPage\":{\"@id\":\"https:\\\/\\\/www.camaracg.pb.gov.br\\\/transparencia\\\/relatorio-de-abastecimento-dezembro-2022-ford-ka-sedan\\\/#mainImage\"},\"datePublished\":\"2022-12-30T16:55:44-03:00\",\"dateModified\":\"2023-01-23T16:57:42-03:00\"},{\"@type\":\"WebSite\",\"@id\":\"https:\\\/\\\/www.camaracg.pb.gov.br\\\/transparencia\\\/#website\",\"url\":\"https:\\\/\\\/www.camaracg.pb.gov.br\\\/transparencia\\\/\",\"name\":\"Portal da Transpar\\u00eancia \\u2022 C\\u00e2mara Municipal de Campina Grande\",\"description\":\"Bem-vindo ao Portal da Transpar\\u00eancia da C\\u00e2mara Municipal de Campina Grande\",\"inLanguage\":\"pt-BR\",\"publisher\":{\"@id\":\"https:\\\/\\\/www.camaracg.pb.gov.br\\\/transparencia\\\/#organization\"}}]}\n\t\t<\/script>\n\t\t<!-- All in One SEO -->\n\n","aioseo_head_json":{"title":"Relat\u00f3rio de Abastecimento Dezembro 2022 (Ford KA \u2013 Sedan) | Portal da Transpar\u00eancia \u2022 C\u00e2mara Municipal de Campina Grande","description":"ESTADO DA PARA\u00cdBA C\u00c2MARA MUNICIPAL DE CAMPINA GRANDE Exerc\u00edcio de 2022 CONTROLE INDIVIDUALIZADO DE BENS OU PRODUTOS UTILIZADOS NO VE\u00cdCULO DA C\u00c2MARA Ve\u00edculo: FORD KA SEDAN Marca: FORD Data de Aquisi\u00e7\u00e3o: 24\/12\/2020 Pot\u00eancia: 1.5 Ano: 2020 NF. N\u00ba: 20594 Cilindrada: CV Combust\u00edvel: GASOLINA\/\u00c1LCOOL Placa: RLS6G29 Lotado em: C\u00c2MARA MUNICIPAL Renavan: 1250224028 Meses Anteriores Caso","canonical_url":"https:\/\/www.camaracg.pb.gov.br\/transparencia\/relatorio-de-abastecimento-dezembro-2022-ford-ka-sedan\/","robots":"max-image-preview:large","keywords":"","webmasterTools":{"miscellaneous":""},"schema":{"@context":"https:\/\/schema.org","@graph":[{"@type":"Article","@id":"https:\/\/www.camaracg.pb.gov.br\/transparencia\/relatorio-de-abastecimento-dezembro-2022-ford-ka-sedan\/#article","name":"Relat\u00f3rio de Abastecimento Dezembro 2022 (Ford KA \u2013 Sedan) | Portal da Transpar\u00eancia \u2022 C\u00e2mara Municipal de Campina Grande","headline":"Relat\u00f3rio de Abastecimento Dezembro 2022 (Ford KA \u2013 Sedan)","author":{"@id":"https:\/\/www.camaracg.pb.gov.br\/transparencia\/author\/adm\/#author"},"publisher":{"@id":"https:\/\/www.camaracg.pb.gov.br\/transparencia\/#organization"},"image":{"@type":"ImageObject","url":"https:\/\/www.camaracg.pb.gov.br\/transparencia\/wp-content\/uploads\/2023\/01\/img-frot.png","width":640,"height":430},"datePublished":"2022-12-30T16:55:44-03:00","dateModified":"2023-01-23T16:57:42-03:00","inLanguage":"pt-BR","mainEntityOfPage":{"@id":"https:\/\/www.camaracg.pb.gov.br\/transparencia\/relatorio-de-abastecimento-dezembro-2022-ford-ka-sedan\/#webpage"},"isPartOf":{"@id":"https:\/\/www.camaracg.pb.gov.br\/transparencia\/relatorio-de-abastecimento-dezembro-2022-ford-ka-sedan\/#webpage"},"articleSection":"Frota"},{"@type":"BreadcrumbList","@id":"https:\/\/www.camaracg.pb.gov.br\/transparencia\/relatorio-de-abastecimento-dezembro-2022-ford-ka-sedan\/#breadcrumblist","itemListElement":[{"@type":"ListItem","@id":"https:\/\/www.camaracg.pb.gov.br\/transparencia#listItem","position":1,"name":"In\u00edcio","item":"https:\/\/www.camaracg.pb.gov.br\/transparencia","nextItem":{"@type":"ListItem","@id":"https:\/\/www.camaracg.pb.gov.br\/transparencia\/category\/frota\/#listItem","name":"Frota"}},{"@type":"ListItem","@id":"https:\/\/www.camaracg.pb.gov.br\/transparencia\/category\/frota\/#listItem","position":2,"name":"Frota","item":"https:\/\/www.camaracg.pb.gov.br\/transparencia\/category\/frota\/","nextItem":{"@type":"ListItem","@id":"https:\/\/www.camaracg.pb.gov.br\/transparencia\/relatorio-de-abastecimento-dezembro-2022-ford-ka-sedan\/#listItem","name":"Relat\u00f3rio de Abastecimento Dezembro 2022 (Ford KA \u2013 Sedan)"},"previousItem":{"@type":"ListItem","@id":"https:\/\/www.camaracg.pb.gov.br\/transparencia#listItem","name":"In\u00edcio"}},{"@type":"ListItem","@id":"https:\/\/www.camaracg.pb.gov.br\/transparencia\/relatorio-de-abastecimento-dezembro-2022-ford-ka-sedan\/#listItem","position":3,"name":"Relat\u00f3rio de Abastecimento Dezembro 2022 (Ford KA \u2013 Sedan)","previousItem":{"@type":"ListItem","@id":"https:\/\/www.camaracg.pb.gov.br\/transparencia\/category\/frota\/#listItem","name":"Frota"}}]},{"@type":"Organization","@id":"https:\/\/www.camaracg.pb.gov.br\/transparencia\/#organization","name":"Portal da Transpar\u00eancia \u2022 C\u00e2mara Municipal de Campina Grande","description":"Bem-vindo ao Portal da Transpar\u00eancia da C\u00e2mara Municipal de Campina Grande","url":"https:\/\/www.camaracg.pb.gov.br\/transparencia\/","logo":{"@type":"ImageObject","url":"https:\/\/www.camaracg.pb.gov.br\/transparencia\/wp-content\/uploads\/2021\/01\/img-camaracg-1.png","@id":"https:\/\/www.camaracg.pb.gov.br\/transparencia\/relatorio-de-abastecimento-dezembro-2022-ford-ka-sedan\/#organizationLogo","width":512,"height":512},"image":{"@id":"https:\/\/www.camaracg.pb.gov.br\/transparencia\/relatorio-de-abastecimento-dezembro-2022-ford-ka-sedan\/#organizationLogo"}},{"@type":"Person","@id":"https:\/\/www.camaracg.pb.gov.br\/transparencia\/author\/adm\/#author","url":"https:\/\/www.camaracg.pb.gov.br\/transparencia\/author\/adm\/","name":"admin","image":{"@type":"ImageObject","@id":"https:\/\/www.camaracg.pb.gov.br\/transparencia\/relatorio-de-abastecimento-dezembro-2022-ford-ka-sedan\/#authorImage","url":"https:\/\/secure.gravatar.com\/avatar\/35c8e8e3703acf022654ef8a1e5552bf531a2226ec0fac0bc1a59a43b7b28bab?s=96&d=mm&r=g","width":96,"height":96,"caption":"admin"}},{"@type":"WebPage","@id":"https:\/\/www.camaracg.pb.gov.br\/transparencia\/relatorio-de-abastecimento-dezembro-2022-ford-ka-sedan\/#webpage","url":"https:\/\/www.camaracg.pb.gov.br\/transparencia\/relatorio-de-abastecimento-dezembro-2022-ford-ka-sedan\/","name":"Relat\u00f3rio de Abastecimento Dezembro 2022 (Ford KA \u2013 Sedan) | Portal da Transpar\u00eancia \u2022 C\u00e2mara Municipal de Campina Grande","description":"ESTADO DA PARA\u00cdBA C\u00c2MARA MUNICIPAL DE CAMPINA GRANDE Exerc\u00edcio de 2022 CONTROLE INDIVIDUALIZADO DE BENS OU PRODUTOS UTILIZADOS NO VE\u00cdCULO DA C\u00c2MARA Ve\u00edculo: FORD KA SEDAN Marca: FORD Data de Aquisi\u00e7\u00e3o: 24\/12\/2020 Pot\u00eancia: 1.5 Ano: 2020 NF. N\u00ba: 20594 Cilindrada: CV Combust\u00edvel: GASOLINA\/\u00c1LCOOL Placa: RLS6G29 Lotado em: C\u00c2MARA MUNICIPAL Renavan: 1250224028 Meses Anteriores Caso","inLanguage":"pt-BR","isPartOf":{"@id":"https:\/\/www.camaracg.pb.gov.br\/transparencia\/#website"},"breadcrumb":{"@id":"https:\/\/www.camaracg.pb.gov.br\/transparencia\/relatorio-de-abastecimento-dezembro-2022-ford-ka-sedan\/#breadcrumblist"},"author":{"@id":"https:\/\/www.camaracg.pb.gov.br\/transparencia\/author\/adm\/#author"},"creator":{"@id":"https:\/\/www.camaracg.pb.gov.br\/transparencia\/author\/adm\/#author"},"image":{"@type":"ImageObject","url":"https:\/\/www.camaracg.pb.gov.br\/transparencia\/wp-content\/uploads\/2023\/01\/img-frot.png","@id":"https:\/\/www.camaracg.pb.gov.br\/transparencia\/relatorio-de-abastecimento-dezembro-2022-ford-ka-sedan\/#mainImage","width":640,"height":430},"primaryImageOfPage":{"@id":"https:\/\/www.camaracg.pb.gov.br\/transparencia\/relatorio-de-abastecimento-dezembro-2022-ford-ka-sedan\/#mainImage"},"datePublished":"2022-12-30T16:55:44-03:00","dateModified":"2023-01-23T16:57:42-03:00"},{"@type":"WebSite","@id":"https:\/\/www.camaracg.pb.gov.br\/transparencia\/#website","url":"https:\/\/www.camaracg.pb.gov.br\/transparencia\/","name":"Portal da Transpar\u00eancia \u2022 C\u00e2mara Municipal de Campina Grande","description":"Bem-vindo ao Portal da Transpar\u00eancia da C\u00e2mara Municipal de Campina Grande","inLanguage":"pt-BR","publisher":{"@id":"https:\/\/www.camaracg.pb.gov.br\/transparencia\/#organization"}}]},"og:locale":"pt_BR","og:site_name":"Portal da Transpar\u00eancia \u2022 C\u00e2mara Municipal de Campina Grande","og:type":"article","og:title":"Relat\u00f3rio de Abastecimento Dezembro 2022 (Ford KA \u2013 Sedan) | Portal da Transpar\u00eancia \u2022 C\u00e2mara Municipal de Campina Grande","og:description":"ESTADO DA PARA\u00cdBA C\u00c2MARA MUNICIPAL DE CAMPINA GRANDE Exerc\u00edcio de 2022 CONTROLE INDIVIDUALIZADO DE BENS OU PRODUTOS UTILIZADOS NO VE\u00cdCULO DA C\u00c2MARA Ve\u00edculo: FORD KA SEDAN Marca: FORD Data de Aquisi\u00e7\u00e3o: 24\/12\/2020 Pot\u00eancia: 1.5 Ano: 2020 NF. N\u00ba: 20594 Cilindrada: CV Combust\u00edvel: GASOLINA\/\u00c1LCOOL Placa: RLS6G29 Lotado em: C\u00c2MARA MUNICIPAL Renavan: 1250224028 Meses Anteriores Caso","og:url":"https:\/\/www.camaracg.pb.gov.br\/transparencia\/relatorio-de-abastecimento-dezembro-2022-ford-ka-sedan\/","og:image":"https:\/\/www.camaracg.pb.gov.br\/transparencia\/wp-content\/uploads\/2023\/01\/img-frot.png","og:image:secure_url":"https:\/\/www.camaracg.pb.gov.br\/transparencia\/wp-content\/uploads\/2023\/01\/img-frot.png","og:image:width":640,"og:image:height":430,"article:published_time":"2022-12-30T19:55:44+00:00","article:modified_time":"2023-01-23T19:57:42+00:00","twitter:card":"summary","twitter:title":"Relat\u00f3rio de Abastecimento Dezembro 2022 (Ford KA \u2013 Sedan) | Portal da Transpar\u00eancia \u2022 C\u00e2mara Municipal de Campina Grande","twitter:description":"ESTADO DA PARA\u00cdBA C\u00c2MARA MUNICIPAL DE CAMPINA GRANDE Exerc\u00edcio de 2022 CONTROLE INDIVIDUALIZADO DE BENS OU PRODUTOS UTILIZADOS NO VE\u00cdCULO DA C\u00c2MARA Ve\u00edculo: FORD KA SEDAN Marca: FORD Data de Aquisi\u00e7\u00e3o: 24\/12\/2020 Pot\u00eancia: 1.5 Ano: 2020 NF. N\u00ba: 20594 Cilindrada: CV Combust\u00edvel: GASOLINA\/\u00c1LCOOL Placa: RLS6G29 Lotado em: C\u00c2MARA MUNICIPAL Renavan: 1250224028 Meses Anteriores Caso","twitter:image":"https:\/\/www.camaracg.pb.gov.br\/transparencia\/wp-content\/uploads\/2023\/01\/img-frot.png"},"aioseo_meta_data":{"post_id":"2659","title":null,"description":null,"keywords":[],"keyphrases":{"focus":{"keyphrase":"","score":0,"analysis":{"keyphraseInTitle":{"score":0,"maxScore":9,"error":1}}},"additional":[]},"primary_term":null,"canonical_url":null,"og_title":null,"og_description":null,"og_object_type":"default","og_image_type":"default","og_image_url":null,"og_image_width":null,"og_image_height":null,"og_image_custom_url":null,"og_image_custom_fields":null,"og_video":"","og_custom_url":null,"og_article_section":null,"og_article_tags":[],"twitter_use_og":false,"twitter_card":"default","twitter_image_type":"default","twitter_image_url":null,"twitter_image_custom_url":null,"twitter_image_custom_fields":null,"twitter_title":null,"twitter_description":null,"schema":{"blockGraphs":[],"customGraphs":[],"default":{"data":{"Article":[],"Course":[],"Dataset":[],"FAQPage":[],"Movie":[],"Person":[],"Product":[],"ProductReview":[],"Car":[],"Recipe":[],"Service":[],"SoftwareApplication":[],"WebPage":[]},"graphName":"Article","isEnabled":true},"graphs":[]},"schema_type":"default","schema_type_options":null,"pillar_content":false,"robots_default":true,"robots_noindex":false,"robots_noarchive":false,"robots_nosnippet":false,"robots_nofollow":false,"robots_noimageindex":false,"robots_noodp":false,"robots_notranslate":false,"robots_max_snippet":"-1","robots_max_videopreview":"-1","robots_max_imagepreview":"large","priority":null,"frequency":"default","local_seo":null,"breadcrumb_settings":null,"limit_modified_date":false,"ai":null,"created":"2023-01-23 19:55:44","updated":"2025-07-14 13:09:02","seo_analyzer_scan_date":null},"_links":{"self":[{"href":"https:\/\/www.camaracg.pb.gov.br\/transparencia\/wp-json\/wp\/v2\/posts\/2659","targetHints":{"allow":["GET"]}}],"collection":[{"href":"https:\/\/www.camaracg.pb.gov.br\/transparencia\/wp-json\/wp\/v2\/posts"}],"about":[{"href":"https:\/\/www.camaracg.pb.gov.br\/transparencia\/wp-json\/wp\/v2\/types\/post"}],"author":[{"embeddable":true,"href":"https:\/\/www.camaracg.pb.gov.br\/transparencia\/wp-json\/wp\/v2\/users\/1"}],"replies":[{"embeddable":true,"href":"https:\/\/www.camaracg.pb.gov.br\/transparencia\/wp-json\/wp\/v2\/comments?post=2659"}],"version-history":[{"count":1,"href":"https:\/\/www.camaracg.pb.gov.br\/transparencia\/wp-json\/wp\/v2\/posts\/2659\/revisions"}],"predecessor-version":[{"id":2660,"href":"https:\/\/www.camaracg.pb.gov.br\/transparencia\/wp-json\/wp\/v2\/posts\/2659\/revisions\/2660"}],"wp:featuredmedia":[{"embeddable":true,"href":"https:\/\/www.camaracg.pb.gov.br\/transparencia\/wp-json\/wp\/v2\/media\/2632"}],"wp:attachment":[{"href":"https:\/\/www.camaracg.pb.gov.br\/transparencia\/wp-json\/wp\/v2\/media?parent=2659"}],"wp:term":[{"taxonomy":"category","embeddable":true,"href":"https:\/\/www.camaracg.pb.gov.br\/transparencia\/wp-json\/wp\/v2\/categories?post=2659"},{"taxonomy":"post_tag","embeddable":true,"href":"https:\/\/www.camaracg.pb.gov.br\/transparencia\/wp-json\/wp\/v2\/tags?post=2659"}],"curies":[{"name":"wp","href":"https:\/\/api.w.org\/{rel}","templated":true}]}}