{"id":2977,"date":"2021-01-01T13:14:27","date_gmt":"2021-01-01T16:14:27","guid":{"rendered":"https:\/\/www.camaracg.pb.gov.br\/transparencia\/?p=2977"},"modified":"2024-02-16T13:15:39","modified_gmt":"2024-02-16T16:15:39","slug":"semanarios-2021","status":"publish","type":"post","link":"https:\/\/www.camaracg.pb.gov.br\/transparencia\/semanarios-2021\/","title":{"rendered":"Seman\u00e1rios 2021"},"content":{"rendered":"<h2 id=\"tablepress-64-name\" class=\"tablepress-table-name tablepress-table-name-id-64\">Seman\u00e1rios 2021<\/h2>\n\n<table id=\"tablepress-64\" class=\"tablepress tablepress-id-64\" aria-labelledby=\"tablepress-64-name\">\n<thead>\n<tr class=\"row-1\">\n\t<th class=\"column-1\">Ano<\/th><th class=\"column-2\">N\u00famero<\/th><th class=\"column-3\">Per\u00edodo de Publica\u00e7\u00e3o<\/th><th class=\"column-4\">Documento<\/th>\n<\/tr>\n<\/thead>\n<tbody class=\"row-striping row-hover\">\n<tr class=\"row-2\">\n\t<td class=\"column-1\">2021<\/td><td class=\"column-2\">011<\/td><td class=\"column-3\">13\/12\/2021 \u00e0 17\/12\/2021<\/td><td class=\"column-4\"><a href=\"https:\/\/www.camaracg.pb.gov.br\/transparencia\/wp-content\/uploads\/2021\/12\/SEMANARIO011-2021-13A17DEZEMBRO.pdf\">Ver Anexo<\/a><br \/>\n<\/td>\n<\/tr>\n<tr class=\"row-3\">\n\t<td class=\"column-1\">2021<\/td><td class=\"column-2\">010<\/td><td class=\"column-3\">06\/12\/2021 \u00e0 10\/12\/2021<\/td><td class=\"column-4\"><a href=\"https:\/\/www.camaracg.pb.gov.br\/transparencia\/wp-content\/uploads\/2021\/12\/SEMANARIO010-2021-06A10DEZEMBRO.pdf\">Ver Anexo<\/a><br \/>\n<\/td>\n<\/tr>\n<tr class=\"row-4\">\n\t<td class=\"column-1\">2021<\/td><td class=\"column-2\">009<\/td><td class=\"column-3\">11\/10\/2021 \u00e0 15\/10\/2021<\/td><td class=\"column-4\"><a href=\"https:\/\/www.camaracg.pb.gov.br\/transparencia\/wp-content\/uploads\/2021\/10\/SEMANARIO009-2021-11A15OUTUBRO.pdf\" target=\"_blank\" rel=\"noopener noreferrer\">Ver Anexo<\/a><br \/>\n<\/td>\n<\/tr>\n<tr class=\"row-5\">\n\t<td class=\"column-1\">2021<\/td><td class=\"column-2\">008<\/td><td class=\"column-3\">20\/09\/2021 \u00e0 24\/09\/2021<\/td><td class=\"column-4\"><a href=\"https:\/\/www.camaracg.pb.gov.br\/transparencia\/wp-content\/uploads\/2021\/09\/SEMANARIO008-2021-20A24SETEMBRO.pdf\" target=\"_blank\" rel=\"noopener noreferrer\">Ver Anexo<\/a><br \/>\n<\/td>\n<\/tr>\n<tr class=\"row-6\">\n\t<td class=\"column-1\">2021<\/td><td class=\"column-2\">007<\/td><td class=\"column-3\">23\/08\/2021 \u00e0 27\/08\/2021<\/td><td class=\"column-4\"><a href=\"https:\/\/www.camaracg.pb.gov.br\/transparencia\/wp-content\/uploads\/2021\/08\/SEMANARIO007-2021_23A27AGOSTO.pdf\" target=\"_blank\" rel=\"noopener noreferrer\">Ver Anexo<\/a><br \/>\n<\/td>\n<\/tr>\n<tr class=\"row-7\">\n\t<td class=\"column-1\">2021<\/td><td class=\"column-2\">006<\/td><td class=\"column-3\">16\/08\/2021 \u00e0 20\/08\/2021<\/td><td class=\"column-4\"><a href=\"https:\/\/www.camaracg.pb.gov.br\/transparencia\/wp-content\/uploads\/2021\/08\/SEMANARIO006-2021_16A20AGOSTO.pdf\" target=\"_blank\" rel=\"noopener noreferrer\">Ver Anexo<\/a><br \/>\n<\/td>\n<\/tr>\n<tr class=\"row-8\">\n\t<td class=\"column-1\">2021<\/td><td class=\"column-2\">005<\/td><td class=\"column-3\">19\/07\/2021 \u00e0 23\/07\/2021<\/td><td class=\"column-4\"><a href=\"https:\/\/www.camaracg.pb.gov.br\/transparencia\/wp-content\/uploads\/2021\/07\/SEMANARIO005-2021_19A23JULHO.pdf\" target=\"_blank\" rel=\"noopener noreferrer\">Ver Anexo<\/a><br \/>\n<\/td>\n<\/tr>\n<tr class=\"row-9\">\n\t<td class=\"column-1\">2021<\/td><td class=\"column-2\">004<\/td><td class=\"column-3\">21\/06\/2021 \u00e0 25\/06\/2021<\/td><td class=\"column-4\"><a href=\"https:\/\/www.camaracg.pb.gov.br\/transparencia\/wp-content\/uploads\/2021\/06\/SEMANARIO004-2021_21A25JUNHO.pdf\" target=\"_blank\" rel=\"noopener noreferrer\">Ver Anexo<\/a><br \/>\n<\/td>\n<\/tr>\n<tr class=\"row-10\">\n\t<td class=\"column-1\">2021<\/td><td class=\"column-2\">003<\/td><td class=\"column-3\">24\/05\/2021 \u00e0 28\/05\/2021<\/td><td class=\"column-4\"><a href=\"https:\/\/www.camaracg.pb.gov.br\/transparencia\/wp-content\/uploads\/2021\/05\/SEMANARIO003-2021_24A28MAIO.pdf\" target=\"_blank\" rel=\"noopener noreferrer\">Ver Anexo<\/a><br \/>\n<\/td>\n<\/tr>\n<tr class=\"row-11\">\n\t<td class=\"column-1\">2021<\/td><td class=\"column-2\">002<\/td><td class=\"column-3\">17\/05\/2021 \u00e0 21\/05\/2021<br \/>\n<br \/>\n18\/05\/2021<br \/>\n<br \/>\n<\/td><td class=\"column-4\"><a href=\"https:\/\/www.camaracg.pb.gov.br\/transparencia\/wp-content\/uploads\/2021\/05\/SEMANARIO002-2021_17A21MAIO.pdf\" target=\"_blank\" rel=\"noopener noreferrer\">Ver Anexo<\/a><br \/>\n<br \/>\n<a href=\"https:\/\/www.camaracg.pb.gov.br\/transparencia\/wp-content\/uploads\/2021\/05\/SEPARATA-2021_18MAIO.pdf\" target=\"_blank\" rel=\"noopener noreferrer\">Ver Anexo<\/a><br \/>\n<br \/>\n<br \/>\n<\/td>\n<\/tr>\n<tr class=\"row-12\">\n\t<td class=\"column-1\">2021<\/td><td class=\"column-2\">001<\/td><td class=\"column-3\">01\/01\/2021 \u00e0 08\/01\/2021<\/td><td class=\"column-4\"><a href=\"https:\/\/www.camaracg.pb.gov.br\/transparencia\/wp-content\/uploads\/2021\/01\/SEMANARIO001-2021_01A08JANEIRO.pdf\" target=\"_blank\" rel=\"noopener noreferrer\">Ver Anexo<\/a><br \/>\n<\/td>\n<\/tr>\n<\/tbody>\n<\/table>\n<!-- #tablepress-64 from cache -->\n<p>Caso n\u00e3o tenha o <strong>Adobe Reader<\/strong> instalado em sua m\u00e1quina basta realizar o download gratuitamente clicando <strong><a href=\"https:\/\/get.adobe.com\/br\/reader\" target=\"_blank\" rel=\"noopener noreferrer\">aqui<\/a><\/strong><\/p>\n<pre>A C\u00e2mara Municipal de Campina Grande tamb\u00e9m est\u00e1 no Portal da Transpar\u00eancia do Tribunal de Contas do Estado da Para\u00edba (TCE-PB), que disponibiliza, em tempo real, informa\u00e7\u00f5es pormenorizadas sobre a execu\u00e7\u00e3o Or\u00e7ament\u00e1ria e Financeira.<\/pre>\n","protected":false},"excerpt":{"rendered":"<p>Caso n\u00e3o tenha o Adobe Reader instalado em sua m\u00e1quina basta realizar o download gratuitamente clicando aqui A C\u00e2mara Municipal de Campina Grande tamb\u00e9m est\u00e1 no Portal da Transpar\u00eancia do Tribunal de Contas do Estado da Para\u00edba (TCE-PB), que disponibiliza, &hellip; <a class=\"kt-excerpt-readmore\" href=\"https:\/\/www.camaracg.pb.gov.br\/transparencia\/semanarios-2021\/\" aria-label=\"Seman\u00e1rios 2021\">leia mais<\/a><\/p>\n","protected":false},"author":5,"featured_media":2637,"comment_status":"closed","ping_status":"closed","sticky":false,"template":"","format":"standard","meta":{"footnotes":""},"categories":[44],"tags":[],"class_list":["post-2977","post","type-post","status-publish","format-standard","has-post-thumbnail","hentry","category-semanarios"],"aioseo_notices":[],"_links":{"self":[{"href":"https:\/\/www.camaracg.pb.gov.br\/transparencia\/wp-json\/wp\/v2\/posts\/2977","targetHints":{"allow":["GET"]}}],"collection":[{"href":"https:\/\/www.camaracg.pb.gov.br\/transparencia\/wp-json\/wp\/v2\/posts"}],"about":[{"href":"https:\/\/www.camaracg.pb.gov.br\/transparencia\/wp-json\/wp\/v2\/types\/post"}],"author":[{"embeddable":true,"href":"https:\/\/www.camaracg.pb.gov.br\/transparencia\/wp-json\/wp\/v2\/users\/5"}],"replies":[{"embeddable":true,"href":"https:\/\/www.camaracg.pb.gov.br\/transparencia\/wp-json\/wp\/v2\/comments?post=2977"}],"version-history":[{"count":1,"href":"https:\/\/www.camaracg.pb.gov.br\/transparencia\/wp-json\/wp\/v2\/posts\/2977\/revisions"}],"predecessor-version":[{"id":2978,"href":"https:\/\/www.camaracg.pb.gov.br\/transparencia\/wp-json\/wp\/v2\/posts\/2977\/revisions\/2978"}],"wp:featuredmedia":[{"embeddable":true,"href":"https:\/\/www.camaracg.pb.gov.br\/transparencia\/wp-json\/wp\/v2\/media\/2637"}],"wp:attachment":[{"href":"https:\/\/www.camaracg.pb.gov.br\/transparencia\/wp-json\/wp\/v2\/media?parent=2977"}],"wp:term":[{"taxonomy":"category","embeddable":true,"href":"https:\/\/www.camaracg.pb.gov.br\/transparencia\/wp-json\/wp\/v2\/categories?post=2977"},{"taxonomy":"post_tag","embeddable":true,"href":"https:\/\/www.camaracg.pb.gov.br\/transparencia\/wp-json\/wp\/v2\/tags?post=2977"}],"curies":[{"name":"wp","href":"https:\/\/api.w.org\/{rel}","templated":true}]}}