{"id":2980,"date":"2019-02-11T13:15:57","date_gmt":"2019-02-11T16:15:57","guid":{"rendered":"https:\/\/www.camaracg.pb.gov.br\/transparencia\/?p=2980"},"modified":"2024-02-16T13:26:23","modified_gmt":"2024-02-16T16:26:23","slug":"semanarios-2019","status":"publish","type":"post","link":"https:\/\/www.camaracg.pb.gov.br\/transparencia\/semanarios-2019\/","title":{"rendered":"Seman\u00e1rios 2019"},"content":{"rendered":"<h2 id=\"tablepress-62-name\" class=\"tablepress-table-name tablepress-table-name-id-62\">Seman\u00e1rio 2019<\/h2>\n\n<table id=\"tablepress-62\" class=\"tablepress tablepress-id-62\" aria-labelledby=\"tablepress-62-name\">\n<thead>\n<tr class=\"row-1\">\n\t<th class=\"column-1\"><span style=\"color: #000000;\">Ano<\/span><\/th><th class=\"column-2\"><span style=\"color: #000000;\">M\u00eas<\/span><\/th><th class=\"column-3\"><span style=\"color: #000000;\">Per\u00edodo de Publica\u00e7\u00e3o<\/span><\/th><th class=\"column-4\"><span style=\"color: #000000;\">Documento<\/span><\/th>\n<\/tr>\n<\/thead>\n<tbody class=\"row-striping row-hover\">\n<tr class=\"row-2\">\n\t<td class=\"column-1\">2019<\/td><td class=\"column-2\">12<\/td><td class=\"column-3\">09\/12\/2019 \u00e0 13\/12\/2019<\/td><td class=\"column-4\"><a href=\"https:\/\/www.camaracg.pb.gov.br\/wp-content\/uploads\/2019\/12\/SEMAN\u00c1RIO-OFICIAL-DE-09-\u00c0-13-DE-DEZEMBRO-de-2019.pdf\">Ver Anexo<\/a><\/td>\n<\/tr>\n<tr class=\"row-3\">\n\t<td class=\"column-1\">2019<\/td><td class=\"column-2\">12<\/td><td class=\"column-3\">02\/12\/2019 \u00e0 06\/12\/2019<\/td><td class=\"column-4\"><a href=\"https:\/\/www.camaracg.pb.gov.br\/wp-content\/uploads\/2019\/12\/SEMANARIO-OFICIAL-DE-02-A-06-DE-DEZEMBRO-de-2019.pdf\">Ver Anexo<\/a><\/td>\n<\/tr>\n<tr class=\"row-4\">\n\t<td class=\"column-1\">2019<\/td><td class=\"column-2\">09<\/td><td class=\"column-3\">09\/09\/2019 \u00e0 13\/09\/2019<\/td><td class=\"column-4\"><a href=\"https:\/\/www.camaracg.pb.gov.br\/wp-content\/uploads\/2019\/09\/SEMAN\u00c1RIO-OFICIAL-DE-DE-09-A-13-DE-SETEMBRO-DE-2019.pdf\">Ver Anexo<\/a><\/td>\n<\/tr>\n<tr class=\"row-5\">\n\t<td class=\"column-1\">2019<\/td><td class=\"column-2\">08<\/td><td class=\"column-3\">26\/08\/2019 \u00e0 30\/08\/2019<\/td><td class=\"column-4\"><a href=\"https:\/\/www.camaracg.pb.gov.br\/wp-content\/uploads\/2019\/09\/SEMAN\u00c1RIO-OFICIAL-DE-DE-26-a-30-DE-AGOSTO-DE-2019.pdf\">Ver Anexo<\/a><\/td>\n<\/tr>\n<tr class=\"row-6\">\n\t<td class=\"column-1\">2019<\/td><td class=\"column-2\">08<\/td><td class=\"column-3\">13\/08\/2019 \u00e0 16\/08\/2019<\/td><td class=\"column-4\"><a href=\"https:\/\/www.camaracg.pb.gov.br\/wp-content\/uploads\/2019\/08\/SEMAN\u00c1RIO-OFICIAL-DE-13-A-16-DE-AGOSTO-DE-2019.pdf\">Ver Anexo<\/a><\/td>\n<\/tr>\n<tr class=\"row-7\">\n\t<td class=\"column-1\">2019<\/td><td class=\"column-2\">08<\/td><td class=\"column-3\">05\/08\/2019 \u00e0 09\/08\/2019<\/td><td class=\"column-4\"><a href=\"https:\/\/www.camaracg.pb.gov.br\/wp-content\/uploads\/2019\/08\/SEMAN\u00c1RIO-OFICIAL-DE-DE-05-A-09-DE-AGOSTO-DE-2019.pdf\">Ver Anexo<\/a><\/td>\n<\/tr>\n<tr class=\"row-8\">\n\t<td class=\"column-1\">2019<\/td><td class=\"column-2\">07\/08<\/td><td class=\"column-3\">29\/07\/2019 \u00e0 02\/08\/2019<\/td><td class=\"column-4\"><a href=\"https:\/\/www.camaracg.pb.gov.br\/wp-content\/uploads\/2019\/08\/SEMAN\u00c1RIO-OFICIAL-DE-29-JULHO-\u00c0-02-de-AGOSTO-DE-2019.pdf\">Ver Anexo<\/a><\/td>\n<\/tr>\n<tr class=\"row-9\">\n\t<td class=\"column-1\">2019<\/td><td class=\"column-2\">06<\/td><td class=\"column-3\">03\/06\/2019 \u00e0 07\/06\/2019<\/td><td class=\"column-4\"><a href=\"https:\/\/www.camaracg.pb.gov.br\/wp-content\/uploads\/2019\/06\/SEMANARIO-OFICIAL-DE-03-a-07-de-JUNHO-DE-2019.pdf\">Ver Anexo<\/a><\/td>\n<\/tr>\n<tr class=\"row-10\">\n\t<td class=\"column-1\">2019<\/td><td class=\"column-2\">02<\/td><td class=\"column-3\">11\/02\/2019 \u00e0 15\/02\/2019<\/td><td class=\"column-4\"><a href=\"https:\/\/www.camaracg.pb.gov.br\/wp-content\/uploads\/2019\/02\/SEMAN\u00c1RIO-OFICIAL-DE-11-A-15-DE-FEVEREIRO-DE-2019-edit.pdf\">Ver Anexo<\/a><\/td>\n<\/tr>\n<\/tbody>\n<\/table>\n<!-- #tablepress-62 from cache -->\n<p>Caso n\u00e3o tenha o <strong>Adobe Reader<\/strong> instalado em sua m\u00e1quina basta realizar o download gratuitamente clicando <strong><a href=\"https:\/\/get.adobe.com\/br\/reader\" target=\"_blank\" rel=\"noopener noreferrer\">aqui<\/a><\/strong><\/p>\n<pre>A C\u00e2mara Municipal de Campina Grande tamb\u00e9m est\u00e1 no Portal da Transpar\u00eancia do Tribunal de Contas do Estado da Para\u00edba (TCE-PB), que disponibiliza, em tempo real, informa\u00e7\u00f5es pormenorizadas sobre a execu\u00e7\u00e3o Or\u00e7ament\u00e1ria e Financeira.<\/pre>\n","protected":false},"excerpt":{"rendered":"<p>Caso n\u00e3o tenha o Adobe Reader instalado em sua m\u00e1quina basta realizar o download gratuitamente clicando aqui A C\u00e2mara Municipal de Campina Grande tamb\u00e9m est\u00e1 no Portal da Transpar\u00eancia do Tribunal de Contas do Estado da Para\u00edba (TCE-PB), que disponibiliza, &hellip; <a class=\"kt-excerpt-readmore\" href=\"https:\/\/www.camaracg.pb.gov.br\/transparencia\/semanarios-2019\/\" aria-label=\"Seman\u00e1rios 2019\">leia mais<\/a><\/p>\n","protected":false},"author":5,"featured_media":2637,"comment_status":"closed","ping_status":"closed","sticky":false,"template":"","format":"standard","meta":{"footnotes":""},"categories":[44],"tags":[],"class_list":["post-2980","post","type-post","status-publish","format-standard","has-post-thumbnail","hentry","category-semanarios"],"aioseo_notices":[],"_links":{"self":[{"href":"https:\/\/www.camaracg.pb.gov.br\/transparencia\/wp-json\/wp\/v2\/posts\/2980","targetHints":{"allow":["GET"]}}],"collection":[{"href":"https:\/\/www.camaracg.pb.gov.br\/transparencia\/wp-json\/wp\/v2\/posts"}],"about":[{"href":"https:\/\/www.camaracg.pb.gov.br\/transparencia\/wp-json\/wp\/v2\/types\/post"}],"author":[{"embeddable":true,"href":"https:\/\/www.camaracg.pb.gov.br\/transparencia\/wp-json\/wp\/v2\/users\/5"}],"replies":[{"embeddable":true,"href":"https:\/\/www.camaracg.pb.gov.br\/transparencia\/wp-json\/wp\/v2\/comments?post=2980"}],"version-history":[{"count":1,"href":"https:\/\/www.camaracg.pb.gov.br\/transparencia\/wp-json\/wp\/v2\/posts\/2980\/revisions"}],"predecessor-version":[{"id":2989,"href":"https:\/\/www.camaracg.pb.gov.br\/transparencia\/wp-json\/wp\/v2\/posts\/2980\/revisions\/2989"}],"wp:featuredmedia":[{"embeddable":true,"href":"https:\/\/www.camaracg.pb.gov.br\/transparencia\/wp-json\/wp\/v2\/media\/2637"}],"wp:attachment":[{"href":"https:\/\/www.camaracg.pb.gov.br\/transparencia\/wp-json\/wp\/v2\/media?parent=2980"}],"wp:term":[{"taxonomy":"category","embeddable":true,"href":"https:\/\/www.camaracg.pb.gov.br\/transparencia\/wp-json\/wp\/v2\/categories?post=2980"},{"taxonomy":"post_tag","embeddable":true,"href":"https:\/\/www.camaracg.pb.gov.br\/transparencia\/wp-json\/wp\/v2\/tags?post=2980"}],"curies":[{"name":"wp","href":"https:\/\/api.w.org\/{rel}","templated":true}]}}