{"id":2990,"date":"2020-05-25T13:26:36","date_gmt":"2020-05-25T16:26:36","guid":{"rendered":"https:\/\/www.camaracg.pb.gov.br\/transparencia\/?p=2990"},"modified":"2024-02-16T13:29:54","modified_gmt":"2024-02-16T16:29:54","slug":"semanarios-2020","status":"publish","type":"post","link":"https:\/\/www.camaracg.pb.gov.br\/transparencia\/semanarios-2020\/","title":{"rendered":"Seman\u00e1rios 2020"},"content":{"rendered":"<h2 id=\"tablepress-61-name\" class=\"tablepress-table-name tablepress-table-name-id-61\">Seman\u00e1rio 2020<\/h2>\n\n<table id=\"tablepress-61\" class=\"tablepress tablepress-id-61\" aria-labelledby=\"tablepress-61-name\">\n<thead>\n<tr class=\"row-1\">\n\t<th class=\"column-1\">Ano<\/th><th class=\"column-2\">M\u00eas<\/th><th class=\"column-3\">Per\u00edodo de Publica\u00e7\u00e3o<\/th><th class=\"column-4\">Documento<\/th>\n<\/tr>\n<\/thead>\n<tbody class=\"row-striping row-hover\">\n<tr class=\"row-2\">\n\t<td class=\"column-1\">2020<\/td><td class=\"column-2\">11<\/td><td class=\"column-3\">23\/11\/2020 \u00e0 27\/11\/2020<\/td><td class=\"column-4\"><a href=\"https:\/\/www.camaracg.pb.gov.br\/transparencia\/wp-content\/uploads\/2020\/11\/SEMANARIO-OFICIAL-DE-23-a-27-de-novembro-DE-2020.pdf\" target=\"_blank\" rel=\"noopener noreferrer\">Ver Anexo<\/a><br \/>\n<\/td>\n<\/tr>\n<tr class=\"row-3\">\n\t<td class=\"column-1\">2020<\/td><td class=\"column-2\">10<\/td><td class=\"column-3\">12\/10\/2020 \u00e0 16\/10\/2020<\/td><td class=\"column-4\"><a href=\"https:\/\/www.camaracg.pb.gov.br\/transparencia\/wp-content\/uploads\/2020\/11\/ERRATA-no-1_2020-SEMANARIO-OFICIAL-DE-12-A-16-DE-OUTUBRO-de-2020.pdf\" target=\"_blank\" rel=\"noopener noreferrer\">Ver Anexo<\/a><br \/>\n<\/td>\n<\/tr>\n<tr class=\"row-4\">\n\t<td class=\"column-1\">2020<\/td><td class=\"column-2\">10<\/td><td class=\"column-3\">12\/10\/2020 \u00e0 16\/10\/2020<\/td><td class=\"column-4\"><a href=\"https:\/\/www.camaracg.pb.gov.br\/transparencia\/wp-content\/uploads\/2020\/10\/SEMANARIO-OFICIAL-12-A-16-DE-OUTUBRO-DE-2020.pdf\" target=\"_blank\" rel=\"noopener noreferrer\">Ver Anexo<\/a><br \/>\n<\/td>\n<\/tr>\n<tr class=\"row-5\">\n\t<td class=\"column-1\">2020<\/td><td class=\"column-2\">09<\/td><td class=\"column-3\">07\/09\/2020 \u00e0 11\/09\/2020<\/td><td class=\"column-4\"><a href=\"https:\/\/www.camaracg.pb.gov.br\/transparencia\/wp-content\/uploads\/2020\/10\/SEMANARIO-OFICIAL-07-A-11-DE-SETEMBRO-DE-2020.pdf\" target=\"_blank\" rel=\"noopener noreferrer\">Ver Anexo<\/a><br \/>\n<\/td>\n<\/tr>\n<tr class=\"row-6\">\n\t<td class=\"column-1\">2020<\/td><td class=\"column-2\">06<\/td><td class=\"column-3\">22\/06\/2020 \u00e0 26\/06\/2020<\/td><td class=\"column-4\"><a href=\"https:\/\/www.camaracg.pb.gov.br\/wp-content\/uploads\/2020\/07\/SEMAN%C3%81RIO-OFICIAL-DE-22-A-26-DE-JUNHO-DE-2020.pdf\" target=\"_blank\" rel=\"noopener noreferrer\">Ver Anexo<\/a><br \/>\n<\/td>\n<\/tr>\n<tr class=\"row-7\">\n\t<td class=\"column-1\">2020<\/td><td class=\"column-2\">05<\/td><td class=\"column-3\">25\/05\/2020 \u00e0 29\/05\/2020<\/td><td class=\"column-4\"><a href=\"https:\/\/www.camaracg.pb.gov.br\/wp-content\/uploads\/2020\/06\/SEMANARIO-OFICIAL-DE-25-A-29-DE-MAIO-DE-2020.pdf\" target=\"_blank\" rel=\"noopener noreferrer\">Ver Anexo<\/a><br \/>\n<\/td>\n<\/tr>\n<\/tbody>\n<\/table>\n<!-- #tablepress-61 from cache -->\n<p>Caso n\u00e3o tenha o <strong>Adobe Reader<\/strong> instalado em sua m\u00e1quina basta realizar o download gratuitamente clicando <strong><a href=\"https:\/\/get.adobe.com\/br\/reader\" target=\"_blank\" rel=\"noopener noreferrer\">aqui<\/a><\/strong><\/p>\n<pre>A C\u00e2mara Municipal de Campina Grande tamb\u00e9m est\u00e1 no Portal da Transpar\u00eancia do Tribunal de Contas do Estado da Para\u00edba (TCE-PB), que disponibiliza, em tempo real, informa\u00e7\u00f5es pormenorizadas sobre a execu\u00e7\u00e3o Or\u00e7ament\u00e1ria e Financeira.<\/pre>\n","protected":false},"excerpt":{"rendered":"<p>Caso n\u00e3o tenha o Adobe Reader instalado em sua m\u00e1quina basta realizar o download gratuitamente clicando aqui A C\u00e2mara Municipal de Campina Grande tamb\u00e9m est\u00e1 no Portal da Transpar\u00eancia do Tribunal de Contas do Estado da Para\u00edba (TCE-PB), que disponibiliza, &hellip; <a class=\"kt-excerpt-readmore\" href=\"https:\/\/www.camaracg.pb.gov.br\/transparencia\/semanarios-2020\/\" aria-label=\"Seman\u00e1rios 2020\">leia mais<\/a><\/p>\n","protected":false},"author":5,"featured_media":2637,"comment_status":"closed","ping_status":"closed","sticky":false,"template":"","format":"standard","meta":{"footnotes":""},"categories":[44],"tags":[],"class_list":["post-2990","post","type-post","status-publish","format-standard","has-post-thumbnail","hentry","category-semanarios"],"aioseo_notices":[],"_links":{"self":[{"href":"https:\/\/www.camaracg.pb.gov.br\/transparencia\/wp-json\/wp\/v2\/posts\/2990","targetHints":{"allow":["GET"]}}],"collection":[{"href":"https:\/\/www.camaracg.pb.gov.br\/transparencia\/wp-json\/wp\/v2\/posts"}],"about":[{"href":"https:\/\/www.camaracg.pb.gov.br\/transparencia\/wp-json\/wp\/v2\/types\/post"}],"author":[{"embeddable":true,"href":"https:\/\/www.camaracg.pb.gov.br\/transparencia\/wp-json\/wp\/v2\/users\/5"}],"replies":[{"embeddable":true,"href":"https:\/\/www.camaracg.pb.gov.br\/transparencia\/wp-json\/wp\/v2\/comments?post=2990"}],"version-history":[{"count":2,"href":"https:\/\/www.camaracg.pb.gov.br\/transparencia\/wp-json\/wp\/v2\/posts\/2990\/revisions"}],"predecessor-version":[{"id":2993,"href":"https:\/\/www.camaracg.pb.gov.br\/transparencia\/wp-json\/wp\/v2\/posts\/2990\/revisions\/2993"}],"wp:featuredmedia":[{"embeddable":true,"href":"https:\/\/www.camaracg.pb.gov.br\/transparencia\/wp-json\/wp\/v2\/media\/2637"}],"wp:attachment":[{"href":"https:\/\/www.camaracg.pb.gov.br\/transparencia\/wp-json\/wp\/v2\/media?parent=2990"}],"wp:term":[{"taxonomy":"category","embeddable":true,"href":"https:\/\/www.camaracg.pb.gov.br\/transparencia\/wp-json\/wp\/v2\/categories?post=2990"},{"taxonomy":"post_tag","embeddable":true,"href":"https:\/\/www.camaracg.pb.gov.br\/transparencia\/wp-json\/wp\/v2\/tags?post=2990"}],"curies":[{"name":"wp","href":"https:\/\/api.w.org\/{rel}","templated":true}]}}