{"id":3654,"date":"2025-01-08T18:40:04","date_gmt":"2025-01-08T21:40:04","guid":{"rendered":"https:\/\/www.camaracg.pb.gov.br\/transparencia\/?p=3654"},"modified":"2025-01-08T18:40:04","modified_gmt":"2025-01-08T21:40:04","slug":"portarias-2025","status":"publish","type":"post","link":"https:\/\/www.camaracg.pb.gov.br\/transparencia\/portarias-2025\/","title":{"rendered":"Portarias 2025"},"content":{"rendered":"\n<table id=\"tablepress-172\" class=\"tablepress tablepress-id-172\">\n<thead>\n<tr class=\"row-1\">\n\t<th class=\"column-1\">N\u00famero<\/th><th class=\"column-2\">Data<\/th><th class=\"column-3\">Descri\u00e7\u00e3o<\/th><th class=\"column-4\">Documento<\/th>\n<\/tr>\n<\/thead>\n<tbody class=\"row-striping row-hover\">\n<tr class=\"row-2\">\n\t<td class=\"column-1\">001<\/td><td class=\"column-2\">02\/01\/2025<\/td><td class=\"column-3\">NOMEA\u00c7\u00c3O DE CARGO EM COMISS\u00c3O DE PROCURADOR GERAL<\/td><td class=\"column-4\"><a href=\"https:\/\/www.camaracg.pb.gov.br\/transparencia\/wp-content\/uploads\/2025\/01\/port_001_2025.pdf\">Ver Anexo<\/a><\/td>\n<\/tr>\n<tr class=\"row-3\">\n\t<td class=\"column-1\">002<\/td><td class=\"column-2\">02\/01\/2025<\/td><td class=\"column-3\">NOMEA\u00c7\u00c3O DE CARGO EM COMISS\u00c3O DIRETOR DO DEPARTAMENTO DE CONTABILIDADE, FINAN\u00c7AS E TESOURARIA<\/td><td class=\"column-4\"><a href=\"https:\/\/www.camaracg.pb.gov.br\/transparencia\/wp-content\/uploads\/2025\/01\/port_002_2025.pdf\">Ver Anexo<\/a><\/td>\n<\/tr>\n<tr class=\"row-4\">\n\t<td class=\"column-1\">003<\/td><td class=\"column-2\">02\/01\/2025<\/td><td class=\"column-3\">NOMEA\u00c7\u00c3O DE CARGO EM COMISS\u00c3O DIRETOR DO DEPARTAMENTO DE RECURSOS HUMANOS<\/td><td class=\"column-4\"><a href=\"https:\/\/www.camaracg.pb.gov.br\/transparencia\/wp-content\/uploads\/2025\/01\/port_003_2025.pdf\">Ver Anexo<\/a><\/td>\n<\/tr>\n<tr class=\"row-5\">\n\t<td class=\"column-1\">004<\/td><td class=\"column-2\">02\/01\/2025<\/td><td class=\"column-3\">NOMEA\u00c7\u00c3O DE CARGO EM COMISS\u00c3O CHEFE DE GABINETE DA PRESID\u00caNCIA 2<\/td><td class=\"column-4\"><a href=\"https:\/\/www.camaracg.pb.gov.br\/transparencia\/wp-content\/uploads\/2025\/01\/port_004_2025.pdf\">Ver Anexo<\/a><\/td>\n<\/tr>\n<tr class=\"row-6\">\n\t<td class=\"column-1\">005<\/td><td class=\"column-2\">02\/01\/2025<\/td><td class=\"column-3\">NOMEA\u00c7\u00c3O DE CARGO EM  COMISS\u00c3O SECRET\u00c1RIA DE APOIO PARLAMENTAR<\/td><td class=\"column-4\"><a href=\"https:\/\/www.camaracg.pb.gov.br\/transparencia\/wp-content\/uploads\/2025\/01\/port_005_2025.pdf\">Ver Anexo<\/a><\/td>\n<\/tr>\n<tr class=\"row-7\">\n\t<td class=\"column-1\">006<\/td><td class=\"column-2\">07\/01\/2025<\/td><td class=\"column-3\">NOMEA\u00c7\u00c3O DE CARGO EM COMISS\u00c3O DE SECRET\u00c1RIO DA ADMINISTRA\u00c7\u00c3O GERAL<\/td><td class=\"column-4\"><a href=\"https:\/\/www.camaracg.pb.gov.br\/transparencia\/wp-content\/uploads\/2025\/01\/port_006_2025.pdf\">Ver Anexo<\/a><\/td>\n<\/tr>\n<tr class=\"row-8\">\n\t<td class=\"column-1\">007<\/td><td class=\"column-2\">02\/01\/2025<\/td><td class=\"column-3\">NOMEA\u00c7\u00c3O DE CARGO DE DIRETORA DE APOIO PARLAMENTAR<\/td><td class=\"column-4\"><a href=\"https:\/\/www.camaracg.pb.gov.br\/transparencia\/wp-content\/uploads\/2025\/01\/port_007_2025.pdf\">Ver Anexo<\/a><\/td>\n<\/tr>\n<tr class=\"row-9\">\n\t<td class=\"column-1\">008<\/td><td class=\"column-2\">02\/01\/2025<\/td><td class=\"column-3\">NOMEA\u00c7\u00c3O DE CARGO EM COMISS\u00c3O DE OFICIAL DE GABINETE<\/td><td class=\"column-4\"><a href=\"https:\/\/www.camaracg.pb.gov.br\/transparencia\/wp-content\/uploads\/2025\/01\/port_008_2025.pdf\">Ver Anexo<\/a><\/td>\n<\/tr>\n<tr class=\"row-10\">\n\t<td class=\"column-1\">009<\/td><td class=\"column-2\">02\/01\/2025<\/td><td class=\"column-3\">NOMEA\u00c7\u00c3O DE CARGO DE DIRETOR DO DEPARTAMENTO DE SERVI\u00c7OS GERAIS<\/td><td class=\"column-4\"><a href=\"https:\/\/www.camaracg.pb.gov.br\/transparencia\/wp-content\/uploads\/2025\/01\/port_009_2025.pdf\">Ver Anexo<\/a><\/td>\n<\/tr>\n<tr class=\"row-11\">\n\t<td class=\"column-1\">215<\/td><td class=\"column-2\">09\/01\/2025<\/td><td class=\"column-3\">NOMEA\u00c7\u00c3O DE AGENTE DE CONTRATA\u00c7\u00c3O, PREGOEIRO E EQUIPE DE APOIO PARA CONDUZIR OS ATOS DAS LICITA\u00c7\u00d5ES E CONTRATA\u00c7\u00d5ES DA C\u00c2MARA MUNICIPAL DE CAMPINA GRANDE, DE ACORDO COM \u0410 LEI FEDERAL N\u00ba 14.133\/2021 E SUAS ALTERA\u00c7\u00d5ES<\/td><td class=\"column-4\"><a href=\"https:\/\/www.camaracg.pb.gov.br\/transparencia\/wp-content\/uploads\/2025\/01\/port_215_2024-Portaria-da-CPL.pdf\">Ver Anexo<\/a><\/td>\n<\/tr>\n<\/tbody>\n<\/table>\n<!-- #tablepress-172 from cache -->\nCaso n\u00e3o tenha o <strong>Adobe Reader<\/strong> instalado em sua m\u00e1quina basta realizar o download gratuitamente clicando <strong><a href=\"https:\/\/get.adobe.com\/br\/reader\" target=\"_blank\" rel=\"noopener noreferrer\">aqui<\/a><\/strong><\/p>\n<pre>A C\u00e2mara Municipal de Campina Grande tamb\u00e9m est\u00e1 no Portal da Transpar\u00eancia do Tribunal de Contas do Estado da Para\u00edba (TCE-PB), que disponibiliza, em tempo real, informa\u00e7\u00f5es pormenorizadas sobre a execu\u00e7\u00e3o Or\u00e7ament\u00e1ria e Financeira.<\/pre>\n","protected":false},"excerpt":{"rendered":"<p>Caso n\u00e3o tenha o Adobe Reader instalado em sua m\u00e1quina basta realizar o download gratuitamente clicando aqui A C\u00e2mara Municipal de Campina Grande tamb\u00e9m est\u00e1 no Portal da Transpar\u00eancia do Tribunal de Contas do Estado da Para\u00edba (TCE-PB), que disponibiliza, &hellip; <a class=\"kt-excerpt-readmore\" href=\"https:\/\/www.camaracg.pb.gov.br\/transparencia\/portarias-2025\/\" aria-label=\"Portarias 2025\">leia mais<\/a><\/p>\n","protected":false},"author":5,"featured_media":2636,"comment_status":"closed","ping_status":"closed","sticky":false,"template":"","format":"standard","meta":{"footnotes":""},"categories":[41],"tags":[],"class_list":["post-3654","post","type-post","status-publish","format-standard","has-post-thumbnail","hentry","category-portarias"],"aioseo_notices":[],"_links":{"self":[{"href":"https:\/\/www.camaracg.pb.gov.br\/transparencia\/wp-json\/wp\/v2\/posts\/3654","targetHints":{"allow":["GET"]}}],"collection":[{"href":"https:\/\/www.camaracg.pb.gov.br\/transparencia\/wp-json\/wp\/v2\/posts"}],"about":[{"href":"https:\/\/www.camaracg.pb.gov.br\/transparencia\/wp-json\/wp\/v2\/types\/post"}],"author":[{"embeddable":true,"href":"https:\/\/www.camaracg.pb.gov.br\/transparencia\/wp-json\/wp\/v2\/users\/5"}],"replies":[{"embeddable":true,"href":"https:\/\/www.camaracg.pb.gov.br\/transparencia\/wp-json\/wp\/v2\/comments?post=3654"}],"version-history":[{"count":1,"href":"https:\/\/www.camaracg.pb.gov.br\/transparencia\/wp-json\/wp\/v2\/posts\/3654\/revisions"}],"predecessor-version":[{"id":3655,"href":"https:\/\/www.camaracg.pb.gov.br\/transparencia\/wp-json\/wp\/v2\/posts\/3654\/revisions\/3655"}],"wp:featuredmedia":[{"embeddable":true,"href":"https:\/\/www.camaracg.pb.gov.br\/transparencia\/wp-json\/wp\/v2\/media\/2636"}],"wp:attachment":[{"href":"https:\/\/www.camaracg.pb.gov.br\/transparencia\/wp-json\/wp\/v2\/media?parent=3654"}],"wp:term":[{"taxonomy":"category","embeddable":true,"href":"https:\/\/www.camaracg.pb.gov.br\/transparencia\/wp-json\/wp\/v2\/categories?post=3654"},{"taxonomy":"post_tag","embeddable":true,"href":"https:\/\/www.camaracg.pb.gov.br\/transparencia\/wp-json\/wp\/v2\/tags?post=3654"}],"curies":[{"name":"wp","href":"https:\/\/api.w.org\/{rel}","templated":true}]}}