{"id":3759,"date":"2025-02-20T17:59:25","date_gmt":"2025-02-20T20:59:25","guid":{"rendered":"https:\/\/www.camaracg.pb.gov.br\/transparencia\/?p=3759"},"modified":"2025-12-31T14:29:00","modified_gmt":"2025-12-31T17:29:00","slug":"licitacoes-2025","status":"publish","type":"post","link":"https:\/\/www.camaracg.pb.gov.br\/transparencia\/licitacoes-2025\/","title":{"rendered":"Licita\u00e7\u00f5es 2025"},"content":{"rendered":"\n<table id=\"tablepress-173\" class=\"tablepress tablepress-id-173\">\n<thead>\n<tr class=\"row-1\">\n\t<th class=\"column-1\">N\u00daMERO<\/th><th class=\"column-2\">MODALIDADE<\/th><th class=\"column-3\">HOLOMOGA\u00c7\u00c3O<\/th><th class=\"column-4\">OBJETO<\/th><th class=\"column-5\">EDITAL<\/th><th class=\"column-6\">ERRATA<\/th>\n<\/tr>\n<\/thead>\n<tbody class=\"row-striping row-hover\">\n<tr class=\"row-2\">\n\t<td class=\"column-1\"><\/td><td class=\"column-2\"><\/td><td class=\"column-3\"><\/td><td class=\"column-4\"><\/td><td class=\"column-5\"><\/td><td class=\"column-6\"><\/td>\n<\/tr>\n<tr class=\"row-3\">\n\t<td class=\"column-1\">00017\/2025<\/td><td class=\"column-2\">Dispensa (Lei N\u00ba 14.133\/2021)<\/td><td class=\"column-3\"><a href=\"https:\/\/www.camaracg.pb.gov.br\/transparencia\/wp-content\/uploads\/2026\/01\/PUBLICACAO-DE-REVOGACAO-DE-PROCESSO-DE-DISPENSA.pdf\" title=\"\">PUBLICACAO DE REVOGACAO DE PROCESSO DE DISPENSA<\/a><br \/>\n<br \/>\n<br \/>\n<\/td><td class=\"column-4\">CONTRATA\u00c7\u00c3O DE EMPRESA ESPECIALIZADA NA CONFEC\u00c7\u00c3O DE MEDALHAS E PLACAS EM ALUM\u00cdNIO DESTINADOS A SINALIZA\u00c7\u00c3O INTERNA E HONRARIAS A PESSOAS DE ILIBADO RECONHECIMENTO CONCEDIDAS PELA C\u00c2MARA MUNICIPAL DE CAMPINA GRANDE<\/td><td class=\"column-5\"><a href=\"https:\/\/www.camaracg.pb.gov.br\/transparencia\/wp-content\/uploads\/2025\/12\/AVISO-TERMO-DE-REFERENCIA-DV00017-2025.pdf\"><img loading=\"lazy\" decoding=\"async\" class=\"size-full wp-image-2868 aligncenter\" src=\"https:\/\/www.camaracg.pb.gov.br\/transparencia\/wp-content\/uploads\/2023\/10\/iconPdf.png\" alt=\"\" width=\"18\" height=\"19\" \/><\/a><\/td><td class=\"column-6\"><\/td>\n<\/tr>\n<tr class=\"row-4\">\n\t<td class=\"column-1\">00016\/2025<\/td><td class=\"column-2\">Dispensa (Lei N\u00ba 14.133\/2021)<\/td><td class=\"column-3\"><\/td><td class=\"column-4\">CONTRATA\u00c7\u00c3O DE PROFISSIONAL PARA CONFEC\u00c7\u00c3O DE OBRAS DE ARTE \"PIONEIROS DA BORBOREMA\" E MEDALHAS DE HONRA AO M\u00c9RITO COM O BUSTO DO INFLUENTE VEREADOR F\u00c9LIX ARA\u00daJO, PATRONO DA C\u00c2MARA MUNICIPAL<\/td><td class=\"column-5\"><a href=\"https:\/\/www.camaracg.pb.gov.br\/transparencia\/wp-content\/uploads\/2026\/02\/TERMO-DE-REFERENCIA-DV00016-2025.pdf\"><img loading=\"lazy\" decoding=\"async\" class=\"size-full wp-image-2868 aligncenter\" src=\"https:\/\/www.camaracg.pb.gov.br\/transparencia\/wp-content\/uploads\/2023\/10\/iconPdf.png\" alt=\"\" width=\"18\" height=\"19\" \/><\/a><\/td><td class=\"column-6\"><\/td>\n<\/tr>\n<tr class=\"row-5\">\n\t<td class=\"column-1\">00002\/2025<\/td><td class=\"column-2\">Ades\u00e3o a Ata de Registro de Pre\u00e7os (Lei N\u00ba 14.133\/2021)<\/td><td class=\"column-3\">26\/12\/2025<\/td><td class=\"column-4\">CONTRATA\u00c7\u00c3O DE EMPRESA ESPECIALIZADA NA PRESTA\u00c7\u00c3O DE SERVI\u00c7OS CONTINUADOS, COM REGIME DE DEDICA\u00c7\u00c3O EXCLUSIVA DE M\u00c3O DE OBRA, CONTEMPLANDO OS SERVI\u00c7OS DE APOIO ADMINISTRATIVO, OPERACIONAL E T\u00c9CNICO PARA ATENDER AS DEMANDAS DA C\u00c2MARA MUNICIPAL DE CAMPINA GRANDE<\/td><td class=\"column-5\"><a href=\"#\"><img loading=\"lazy\" decoding=\"async\" class=\"size-full wp-image-2868 aligncenter\" src=\"https:\/\/www.camaracg.pb.gov.br\/transparencia\/wp-content\/uploads\/2023\/10\/iconPdf.png\" alt=\"\" width=\"18\" height=\"19\" \/><\/a><\/td><td class=\"column-6\"><\/td>\n<\/tr>\n<tr class=\"row-6\">\n\t<td class=\"column-1\">00001\/2025<\/td><td class=\"column-2\">Concorr\u00eancia - Publicidade (Lei N\u00ba 12.232\/2010)<\/td><td class=\"column-3\">08\/10\/2025<\/td><td class=\"column-4\">PRESTA\u00c7\u00c3O DE SERVI\u00c7OS DE PROPAGANDA E PUBLICIDADE INSTITUCIONAL, CONFORME A LEI FEDERAL N\u00ba 12.232 DE 2010, COMPREENDENDO O CONJUNTO DE ATIVIDADES REALIZADAS INTEGRALMENTE, QUE TENHAM POR OBJETIVO O ESTUDO, O PLANEJAMENTO, A CONCEITUA\u00c7\u00c3O, A CONCEP\u00c7\u00c3O, A CRIA\u00c7\u00c3O, A EXECU\u00c7\u00c3O INTERNA, A INTERMEDIA\u00c7\u00c3O, A EXECU\u00c7\u00c3O EXTERNA, A DISTRIBUI\u00c7\u00c3O DE PUBLICIDADE DE CAR\u00c1TER INSTITUCIONAL DE COMPET\u00caNCIA DA C\u00c2MARA MUNICIPAL DE CAMPINA GRANDE, ESTADO DA PARA\u00cdBA.<\/td><td class=\"column-5\"><a href=\"https:\/\/www.camaracg.pb.gov.br\/transparencia\/wp-content\/uploads\/2025\/08\/EDITAL-CONCORRENCIA-00001-2025.pdf\"><img loading=\"lazy\" decoding=\"async\" class=\"size-full wp-image-2868 aligncenter\" src=\"https:\/\/www.camaracg.pb.gov.br\/transparencia\/wp-content\/uploads\/2023\/10\/iconPdf.png\" alt=\"\" width=\"18\" height=\"19\" \/><\/a><br \/>\n<br \/>\n<img loading=\"lazy\" decoding=\"async\" src=\"https:\/\/www.camaracg.pb.gov.br\/transparencia\/wp-content\/uploads\/2025\/09\/youtube.png\" width=\"18\" height=\"19\" class=\"alignnone size-medium\" \/><a href=\"https:\/\/www.youtube.com\/watch?v=XcDBUV4mTSw\">V\u00cdDEO<br \/>\n<br \/>\n<img loading=\"lazy\" decoding=\"async\" src=\"https:\/\/www.camaracg.pb.gov.br\/transparencia\/wp-content\/uploads\/2025\/09\/youtube.png\" width=\"18\" height=\"19\" class=\"alignnone size-medium\" \/><a href=\"https:\/\/www.youtube.com\/watch?v=4ALjvSPWLfA\">V\u00cdDEO<br \/>\n<br \/>\n<img loading=\"lazy\" decoding=\"async\" src=\"https:\/\/www.camaracg.pb.gov.br\/transparencia\/wp-content\/uploads\/2025\/09\/youtube.png\" width=\"18\" height=\"19\" class=\"alignnone size-medium\" \/><a href=\"https:\/\/www.youtube.com\/watch?v=LU-peufdx6I\">V\u00cdDEO<\/td><td class=\"column-6\"><a href=\"https:\/\/www.camaracg.pb.gov.br\/transparencia\/wp-content\/uploads\/2025\/09\/Errata-001-coc0001-2025.pdf\"><img loading=\"lazy\" decoding=\"async\" class=\"size-full wp-image-2868 aligncenter\" src=\"https:\/\/www.camaracg.pb.gov.br\/transparencia\/wp-content\/uploads\/2023\/10\/iconPdf.png\" alt=\"\" width=\"18\" height=\"19\" \/><\/a><\/td>\n<\/tr>\n<tr class=\"row-7\">\n\t<td class=\"column-1\">00014\/2025<\/td><td class=\"column-2\">Dispensa (Lei N\u00ba 14.133\/2021)<\/td><td class=\"column-3\">24\/09\/2025<\/td><td class=\"column-4\">CONTRATA\u00c7\u00c3O DE EMPRESA PARA PRESTA\u00c7\u00c3O DE SERVI\u00c7OS DE MANUTEN\u00c7\u00c3O PREVENTIVA E CORRETIVA DE APARELHOS DE AR CONDICIONADO, INCLUSIVE RECARGA DE G\u00c1S, PARA SUPRIR AS NECESSIDADES DA C\u00c2MARA MUNICIPAL DE CAMPINA GRANDE<\/td><td class=\"column-5\"><a href=\"https:\/\/www.camaracg.pb.gov.br\/transparencia\/wp-content\/uploads\/2025\/09\/AVISO-TERMO-DE-REFERENCIA-DV00014-2025.pdf\"><img loading=\"lazy\" decoding=\"async\" class=\"size-full wp-image-2868 aligncenter\" src=\"https:\/\/www.camaracg.pb.gov.br\/transparencia\/wp-content\/uploads\/2023\/10\/iconPdf.png\" alt=\"\" width=\"18\" height=\"19\" \/><\/a><\/td><td class=\"column-6\"><\/td>\n<\/tr>\n<tr class=\"row-8\">\n\t<td class=\"column-1\">00013\/2025<\/td><td class=\"column-2\">Dispensa (Lei N\u00ba 14.133\/2021)<\/td><td class=\"column-3\">18\/09\/2025<\/td><td class=\"column-4\">CONTRATA\u00c7\u00c3O DE EMPRESA PARA SERVI\u00c7OS DE MANUTEN\u00c7\u00c3O E CONSERVA\u00c7\u00c3O DE COMPUTADORES, NOTEBOOK, IMPRESSORAS, C\u00c2MARAS, COMO TAMB\u00c9M, RECARGA DE TONNER DE INTERESSE DA C\u00c2MARA MUNICIPAL DE CAMPINA GRANDE<\/td><td class=\"column-5\"><a href=\"https:\/\/www.camaracg.pb.gov.br\/transparencia\/wp-content\/uploads\/2025\/09\/AVISO-TERMO-DE-REFERENCIA-dispensa-00013-2025.pdf\"><img loading=\"lazy\" decoding=\"async\" class=\"size-full wp-image-2868 aligncenter\" src=\"https:\/\/www.camaracg.pb.gov.br\/transparencia\/wp-content\/uploads\/2023\/10\/iconPdf.png\" alt=\"\" width=\"18\" height=\"19\" \/><\/a><\/td><td class=\"column-6\"><\/td>\n<\/tr>\n<tr class=\"row-9\">\n\t<td class=\"column-1\">00012\/2025<\/td><td class=\"column-2\">Dispensa (Lei N\u00ba 14.133\/2021)<\/td><td class=\"column-3\">27\/08\/2025<\/td><td class=\"column-4\">CONTRATA\u00c7\u00c3O DE EMPRESA ESPECIALIZADA NA PRESTA\u00c7\u00c3O DE SERVI\u00c7OS DE CONFEC\u00c7\u00c3O DE MATERIAL GR\u00c1FICO, PARA SUPRIR AS NECESSIDADES DA C\u00c2MARA MUNICIPAL DE CAMPINA GRANDE<\/td><td class=\"column-5\"><a href=\"https:\/\/www.camaracg.pb.gov.br\/transparencia\/wp-content\/uploads\/2025\/08\/AVISO-TERMO-DE-REFERENCIA-dispensa-00012-2025.pdf\"><img loading=\"lazy\" decoding=\"async\" class=\"size-full wp-image-2868 aligncenter\" src=\"https:\/\/www.camaracg.pb.gov.br\/transparencia\/wp-content\/uploads\/2023\/10\/iconPdf.png\" alt=\"\" width=\"18\" height=\"19\" \/><\/a><\/td><td class=\"column-6\"><\/td>\n<\/tr>\n<tr class=\"row-10\">\n\t<td class=\"column-1\">00011\/2025<\/td><td class=\"column-2\">Dispensa (Lei N\u00ba 14.133\/2021)<\/td><td class=\"column-3\">27\/08\/2025<\/td><td class=\"column-4\">CONTRATA\u00c7\u00c3O DE EMPRESA PARA PRESTA\u00c7\u00c3O DE SERVI\u00c7OS DE REVELA\u00c7\u00c3O DE FOTOS COM MOLDURA E VIDROS, PARA SUBSTITUI\u00c7\u00c3O NO MEMORIAL DE FOTOS DE PRESIDENTE, EX-PRESIDENTES, VEREADORES E EX-VEREADORES, VISANDO O CUMPRIMENTO DO PRINCI\u00cdPIO DA PUBLICIDADE E TRANSPAR\u00caNCIA ADMINISTRATIVA NA C\u00c2MARA MUNICIPAL DE CAMPINA GRANDE<\/td><td class=\"column-5\"><a href=\"https:\/\/www.camaracg.pb.gov.br\/transparencia\/wp-content\/uploads\/2025\/08\/AVISO-TERMO-DE-REFERENCIA-dispensa-00011-2025.pdf\"><img loading=\"lazy\" decoding=\"async\" class=\"size-full wp-image-2868 aligncenter\" src=\"https:\/\/www.camaracg.pb.gov.br\/transparencia\/wp-content\/uploads\/2023\/10\/iconPdf.png\" alt=\"\" width=\"18\" height=\"19\" \/><\/a><\/td><td class=\"column-6\"><\/td>\n<\/tr>\n<tr class=\"row-11\">\n\t<td class=\"column-1\">00010\/2025<\/td><td class=\"column-2\">Dispensa (Lei N\u00ba 14.133\/2021)<\/td><td class=\"column-3\">31\/07\/2025<\/td><td class=\"column-4\">CONTRATA\u00c7\u00c3O DE EMPRESA DO RAMO PERTINENTE, CUJO OBJETIVO \u00c9 A PRESTA\u00c7\u00c3O DE SERVI\u00c7OS DE ACOMPANHAMENTO DOS PROCESSOS ADMINISTRATIVOS PARA APOIO, AJUSTES, ADEQUA\u00c7\u00d5ES DE DECLARA\u00c7\u00d5ES REFERENTE \u00c0 RFB, LAUDOS T\u00c9CNICOS PARA O E-SOCIAL EM RELA\u00c7\u00c3O AO SST, CONSULTORIA ADMINISTRATIVA E RECURSOS HUMANOS<\/td><td class=\"column-5\"><a href=\"https:\/\/www.camaracg.pb.gov.br\/transparencia\/wp-content\/uploads\/2025\/08\/AVISO-TERMO-DE-REFERENCIA-dispensa-00011-2025.pdf\"><img loading=\"lazy\" decoding=\"async\" class=\"size-full wp-image-2868 aligncenter\" src=\"https:\/\/www.camaracg.pb.gov.br\/transparencia\/wp-content\/uploads\/2023\/10\/iconPdf.png\" alt=\"\" width=\"18\" height=\"19\" \/><\/a><\/td><td class=\"column-6\"><\/td>\n<\/tr>\n<tr class=\"row-12\">\n\t<td class=\"column-1\">00009\/2025<\/td><td class=\"column-2\">Dispensa (Lei N\u00ba 14.133\/2021)<\/td><td class=\"column-3\">21\/05\/2025<\/td><td class=\"column-4\">CONTRATA\u00c7\u00c3O DE EMPRESA PARA PRESTA\u00c7\u00c3O DE FORNECIMENTO DE ALIMENTA\u00c7\u00c3O (TIPO COFFEE BREAK), DE FORMA PARCELADA, COMPREENDENDO G\u00caNEROS ALIMENT\u00cdCIOS PRONTOS, INDUSTRIALIZADOS E BEBIDAS, DESTINADOS A ATENDER A REALIZA\u00c7\u00c3O DE EVENTOS, PROMOVIDOS PELA C\u00c2MARA MUNICIPAL DE CAMPINA GRANDE<\/td><td class=\"column-5\"><a href=\"https:\/\/www.camaracg.pb.gov.br\/transparencia\/wp-content\/uploads\/2025\/05\/AVISO-TERMO-DE-REFERENCIA-dispensa-009-2025.pdf\"><img loading=\"lazy\" decoding=\"async\" class=\"size-full wp-image-2868 aligncenter\" src=\"https:\/\/www.camaracg.pb.gov.br\/transparencia\/wp-content\/uploads\/2023\/10\/iconPdf.png\" alt=\"\" width=\"18\" height=\"19\" \/><\/a><\/td><td class=\"column-6\"><\/td>\n<\/tr>\n<tr class=\"row-13\">\n\t<td class=\"column-1\">00001\/2025<\/td><td class=\"column-2\">Preg\u00e3o (Lei N\u00ba 14.133\/2021)<\/td><td class=\"column-3\">30\/04\/2025<\/td><td class=\"column-4\">CONTRATA\u00c7\u00c3O DE EMPRESA PARA FORNECIMENTO PARCELADO DE MATERIAIS DE EXPEDIENTE E PAPELARIA COM INTUITO DE ATENDER AS NECESSIDADES DA C\u00c2MARA MUNICIPAL DE CAMPINA GRANDE<\/td><td class=\"column-5\"><a href=\"#\"><img loading=\"lazy\" decoding=\"async\" class=\"size-full wp-image-2868 aligncenter\" src=\"https:\/\/www.camaracg.pb.gov.br\/transparencia\/wp-content\/uploads\/2023\/10\/iconPdf.png\" alt=\"\" width=\"18\" height=\"19\" \/><\/a><\/td><td class=\"column-6\"><\/td>\n<\/tr>\n<tr class=\"row-14\">\n\t<td class=\"column-1\">00008\/2025<\/td><td class=\"column-2\">Dispensa (Lei N\u00ba 14.133\/2021)<\/td><td class=\"column-3\">23\/04\/2025<\/td><td class=\"column-4\">CONTRATA\u00c7\u00c3O DE PROFISSIONAL T\u00c9CNICO ESPECIALIZADO EM ENGENHARIA CIVIL PARA FISCALIZAR A EXECU\u00c7\u00c3O DOS SERVI\u00c7OS DE MANUTEN\u00c7\u00c3O PREDIAL DA C\u00c2MARA MUNICIPAL DE CAMPINA GRANDE - PB<\/td><td class=\"column-5\"><a href=\"https:\/\/www.camaracg.pb.gov.br\/transparencia\/wp-content\/uploads\/2025\/04\/AVISO-TERMO-DE-REFERENCIA-dispensa-008-2025.pdf\"><img loading=\"lazy\" decoding=\"async\" class=\"size-full wp-image-2868 aligncenter\" src=\"https:\/\/www.camaracg.pb.gov.br\/transparencia\/wp-content\/uploads\/2023\/10\/iconPdf.png\" alt=\"\" width=\"18\" height=\"19\" \/><\/a><\/td><td class=\"column-6\"><\/td>\n<\/tr>\n<tr class=\"row-15\">\n\t<td class=\"column-1\">00007\/2025<\/td><td class=\"column-2\">Dispensa (Lei N\u00ba 14.133\/2021)<\/td><td class=\"column-3\">22\/04\/2025<\/td><td class=\"column-4\">CONTRATA\u00c7\u00c3O DE EMPRESA PARA FORNECIMENTO DE APARELHOS DE AR CONDICIONANDO, TIPO SPLIT, 12.000, 24.000 E 36.000 BTUS, 220V, COM CONTROLE REMOTO, SEM FIO, PARA ATENDER AS DEMANDAS DA C\u00c2MARA MUNICIPAL DE CAMPINA GRANDE<\/td><td class=\"column-5\"><a href=\"https:\/\/www.camaracg.pb.gov.br\/transparencia\/wp-content\/uploads\/2025\/04\/AVISO-TERMO-DE-REFERENCIA-dispensa-007-2025.pdf\"><img loading=\"lazy\" decoding=\"async\" class=\"size-full wp-image-2868 aligncenter\" src=\"https:\/\/www.camaracg.pb.gov.br\/transparencia\/wp-content\/uploads\/2023\/10\/iconPdf.png\" alt=\"\" width=\"18\" height=\"19\" \/><\/a><\/td><td class=\"column-6\"><\/td>\n<\/tr>\n<tr class=\"row-16\">\n\t<td class=\"column-1\">00006\/2025<\/td><td class=\"column-2\">Dispensa (Lei N\u00ba 14.133\/2021)<\/td><td class=\"column-3\">03\/04\/2025<\/td><td class=\"column-4\">CONTRATA\u00c7\u00c3O DE EMPRESA PARA PRESTA\u00c7\u00c3O DE SERVI\u00c7OS DE REPOSI\u00c7\u00c3O DE MOLDURAS, DIGITALIZA\u00c7\u00c3O E REVELA\u00c7\u00c3O DE FOTOS DOS PARLAMENTARES, EVENTOS E TRABALHOS REALIZADOS VISANDO O CUMPRIMENTO DO PRINC\u00cdPIO DA PUBLICIDADE E TRANSPAR\u00caNCIA ADMINISTRATIVA DA C\u00c2MARA MUNICIPAL DE CAMPINA GRANDE<\/td><td class=\"column-5\"><a href=\"https:\/\/www.camaracg.pb.gov.br\/transparencia\/wp-content\/uploads\/2025\/03\/AVISO-TERMO-DE-REFERENCIA-dispensa-006-2025.pdf\"><img loading=\"lazy\" decoding=\"async\" class=\"size-full wp-image-2868 aligncenter\" src=\"https:\/\/www.camaracg.pb.gov.br\/transparencia\/wp-content\/uploads\/2023\/10\/iconPdf.png\" alt=\"\" width=\"18\" height=\"19\" \/><\/a><\/td><td class=\"column-6\"><\/td>\n<\/tr>\n<tr class=\"row-17\">\n\t<td class=\"column-1\">00005\/2025<\/td><td class=\"column-2\">Dispensa (Lei N\u00ba 14.133\/2021)<\/td><td class=\"column-3\">02\/04\/2025<\/td><td class=\"column-4\">CONTRATA\u00c7\u00c3O DE EMPRESA PARA PRESTA\u00c7\u00c3O DE SERVI\u00c7OS DE FILMAGEM, GRAVA\u00c7\u00d5ES, CAPTA\u00c7\u00c3O E TRANSMISS\u00c3O AO VIVO EM \u00c1UDIO E V\u00cdDEO DAS SESS\u00d5ES ORDIN\u00c1RIAS, EXTRAORDIN\u00c1RIAS, SOLENES E ESPECIAIS REALIZADAS NA C\u00c2MARA<\/td><td class=\"column-5\"><a href=\"https:\/\/www.camaracg.pb.gov.br\/transparencia\/wp-content\/uploads\/2025\/03\/AVISO-TERMO-DE-REFERENCIA-dispensa-005-2025.pdf\"><img loading=\"lazy\" decoding=\"async\" class=\"size-full wp-image-2868 aligncenter\" src=\"https:\/\/www.camaracg.pb.gov.br\/transparencia\/wp-content\/uploads\/2023\/10\/iconPdf.png\" alt=\"\" width=\"18\" height=\"19\" \/><\/a><\/td><td class=\"column-6\"><\/td>\n<\/tr>\n<tr class=\"row-18\">\n\t<td class=\"column-1\">00004\/2025<\/td><td class=\"column-2\">Dispensa (Lei N\u00ba 14.133\/2021)<\/td><td class=\"column-3\">17\/03\/2025<\/td><td class=\"column-4\">CONTRATA\u00c7\u00c3O DE EMPRESA PARA FORNECIMENTO DE IMPRESSORA MULTIFUNCIONAL PARA ATENDER A DEMANDA DA C\u00c2MARA MUNICIPAL DE CAMPINA GRANDE<\/td><td class=\"column-5\"><a href=\"https:\/\/www.camaracg.pb.gov.br\/transparencia\/wp-content\/uploads\/2025\/03\/AVISO-TERMO-DE-REFERENCIA-dispensa-0004-2025.pdf\"><img loading=\"lazy\" decoding=\"async\" class=\"size-full wp-image-2868 aligncenter\" src=\"https:\/\/www.camaracg.pb.gov.br\/transparencia\/wp-content\/uploads\/2023\/10\/iconPdf.png\" alt=\"\" width=\"18\" height=\"19\" \/><\/a><\/td><td class=\"column-6\"><\/td>\n<\/tr>\n<tr class=\"row-19\">\n\t<td class=\"column-1\">00003\/2025<\/td><td class=\"column-2\">Preg\u00e3o (Lei N\u00ba 14.133\/2021)<\/td><td class=\"column-3\">17\/03\/2025<\/td><td class=\"column-4\">CONTRATA\u00c7\u00c3O DE EMPRESA PARA AQUISI\u00c7\u00c3O DE G\u00caNERO ALIMENTICIOS COM ENTREGA PARCELADA PARA ATENDER A DEMANDA DA C\u00c2MARA MUNICIPAL DE CAMPINA GRANDE<\/td><td class=\"column-5\"><a href=\"#\"><img loading=\"lazy\" decoding=\"async\" class=\"size-full wp-image-2868 aligncenter\" src=\"https:\/\/www.camaracg.pb.gov.br\/transparencia\/wp-content\/uploads\/2023\/10\/iconPdf.png\" alt=\"\" width=\"18\" height=\"19\" \/><\/a><\/td><td class=\"column-6\"><\/td>\n<\/tr>\n<tr class=\"row-20\">\n\t<td class=\"column-1\">00003\/2025<\/td><td class=\"column-2\">Dispensa (Lei N\u00ba 14.133\/2021)<\/td><td class=\"column-3\">24\/02\/2025<\/td><td class=\"column-4\">CONTRATA\u00c7\u00c3O DE EMPRESA PARA REALIZAR EVENTUAL CONFEC\u00c7\u00c3O DE OBRAS DE ARTE INTITULADA PIONEIROS DA BORBOREMA E MEDALHAS DE HONRA AO M\u00c9RITO COM O BUSTO DO INFLUENTE VEREADOR F\u00c9LIX ARA\u00daJO, PATRONO DA C\u00c2MARA MUNICIPAL<\/td><td class=\"column-5\"><a href=\"https:\/\/www.camaracg.pb.gov.br\/transparencia\/wp-content\/uploads\/2025\/02\/AVISO-E-TERMO-DE-REFERENCIA-dispensa-0003-2025.pdf\"><img loading=\"lazy\" decoding=\"async\" class=\"size-full wp-image-2868 aligncenter\" src=\"https:\/\/www.camaracg.pb.gov.br\/transparencia\/wp-content\/uploads\/2023\/10\/iconPdf.png\" alt=\"\" width=\"18\" height=\"19\" \/><\/a><\/td><td class=\"column-6\"><\/td>\n<\/tr>\n<tr class=\"row-21\">\n\t<td class=\"column-1\">00002\/2025<\/td><td class=\"column-2\">Dispensa (Lei N\u00ba 14.133\/2021)<\/td><td class=\"column-3\">24\/02\/2025<\/td><td class=\"column-4\">CONTRATA\u00c7\u00c3O DE EMPRESA ESPECIALIZADA NA CONFEC\u00c7\u00c3O DE MEDALHAS E PLACAS EM ALUM\u00cdNIO DESTINADAS A SINALIZA\u00c7\u00c3O INTERNA E HONRARIAS A PESSOAS DE ILIBADO RECONHECIMENTO CONCEDIDOS PELA C\u00c2MARA MUNICIPAL DE CAMPINA GRANDE<\/td><td class=\"column-5\"><a href=\"https:\/\/www.camaracg.pb.gov.br\/transparencia\/wp-content\/uploads\/2025\/02\/Aviso-e-Termo-de-referencia-DV00002-2025.pdf\"><img loading=\"lazy\" decoding=\"async\" class=\"size-full wp-image-2868 aligncenter\" src=\"https:\/\/www.camaracg.pb.gov.br\/transparencia\/wp-content\/uploads\/2023\/10\/iconPdf.png\" alt=\"\" width=\"18\" height=\"19\" \/><\/a><\/td><td class=\"column-6\"><\/td>\n<\/tr>\n<tr class=\"row-22\">\n\t<td class=\"column-1\">00001\/2025<\/td><td class=\"column-2\">Dispensa (Lei N\u00ba 14.133\/2021)<\/td><td class=\"column-3\">06\/02\/2025<\/td><td class=\"column-4\">CONTRATA\u00c7\u00c3O DE SERVI\u00c7OS ESPECIALIZADOS EM PLATAFORMA COM INFRAESTRUTURA DE HOSPEDAGEM DAS APLICA\u00c7\u00d5ES EM CLOUD COM BALANCEAMENTO DE CARGA ROUND ROBIN, INCLUINDO BACKUP DI\u00c1RIO DE TODOS OS ARQUIVOS, E-MAILS E LOGS DO SISTEMA SAPL DE USO DA C\u00c2MARA MUNICIPAL DE CAMPINA GRANDE<\/td><td class=\"column-5\"><a href=\"https:\/\/www.camaracg.pb.gov.br\/transparencia\/wp-content\/uploads\/2025\/02\/Aviso-e-Termo-de-referencia-DV00001-2025.pdf\"><img loading=\"lazy\" decoding=\"async\" class=\"size-full wp-image-2868 aligncenter\" src=\"https:\/\/www.camaracg.pb.gov.br\/transparencia\/wp-content\/uploads\/2023\/10\/iconPdf.png\" alt=\"\" width=\"18\" height=\"19\" \/><\/a><\/td><td class=\"column-6\"><\/td>\n<\/tr>\n<tr class=\"row-23\">\n\t<td class=\"column-1\">00004\/2025<\/td><td class=\"column-2\">Inexigibilidade (Lei N\u00ba 14.133\/2021)<\/td><td class=\"column-3\">17\/01\/2025<\/td><td class=\"column-4\">CONTRATA\u00c7\u00c3O DE EMPRESA ESPECIALIZADA PARA ACOMPANHAMENTO DE PROCESSOS JUDICIAIS NA ESFERA DO TRIBUNAL DE JUSTI\u00c7A DO ESTADO DA PARA\u00cdBA, 1\u00ba E 2\u00ba GRAU; TRIBUNAL REGIONAL DO TRABALHO DA 13\u00aa REGI\u00c3O, SUBSE\u00c7\u00c3O JUDICI\u00c1RIA DE CAMPINA GRANDE - PARA\u00cdBA, MINIST\u00c9RIO P\u00daBLICO E TRIBUNAIS SUPERIORES DE INTERESSE DA C\u00c2MARA MUNICIPAL DE CAMPINA GRANDE<\/td><td class=\"column-5\"><a href=\"#\"><img loading=\"lazy\" decoding=\"async\" class=\"size-full wp-image-2868 aligncenter\" src=\"https:\/\/www.camaracg.pb.gov.br\/transparencia\/wp-content\/uploads\/2023\/10\/iconPdf.png\" alt=\"\" width=\"18\" height=\"19\" \/><\/a><\/td><td class=\"column-6\"><\/td>\n<\/tr>\n<tr class=\"row-24\">\n\t<td class=\"column-1\">00003\/2025<\/td><td class=\"column-2\">Inexigibilidade (Lei N\u00ba 14.133\/2021)<\/td><td class=\"column-3\">10\/01\/2025<\/td><td class=\"column-4\">CONTRATA\u00c7\u00c3O DE EMPRESA ESPECIALIZADA PARA EXECU\u00c7\u00c3O DOS SERVI\u00c7OS DE ASSESSORIA JUR\u00cdDICA ADMINISTRATIVA, PARA ELABORA\u00c7\u00c3O DE PORTARIAS, REQUERIMENTOS, ORIENTA\u00c7\u00c3O JUR\u00cdDICA JUNTO A COMISS\u00c3O DE PROCESSOS ADMINISTRATIVOS, ACOMPANHAMENTO E ORIENTA\u00c7\u00c3O JUNTO AS DEMANDAS DOS MINIST\u00c9RIOS P\u00daBLICOS ESTADUAL E FEDERAL, E ASSESSORIA JUR\u00cdDICAS COM VISTAS AO ACOMPANHAMENTO DE PROCESSOS JUDICIAIS E\/OU ADMINISTRATIVO, JUNTO AO TRIBUNAL DE CONTAS DO ESTADO DA PARA\u00cdBA TCE, PARA SUPRIR AS NECESSIDADES JUNTO A C\u00c2MARA MUNICIPAL DE CAMPINA GRANDE<\/td><td class=\"column-5\"><a href=\"#\"><img loading=\"lazy\" decoding=\"async\" class=\"size-full wp-image-2868 aligncenter\" src=\"https:\/\/www.camaracg.pb.gov.br\/transparencia\/wp-content\/uploads\/2023\/10\/iconPdf.png\" alt=\"\" width=\"18\" height=\"19\" \/><\/a><\/td><td class=\"column-6\"><\/td>\n<\/tr>\n<tr class=\"row-25\">\n\t<td class=\"column-1\">00002\/2025<\/td><td class=\"column-2\">Inexigibilidade (Lei N\u00ba 14.133\/2021)<\/td><td class=\"column-3\">10\/01\/2025<\/td><td class=\"column-4\">CONTRATA\u00c7\u00c3O DE EMPRESA DO RAMO PARA PRESTAR SERVI\u00c7OS DE ASSESSORIA E CONSULTORIA ESPECIALIZADA NA GEST\u00c3O DAS CONTRATA\u00c7\u00d5ES P\u00daBLICAS, JUNTO A ESTA CASA LEGISLATIVA, ESPECIALMENTE NA COMISS\u00c3O PERMANENTE DE LICITA\u00c7\u00c3O, CORRESPONDENDO INCLUSIVE, AO PLANEJAMENTO; A EMISS\u00c3O DE PARECERES; SUBSIDIO DE DEFESA DAS CAUSAS ADMINISTRATIVAS JUNTO AO TCE-PB, INERENTES AOS CERTAMES E AOS ACOMPANHAMENTOS DOS RESPECTIVOS ATOS ADMINISTRATIVOS<\/td><td class=\"column-5\"><a href=\"#\"><img loading=\"lazy\" decoding=\"async\" class=\"size-full wp-image-2868 aligncenter\" src=\"https:\/\/www.camaracg.pb.gov.br\/transparencia\/wp-content\/uploads\/2023\/10\/iconPdf.png\" alt=\"\" width=\"18\" height=\"19\" \/><\/a><\/td><td class=\"column-6\"><\/td>\n<\/tr>\n<tr class=\"row-26\">\n\t<td class=\"column-1\">00001\/2025<\/td><td class=\"column-2\">Inexigibilidade (Lei N\u00ba 14.133\/2021)<\/td><td class=\"column-3\">10\/01\/2025<\/td><td class=\"column-4\">CONTRATA\u00c7\u00c3O DE EMPRESA DO RAMO PARA PRESTAR SERVI\u00c7OS DE ASSESSORIA E CONSULTORIA ESPECIALIZADA NA GEST\u00c3O DAS CONTRATA\u00c7\u00d5ES P\u00daBLICAS, JUNTO A ESTA CASA LEGISLATIVA, ESPECIALMENTE NA COMISS\u00c3O PERMANENTE DE LICITA\u00c7\u00c3O, CORRESPONDENDO INCLUSIVE, AO PLANEJAMENTO; A EMISS\u00c3O DE PARECERES; SUBSIDIO DE DEFESA DAS CAUSAS ADMINISTRATIVAS JUNTO AO TCE-PB, INERENTES AOS CERTAMES E AOS ACOMPANHAMENTOS DOS RESPECTIVOS ATOS ADMINISTRATIVOS<\/td><td class=\"column-5\"><a href=\"#\"><img loading=\"lazy\" decoding=\"async\" class=\"size-full wp-image-2868 aligncenter\" src=\"https:\/\/www.camaracg.pb.gov.br\/transparencia\/wp-content\/uploads\/2023\/10\/iconPdf.png\" alt=\"\" width=\"18\" height=\"19\" \/><\/a><\/td><td class=\"column-6\"><\/td>\n<\/tr>\n<\/tbody>\n<\/table>\n<!-- #tablepress-173 from cache -->\n<p>Atualizado em: <strong>26 de Dezembro\u00a02025<\/strong><\/p>\n<p>Contato:\u00a0<a href=\"mailto:cpl.camara@campinagrande.pb leg.br\">cpl.camara@campinagrande.pb leg.br<\/a><\/p>\n<p>Caso n\u00e3o tenha o <strong>Adobe Reader<\/strong> instalado em sua m\u00e1quina basta realizar o download gratuitamente clicando <strong><a href=\"https:\/\/get.adobe.com\/br\/reader\" target=\"_blank\" rel=\"noopener noreferrer\">aqui<\/a><\/strong><\/p>\n<pre>A C\u00e2mara Municipal de Campina Grande tamb\u00e9m est\u00e1 no Portal da Transpar\u00eancia do Tribunal de Contas do Estado da Para\u00edba (TCE-PB), que disponibiliza, em tempo real, informa\u00e7\u00f5es pormenorizadas sobre a execu\u00e7\u00e3o Or\u00e7ament\u00e1ria e Financeira.<\/pre>\n","protected":false},"excerpt":{"rendered":"<p>Atualizado em: 26 de Dezembro\u00a02025 Contato:\u00a0cpl.camara@campinagrande.pb leg.br Caso n\u00e3o tenha o Adobe Reader instalado em sua m\u00e1quina basta realizar o download gratuitamente clicando aqui A C\u00e2mara Municipal de Campina Grande tamb\u00e9m est\u00e1 no Portal da Transpar\u00eancia do Tribunal de Contas &hellip; <a class=\"kt-excerpt-readmore\" href=\"https:\/\/www.camaracg.pb.gov.br\/transparencia\/licitacoes-2025\/\" aria-label=\"Licita\u00e7\u00f5es 2025\">leia mais<\/a><\/p>\n","protected":false},"author":5,"featured_media":2634,"comment_status":"closed","ping_status":"closed","sticky":false,"template":"","format":"standard","meta":{"footnotes":""},"categories":[35],"tags":[],"class_list":["post-3759","post","type-post","status-publish","format-standard","has-post-thumbnail","hentry","category-licitacoes-cmcg"],"aioseo_notices":[],"_links":{"self":[{"href":"https:\/\/www.camaracg.pb.gov.br\/transparencia\/wp-json\/wp\/v2\/posts\/3759","targetHints":{"allow":["GET"]}}],"collection":[{"href":"https:\/\/www.camaracg.pb.gov.br\/transparencia\/wp-json\/wp\/v2\/posts"}],"about":[{"href":"https:\/\/www.camaracg.pb.gov.br\/transparencia\/wp-json\/wp\/v2\/types\/post"}],"author":[{"embeddable":true,"href":"https:\/\/www.camaracg.pb.gov.br\/transparencia\/wp-json\/wp\/v2\/users\/5"}],"replies":[{"embeddable":true,"href":"https:\/\/www.camaracg.pb.gov.br\/transparencia\/wp-json\/wp\/v2\/comments?post=3759"}],"version-history":[{"count":9,"href":"https:\/\/www.camaracg.pb.gov.br\/transparencia\/wp-json\/wp\/v2\/posts\/3759\/revisions"}],"predecessor-version":[{"id":4447,"href":"https:\/\/www.camaracg.pb.gov.br\/transparencia\/wp-json\/wp\/v2\/posts\/3759\/revisions\/4447"}],"wp:featuredmedia":[{"embeddable":true,"href":"https:\/\/www.camaracg.pb.gov.br\/transparencia\/wp-json\/wp\/v2\/media\/2634"}],"wp:attachment":[{"href":"https:\/\/www.camaracg.pb.gov.br\/transparencia\/wp-json\/wp\/v2\/media?parent=3759"}],"wp:term":[{"taxonomy":"category","embeddable":true,"href":"https:\/\/www.camaracg.pb.gov.br\/transparencia\/wp-json\/wp\/v2\/categories?post=3759"},{"taxonomy":"post_tag","embeddable":true,"href":"https:\/\/www.camaracg.pb.gov.br\/transparencia\/wp-json\/wp\/v2\/tags?post=3759"}],"curies":[{"name":"wp","href":"https:\/\/api.w.org\/{rel}","templated":true}]}}